{"id":6634,"date":"2025-03-22T16:22:02","date_gmt":"2025-03-22T19:22:02","guid":{"rendered":"https:\/\/www.koncevisiontv.cl\/web\/?p=6634"},"modified":"2025-03-22T16:22:04","modified_gmt":"2025-03-22T19:22:04","slug":"penco-tecnologia-seguridad-recuperacion","status":"publish","type":"post","link":"https:\/\/www.koncevisiontv.cl\/web\/penco-tecnologia-seguridad-recuperacion\/","title":{"rendered":"Penco Lidera con Tecnolog\u00eda Innovadora para Erradicar el Robo de Veh\u00edculos"},"content":{"rendered":"\n<p class=\"wp-block-paragraph\">La <strong>Municipalidad de Penco <\/strong>ha dado un paso adelante en seguridad al incorporar un sistema avanzado basado en <strong>inteligencia artificial (IA) <\/strong>, dise\u00f1ado para identificar veh\u00edculos robados o irregulares en tiempo real. Durante su primer d\u00eda en funcionamiento, el sistema escane\u00f3 mil veh\u00edculos sin detectar incidentes, consolidando su potencial como herramienta clave en la lucha contra el delito.<\/p>\n\n\n\n<hr class=\"wp-block-separator has-alpha-channel-opacity\"\/>\n\n\n\n<h3 class=\"wp-block-heading\"><strong>Una Nueva Era en la Prevenci\u00f3n del Delito<\/strong><\/h3>\n\n\n\n<p class=\"wp-block-paragraph\">Este sistema utiliza c\u00e1maras estrat\u00e9gicamente ubicadas que analizan las patentes de los veh\u00edculos en circulaci\u00f3n. Gracias a una base de datos actualizada en tiempo real, permite detectar autos robados, clonados u otros problemas legales en menos de <strong>10 segundos <\/strong>, alertando inmediatamente a las autoridades competentes.<\/p>\n\n\n\n<blockquote class=\"wp-block-quote is-layout-flow wp-block-quote-is-layout-flow\">\n<p class=\"wp-block-paragraph\">&#8220;Esta tecnolog\u00eda no solo protege a los conductores afectados por autos clonados, sino que tambi\u00e9n ayuda a recuperar veh\u00edculos robados r\u00e1pidamente&#8221;, se\u00f1al\u00f3 el alcalde de Penco, <strong>Rodrigo Vera <\/strong>.<\/p>\n<\/blockquote>\n\n\n\n<p class=\"wp-block-paragraph\">El sistema aborda una problem\u00e1tica recurrente en la comuna: los <strong>autos falsificados <\/strong>, que han afectado a conductores inocentes con multas por infracciones que nunca cometieron.<\/p>\n\n\n\n<hr class=\"wp-block-separator has-alpha-channel-opacity\"\/>\n\n\n\n<h3 class=\"wp-block-heading\"><strong>Un Impacto Positivo en la Comunidad<\/strong><\/h3>\n\n\n\n<p class=\"wp-block-paragraph\">La implementaci\u00f3n de esta tecnolog\u00eda ha sido recibida con entusiasmo por los vecinos, quienes valoran el compromiso municipal por mejorar la seguridad en sus barrios. Adem\u00e1s, refuerza la colaboraci\u00f3n entre la municipalidad, Carabineros y la Asociaci\u00f3n de Aseguradores de Chile.<\/p>\n\n\n\n<p class=\"wp-block-paragraph\">Seg\u00fan el gerente de la <strong>Asociaci\u00f3n de Aseguradores de Chile <\/strong>, <strong>Diego Rojo <\/strong>, los resultados han sido impresionantes desde su implementaci\u00f3n en otras comunas:<\/p>\n\n\n\n<blockquote class=\"wp-block-quote is-layout-flow wp-block-quote-is-layout-flow\">\n<p class=\"wp-block-paragraph\">&#8220;En el primer a\u00f1o logramos recuperar <strong>500 veh\u00edculos <\/strong>. Para 2024, esa cifra aument\u00f3 a <strong>2.100 autos <\/strong>, de los cuales el <strong>85% no estaban asegurados <\/strong>. Esto demuestra c\u00f3mo esta tecnolog\u00eda beneficia a todos, no solo a quienes tienen seguros.&#8221;<\/p>\n<\/blockquote>\n\n\n\n<hr class=\"wp-block-separator has-alpha-channel-opacity\"\/>\n\n\n\n<h3 class=\"wp-block-heading\"><strong>C\u00f3mo Funciona Esta Innovaci\u00f3n<\/strong><\/h3>\n\n\n\n<p class=\"wp-block-paragraph\">El mecanismo es sencillo pero altamente efectivo:<\/p>\n\n\n\n<ol start=\"1\" class=\"wp-block-list\">\n<li>Las c\u00e1maras escanean las patentes de los veh\u00edculos en movimiento.<\/li>\n\n\n\n<li>La IA compara estas patentes con una base de datos centralizada.<\/li>\n\n\n\n<li>Si detecta irregularidades, emite una alerta en tiempo real a inspectores municipales y Carabineros.<\/li>\n\n\n\n<li>Todo el proceso toma menos de <strong>10 segundos <\/strong>, garantizando una respuesta r\u00e1pida y eficiente.<\/li>\n<\/ol>\n\n\n\n<hr class=\"wp-block-separator has-alpha-channel-opacity\"\/>\n\n\n\n<h3 class=\"wp-block-heading\"><strong>Reconocimiento Nacional<\/strong><\/h3>\n\n\n\n<p class=\"wp-block-paragraph\">La coordinadora macrocomunal de la <strong>Subsecretar\u00eda de Prevenci\u00f3n del Delito <\/strong>, <strong>Mar\u00eda \u00c1ngela Bravo <\/strong>, destac\u00f3 el esfuerzo de Penco:<\/p>\n\n\n\n<blockquote class=\"wp-block-quote is-layout-flow wp-block-quote-is-layout-flow\">\n<p class=\"wp-block-paragraph\">&#8220;Esta iniciativa forma parte de un plan integral de seguridad que incluye la reactivaci\u00f3n de la mesa comunal y el desarrollo de estrategias preventivas. Sin duda, ser\u00e1 un ejemplo para otras comunas.&#8221;<\/p>\n<\/blockquote>\n\n\n\n<p class=\"wp-block-paragraph\">Con esta tecnolog\u00eda, Penco se une a una red nacional que ha recuperado miles de veh\u00edculos robados en los \u00faltimos a\u00f1os, marcando un hito en la modernizaci\u00f3n de la seguridad p\u00fablica.<\/p>\n\n\n\n<p class=\"wp-block-paragraph\"><\/p>\n","protected":false},"excerpt":{"rendered":"<p>La Municipalidad de Penco ha dado un paso adelante en seguridad al incorporar un sistema avanzado basado en<\/p>\n","protected":false},"author":5,"featured_media":6635,"comment_status":"open","ping_status":"open","sticky":false,"template":"","format":"standard","meta":{"_crdt_document":"","_uag_custom_page_level_css":"","_sitemap_exclude":false,"_sitemap_priority":"","_sitemap_frequency":"","_joinchat":[],"footnotes":""},"categories":[14],"tags":[],"class_list":["post-6634","post","type-post","status-publish","format-standard","has-post-thumbnail","hentry","category-nacional"],"featured_image_urls":{"full":["https:\/\/www.koncevisiontv.cl\/web\/wp-content\/uploads\/2025\/03\/foto-cedida-municipalidad-de-penco-1200x630-1.jpg",1200,630,false],"thumbnail":["https:\/\/www.koncevisiontv.cl\/web\/wp-content\/uploads\/2025\/03\/foto-cedida-municipalidad-de-penco-1200x630-1-150x150.jpg",150,150,true],"medium":["https:\/\/www.koncevisiontv.cl\/web\/wp-content\/uploads\/2025\/03\/foto-cedida-municipalidad-de-penco-1200x630-1-300x158.jpg",300,158,true],"medium_large":["https:\/\/www.koncevisiontv.cl\/web\/wp-content\/uploads\/2025\/03\/foto-cedida-municipalidad-de-penco-1200x630-1-768x403.jpg",640,336,true],"large":["https:\/\/www.koncevisiontv.cl\/web\/wp-content\/uploads\/2025\/03\/foto-cedida-municipalidad-de-penco-1200x630-1-1024x538.jpg",640,336,true],"1536x1536":["https:\/\/www.koncevisiontv.cl\/web\/wp-content\/uploads\/2025\/03\/foto-cedida-municipalidad-de-penco-1200x630-1.jpg",1200,630,false],"2048x2048":["https:\/\/www.koncevisiontv.cl\/web\/wp-content\/uploads\/2025\/03\/foto-cedida-municipalidad-de-penco-1200x630-1.jpg",1200,630,false],"darknews-featured":["https:\/\/www.koncevisiontv.cl\/web\/wp-content\/uploads\/2025\/03\/foto-cedida-municipalidad-de-penco-1200x630-1-1024x538.jpg",1024,538,true],"darknews-large":["https:\/\/www.koncevisiontv.cl\/web\/wp-content\/uploads\/2025\/03\/foto-cedida-municipalidad-de-penco-1200x630-1-825x575.jpg",825,575,true],"darknews-medium":["https:\/\/www.koncevisiontv.cl\/web\/wp-content\/uploads\/2025\/03\/foto-cedida-municipalidad-de-penco-1200x630-1-590x410.jpg",590,410,true]},"author_info":{"info":["Web-Master"]},"category_info":"<a href=\"https:\/\/www.koncevisiontv.cl\/web\/category\/nacional\/\" rel=\"category tag\">Nacional<\/a>","tag_info":"Nacional","comment_count":"0","uagb_featured_image_src":{"full":["https:\/\/www.koncevisiontv.cl\/web\/wp-content\/uploads\/2025\/03\/foto-cedida-municipalidad-de-penco-1200x630-1.jpg",1200,630,false],"thumbnail":["https:\/\/www.koncevisiontv.cl\/web\/wp-content\/uploads\/2025\/03\/foto-cedida-municipalidad-de-penco-1200x630-1-150x150.jpg",150,150,true],"medium":["https:\/\/www.koncevisiontv.cl\/web\/wp-content\/uploads\/2025\/03\/foto-cedida-municipalidad-de-penco-1200x630-1-300x158.jpg",300,158,true],"medium_large":["https:\/\/www.koncevisiontv.cl\/web\/wp-content\/uploads\/2025\/03\/foto-cedida-municipalidad-de-penco-1200x630-1-768x403.jpg",640,336,true],"large":["https:\/\/www.koncevisiontv.cl\/web\/wp-content\/uploads\/2025\/03\/foto-cedida-municipalidad-de-penco-1200x630-1-1024x538.jpg",640,336,true],"1536x1536":["https:\/\/www.koncevisiontv.cl\/web\/wp-content\/uploads\/2025\/03\/foto-cedida-municipalidad-de-penco-1200x630-1.jpg",1200,630,false],"2048x2048":["https:\/\/www.koncevisiontv.cl\/web\/wp-content\/uploads\/2025\/03\/foto-cedida-municipalidad-de-penco-1200x630-1.jpg",1200,630,false],"darknews-featured":["https:\/\/www.koncevisiontv.cl\/web\/wp-content\/uploads\/2025\/03\/foto-cedida-municipalidad-de-penco-1200x630-1-1024x538.jpg",1024,538,true],"darknews-large":["https:\/\/www.koncevisiontv.cl\/web\/wp-content\/uploads\/2025\/03\/foto-cedida-municipalidad-de-penco-1200x630-1-825x575.jpg",825,575,true],"darknews-medium":["https:\/\/www.koncevisiontv.cl\/web\/wp-content\/uploads\/2025\/03\/foto-cedida-municipalidad-de-penco-1200x630-1-590x410.jpg",590,410,true]},"uagb_author_info":{"display_name":"Web-Master","author_link":"https:\/\/www.koncevisiontv.cl\/web\/author\/koncevision\/"},"uagb_comment_info":0,"uagb_excerpt":"La Municipalidad de Penco ha dado un paso adelante en seguridad al incorporar un sistema avanzado basado en","_links":{"self":[{"href":"https:\/\/www.koncevisiontv.cl\/web\/wp-json\/wp\/v2\/posts\/6634","targetHints":{"allow":["GET"]}}],"collection":[{"href":"https:\/\/www.koncevisiontv.cl\/web\/wp-json\/wp\/v2\/posts"}],"about":[{"href":"https:\/\/www.koncevisiontv.cl\/web\/wp-json\/wp\/v2\/types\/post"}],"author":[{"embeddable":true,"href":"https:\/\/www.koncevisiontv.cl\/web\/wp-json\/wp\/v2\/users\/5"}],"replies":[{"embeddable":true,"href":"https:\/\/www.koncevisiontv.cl\/web\/wp-json\/wp\/v2\/comments?post=6634"}],"version-history":[{"count":1,"href":"https:\/\/www.koncevisiontv.cl\/web\/wp-json\/wp\/v2\/posts\/6634\/revisions"}],"predecessor-version":[{"id":6636,"href":"https:\/\/www.koncevisiontv.cl\/web\/wp-json\/wp\/v2\/posts\/6634\/revisions\/6636"}],"wp:featuredmedia":[{"embeddable":true,"href":"https:\/\/www.koncevisiontv.cl\/web\/wp-json\/wp\/v2\/media\/6635"}],"wp:attachment":[{"href":"https:\/\/www.koncevisiontv.cl\/web\/wp-json\/wp\/v2\/media?parent=6634"}],"wp:term":[{"taxonomy":"category","embeddable":true,"href":"https:\/\/www.koncevisiontv.cl\/web\/wp-json\/wp\/v2\/categories?post=6634"},{"taxonomy":"post_tag","embeddable":true,"href":"https:\/\/www.koncevisiontv.cl\/web\/wp-json\/wp\/v2\/tags?post=6634"}],"curies":[{"name":"wp","href":"https:\/\/api.w.org\/{rel}","templated":true}]}}