{"id":6647,"date":"2025-03-24T15:34:25","date_gmt":"2025-03-24T18:34:25","guid":{"rendered":"https:\/\/www.koncevisiontv.cl\/web\/?p=6647"},"modified":"2025-03-24T15:34:28","modified_gmt":"2025-03-24T18:34:28","slug":"boric-trump-proteccionismo-tratados-comerciales","status":"publish","type":"post","link":"https:\/\/www.koncevisiontv.cl\/web\/boric-trump-proteccionismo-tratados-comerciales\/","title":{"rendered":"Chile Fortalece Alianzas Globales: Boric Enfrenta Discurso Proteccionista de Trump con 65 Tratados Comerciales"},"content":{"rendered":"\n<p class=\"wp-block-paragraph\">El presidente <strong>Gabriel Boric <\/strong>destac\u00f3 este lunes la importancia de la diversificaci\u00f3n comercial y la integraci\u00f3n global para enfrentar el discurso proteccionista liderado por pa\u00edses como Estados Unidos bajo la presidencia de <strong>Donald Trump <\/strong>. Durante su intervenci\u00f3n en un foro de inversi\u00f3n en energ\u00edas verdes organizado por el Gobierno chileno y el <strong>Banco Interamericano de Desarrollo (BID) <\/strong>, Boric subray\u00f3 que Chile cuenta con tratados comerciales con <strong>65 econom\u00edas del mundo <\/strong>, lo que refleja su apuesta por una pol\u00edtica de apertura y colaboraci\u00f3n internacional.<\/p>\n\n\n\n<hr class=\"wp-block-separator has-alpha-channel-opacity\"\/>\n\n\n\n<h3 class=\"wp-block-heading\"><strong>Un Llamado a la Colaboraci\u00f3n Global<\/strong><\/h3>\n\n\n\n<p class=\"wp-block-paragraph\">En un contexto marcado por tensiones econ\u00f3micas globales y el ascenso del proteccionismo, Boric inst\u00f3 a la regi\u00f3n a profundizar la cooperaci\u00f3n internacional frente a las pol\u00edticas que promueven el cierre de fronteras:<\/p>\n\n\n\n<blockquote class=\"wp-block-quote is-layout-flow wp-block-quote-is-layout-flow\">\n<p class=\"wp-block-paragraph\">\u201cEn estos momentos convulsos de la econom\u00eda mundial, donde algunos apuestan por el proteccionismo y cerrar sus fronteras, nosotros decimos que no. Necesitamos m\u00e1s colaboraci\u00f3n\u201d, afirm\u00f3 el Mandatario.<\/p>\n<\/blockquote>\n\n\n\n<p class=\"wp-block-paragraph\">El presidente destac\u00f3 que Chile est\u00e1 trabajando activamente para reducir dependencias comerciales clave, como las relacionadas con el cobre, uno de los pilares de la econom\u00eda nacional. Adem\u00e1s, anunci\u00f3 que viajar\u00e1 pr\u00f3ximamente a <strong>India <\/strong>y <strong>Jap\u00f3n <\/strong>para explorar nuevas oportunidades de mercado.<\/p>\n\n\n\n<hr class=\"wp-block-separator has-alpha-channel-opacity\"\/>\n\n\n\n<h3 class=\"wp-block-heading\"><strong>La Amenaza de los Aranceles de Trump al Cobre Chileno<\/strong><\/h3>\n\n\n\n<p class=\"wp-block-paragraph\">Una de las principales preocupaciones para Chile es la posible imposici\u00f3n de aranceles al cobre por parte de Estados Unidos. El presidente estadounidense, Donald Trump, inici\u00f3 en febrero una investigaci\u00f3n para evaluar si la alta dependencia de las importaciones de cobre representa un riesgo para la seguridad nacional de su pa\u00eds. De concretarse restricciones, estas podr\u00edan impactar significativamente las exportaciones chilenas, que representan una parte crucial del PIB nacional.<\/p>\n\n\n\n<p class=\"wp-block-paragraph\">A pesar de esta amenaza, Boric asegur\u00f3 que Chile tiene las herramientas necesarias para enfrentar desaf\u00edos externos gracias a su red de acuerdos comerciales y su compromiso con la estabilidad econ\u00f3mica.<\/p>\n\n\n\n<blockquote class=\"wp-block-quote is-layout-flow wp-block-quote-is-layout-flow\">\n<p class=\"wp-block-paragraph\">\u201cEsa es la l\u00ednea pol\u00edtica de Chile: integraci\u00f3n con el mundo y autonom\u00eda estrat\u00e9gica\u201d, enfatiz\u00f3 el presidente durante el foro.<\/p>\n<\/blockquote>\n\n\n\n<hr class=\"wp-block-separator has-alpha-channel-opacity\"\/>\n\n\n\n<h3 class=\"wp-block-heading\"><strong>Un Pa\u00eds con Reglas Claras para Inversores<\/strong><\/h3>\n\n\n\n<p class=\"wp-block-paragraph\">En su discurso, Boric tambi\u00e9n destac\u00f3 las ventajas competitivas de Chile para atraer inversiones extranjeras. Subray\u00f3 que el pa\u00eds ofrece certezas a los inversores debido a su marco regulatorio estable, incentivos a la innovaci\u00f3n y alianzas p\u00fablico-privadas.<\/p>\n\n\n\n<blockquote class=\"wp-block-quote is-layout-flow wp-block-quote-is-layout-flow\">\n<p class=\"wp-block-paragraph\">\u201cEn Chile no se funciona ni por Twitter, ni cambiando las reglas de un d\u00eda para otro. Aqu\u00ed trabajamos con una visi\u00f3n a largo plazo, cuidando las instituciones que tenemos para sacar adelante un desarrollo sostenible\u201d, declar\u00f3.<\/p>\n<\/blockquote>\n\n\n\n<p class=\"wp-block-paragraph\">El mandatario reiter\u00f3 su compromiso con un crecimiento econ\u00f3mico inclusivo y sostenible, se\u00f1alando que el objetivo es superar las cifras actuales de expansi\u00f3n econ\u00f3mica. Seg\u00fan datos del <strong>Banco Central <\/strong>, el PIB de Chile creci\u00f3 un <strong>2,6% en 2024 <\/strong>, impulsado principalmente por las exportaciones.<\/p>\n\n\n\n<blockquote class=\"wp-block-quote is-layout-flow wp-block-quote-is-layout-flow\">\n<p class=\"wp-block-paragraph\">\u201cNo me conformo con ese 2,6%. Creo que Chile puede m\u00e1s, y tenemos que volver a acercarnos a cifras del 4% para arriba\u201d, concluy\u00f3 Boric.<\/p>\n<\/blockquote>\n","protected":false},"excerpt":{"rendered":"<p>El presidente Gabriel Boric destac\u00f3 este lunes la importancia de la diversificaci\u00f3n comercial y la integraci\u00f3n global para<\/p>\n","protected":false},"author":5,"featured_media":6648,"comment_status":"open","ping_status":"open","sticky":false,"template":"","format":"standard","meta":{"_crdt_document":"","_uag_custom_page_level_css":"","_sitemap_exclude":false,"_sitemap_priority":"","_sitemap_frequency":"","_joinchat":[],"footnotes":""},"categories":[161],"tags":[],"class_list":["post-6647","post","type-post","status-publish","format-standard","has-post-thumbnail","hentry","category-internacional"],"featured_image_urls":{"full":["https:\/\/www.koncevisiontv.cl\/web\/wp-content\/uploads\/2025\/03\/Gabriel-Boric-2.jpg",1920,1080,false],"thumbnail":["https:\/\/www.koncevisiontv.cl\/web\/wp-content\/uploads\/2025\/03\/Gabriel-Boric-2-150x150.jpg",150,150,true],"medium":["https:\/\/www.koncevisiontv.cl\/web\/wp-content\/uploads\/2025\/03\/Gabriel-Boric-2-300x169.jpg",300,169,true],"medium_large":["https:\/\/www.koncevisiontv.cl\/web\/wp-content\/uploads\/2025\/03\/Gabriel-Boric-2-768x432.jpg",640,360,true],"large":["https:\/\/www.koncevisiontv.cl\/web\/wp-content\/uploads\/2025\/03\/Gabriel-Boric-2-1024x576.jpg",640,360,true],"1536x1536":["https:\/\/www.koncevisiontv.cl\/web\/wp-content\/uploads\/2025\/03\/Gabriel-Boric-2-1536x864.jpg",1536,864,true],"2048x2048":["https:\/\/www.koncevisiontv.cl\/web\/wp-content\/uploads\/2025\/03\/Gabriel-Boric-2.jpg",1920,1080,false],"darknews-featured":["https:\/\/www.koncevisiontv.cl\/web\/wp-content\/uploads\/2025\/03\/Gabriel-Boric-2-1024x576.jpg",1024,576,true],"darknews-large":["https:\/\/www.koncevisiontv.cl\/web\/wp-content\/uploads\/2025\/03\/Gabriel-Boric-2-825x575.jpg",825,575,true],"darknews-medium":["https:\/\/www.koncevisiontv.cl\/web\/wp-content\/uploads\/2025\/03\/Gabriel-Boric-2-590x410.jpg",590,410,true]},"author_info":{"info":["Web-Master"]},"category_info":"<a href=\"https:\/\/www.koncevisiontv.cl\/web\/category\/internacional\/\" rel=\"category tag\">Internacional<\/a>","tag_info":"Internacional","comment_count":"0","uagb_featured_image_src":{"full":["https:\/\/www.koncevisiontv.cl\/web\/wp-content\/uploads\/2025\/03\/Gabriel-Boric-2.jpg",1920,1080,false],"thumbnail":["https:\/\/www.koncevisiontv.cl\/web\/wp-content\/uploads\/2025\/03\/Gabriel-Boric-2-150x150.jpg",150,150,true],"medium":["https:\/\/www.koncevisiontv.cl\/web\/wp-content\/uploads\/2025\/03\/Gabriel-Boric-2-300x169.jpg",300,169,true],"medium_large":["https:\/\/www.koncevisiontv.cl\/web\/wp-content\/uploads\/2025\/03\/Gabriel-Boric-2-768x432.jpg",640,360,true],"large":["https:\/\/www.koncevisiontv.cl\/web\/wp-content\/uploads\/2025\/03\/Gabriel-Boric-2-1024x576.jpg",640,360,true],"1536x1536":["https:\/\/www.koncevisiontv.cl\/web\/wp-content\/uploads\/2025\/03\/Gabriel-Boric-2-1536x864.jpg",1536,864,true],"2048x2048":["https:\/\/www.koncevisiontv.cl\/web\/wp-content\/uploads\/2025\/03\/Gabriel-Boric-2.jpg",1920,1080,false],"darknews-featured":["https:\/\/www.koncevisiontv.cl\/web\/wp-content\/uploads\/2025\/03\/Gabriel-Boric-2-1024x576.jpg",1024,576,true],"darknews-large":["https:\/\/www.koncevisiontv.cl\/web\/wp-content\/uploads\/2025\/03\/Gabriel-Boric-2-825x575.jpg",825,575,true],"darknews-medium":["https:\/\/www.koncevisiontv.cl\/web\/wp-content\/uploads\/2025\/03\/Gabriel-Boric-2-590x410.jpg",590,410,true]},"uagb_author_info":{"display_name":"Web-Master","author_link":"https:\/\/www.koncevisiontv.cl\/web\/author\/koncevision\/"},"uagb_comment_info":0,"uagb_excerpt":"El presidente Gabriel Boric destac\u00f3 este lunes la importancia de la diversificaci\u00f3n comercial y la integraci\u00f3n global para","_links":{"self":[{"href":"https:\/\/www.koncevisiontv.cl\/web\/wp-json\/wp\/v2\/posts\/6647","targetHints":{"allow":["GET"]}}],"collection":[{"href":"https:\/\/www.koncevisiontv.cl\/web\/wp-json\/wp\/v2\/posts"}],"about":[{"href":"https:\/\/www.koncevisiontv.cl\/web\/wp-json\/wp\/v2\/types\/post"}],"author":[{"embeddable":true,"href":"https:\/\/www.koncevisiontv.cl\/web\/wp-json\/wp\/v2\/users\/5"}],"replies":[{"embeddable":true,"href":"https:\/\/www.koncevisiontv.cl\/web\/wp-json\/wp\/v2\/comments?post=6647"}],"version-history":[{"count":1,"href":"https:\/\/www.koncevisiontv.cl\/web\/wp-json\/wp\/v2\/posts\/6647\/revisions"}],"predecessor-version":[{"id":6649,"href":"https:\/\/www.koncevisiontv.cl\/web\/wp-json\/wp\/v2\/posts\/6647\/revisions\/6649"}],"wp:featuredmedia":[{"embeddable":true,"href":"https:\/\/www.koncevisiontv.cl\/web\/wp-json\/wp\/v2\/media\/6648"}],"wp:attachment":[{"href":"https:\/\/www.koncevisiontv.cl\/web\/wp-json\/wp\/v2\/media?parent=6647"}],"wp:term":[{"taxonomy":"category","embeddable":true,"href":"https:\/\/www.koncevisiontv.cl\/web\/wp-json\/wp\/v2\/categories?post=6647"},{"taxonomy":"post_tag","embeddable":true,"href":"https:\/\/www.koncevisiontv.cl\/web\/wp-json\/wp\/v2\/tags?post=6647"}],"curies":[{"name":"wp","href":"https:\/\/api.w.org\/{rel}","templated":true}]}}