{"id":6741,"date":"2025-03-26T15:41:26","date_gmt":"2025-03-26T18:41:26","guid":{"rendered":"https:\/\/www.koncevisiontv.cl\/web\/?p=6741"},"modified":"2025-03-26T15:42:08","modified_gmt":"2025-03-26T18:42:08","slug":"fallo-cathy-barriga-uso-imagen","status":"publish","type":"post","link":"https:\/\/www.koncevisiontv.cl\/web\/fallo-cathy-barriga-uso-imagen\/","title":{"rendered":"Gigantograf\u00edas y Fotos Clave: El Fallo que Complica a Cathy Barriga por Uso de su Imagen y Abandono de Deberes"},"content":{"rendered":"\n<div class=\"wp-block-uagb-advanced-heading uagb-block-ee1545e2\"><h2 class=\"uagb-heading-text\">El Fallo que Complica a Cathy Barriga <\/h2><\/div>\n\n\n\n<p class=\"wp-block-paragraph\">El Primer Tribunal Electoral de la Regi\u00f3n Metropolitana dictamin\u00f3 una sentencia que inhabilita a la exalcaldesa de Maip\u00fa, <strong>Cathy Barriga <\/strong>, para ejercer cualquier cargo p\u00fablico durante cinco a\u00f1os. La resoluci\u00f3n se basa en irregularidades administrativas, entre ellas el uso excesivo de su imagen en actividades municipales y el incumplimiento de acuerdos adoptados por el concejo municipal.<\/p>\n\n\n\n<hr class=\"wp-block-separator has-alpha-channel-opacity\"\/>\n\n\n\n<h3 class=\"wp-block-heading\"><strong>El Fallo<\/strong><\/h3>\n\n\n\n<p class=\"wp-block-paragraph\">El tribunal determin\u00f3 que la exchica Mekano incurri\u00f3 en acciones y omisiones que afectan la <strong>probidad administrativa <\/strong>y representan un &#8220;notable abandono de deberes&#8221;. Aunque puede apelar la sentencia, este fallo pone fin a su carrera pol\u00edtica por los pr\u00f3ximos cinco a\u00f1os si no logra revertirlo.<\/p>\n\n\n\n<p class=\"wp-block-paragraph\">Uno de los puntos m\u00e1s destacados del dictamen es el uso reiterado e injustificado de su imagen en diversos programas municipales. Seg\u00fan el fallo, esta pr\u00e1ctica no solo viol\u00f3 normas \u00e9ticas y administrativas, sino que tambi\u00e9n desvi\u00f3 recursos p\u00fablicos para fines personales.<\/p>\n\n\n\n<hr class=\"wp-block-separator has-alpha-channel-opacity\"\/>\n\n\n\n<h3 class=\"wp-block-heading\"><strong>Uso Excesivo de su Imagen<\/strong><\/h3>\n\n\n\n<p class=\"wp-block-paragraph\">El tribunal detall\u00f3 c\u00f3mo durante los dos primeros a\u00f1os de su gesti\u00f3n, el Departamento de Marketing del municipio promovi\u00f3 masivamente productos comunicacionales que inclu\u00edan im\u00e1genes de Barriga. Estas aparec\u00edan en gigantograf\u00edas, fotograf\u00edas y materiales promocionales vinculados a programas como <strong>Fuerza de Mujer <\/strong>, la <strong>Cl\u00ednica Veterinaria Municipal <\/strong>y la <strong>Granja Alimentaria <\/strong>.<\/p>\n\n\n\n<p class=\"wp-block-paragraph\">El fallo se\u00f1ala que estas acciones no buscaban informar a la comunidad sobre el funcionamiento del municipio, sino promover su figura personal con &#8220;tozudez y contumacia&#8221;, incluso despu\u00e9s de recibir advertencias de la Contralor\u00eda.<\/p>\n\n\n\n<blockquote class=\"wp-block-quote is-layout-flow wp-block-quote-is-layout-flow\">\n<p class=\"wp-block-paragraph\">\u201cEstos sentenciadores no pueden sino concluir que la verdadera intenci\u00f3n tras su actuar no consist\u00eda en dar a conocer a la comunidad el cumplimiento de sus funciones, sino que, por el contrario, promocionar con exageraci\u00f3n su nombre e imagen con un fin personal ajeno al quehacer municipal\u201d.<\/p>\n<\/blockquote>\n\n\n\n<p class=\"wp-block-paragraph\">Adem\u00e1s, se subray\u00f3 que se utilizaron recursos municipales, como personal y equipos, para estos fines, lo que fue considerado un grave incumplimiento \u00e9tico.<\/p>\n\n\n\n<hr class=\"wp-block-separator has-alpha-channel-opacity\"\/>\n\n\n\n<h3 class=\"wp-block-heading\"><strong>Incumplimiento de Acuerdos Municipales<\/strong><\/h3>\n\n\n\n<p class=\"wp-block-paragraph\">Otro punto clave del fallo es el incumplimiento de acuerdos adoptados por el concejo municipal. Por ejemplo, Barriga no ejecut\u00f3 una auditor\u00eda externa para evaluar la ejecuci\u00f3n presupuestaria y el estado financiero del municipio en 2017, tal como se hab\u00eda acordado.<\/p>\n\n\n\n<p class=\"wp-block-paragraph\">El tribunal fue enf\u00e1tico en se\u00f1alar que este accionar contraven\u00eda la Constituci\u00f3n y las normas que regulan el funcionamiento municipal.<\/p>\n\n\n\n<blockquote class=\"wp-block-quote is-layout-flow wp-block-quote-is-layout-flow\">\n<p class=\"wp-block-paragraph\">\u201cSe neg\u00f3 de modo arbitrario y antojadizo a contratar por su intermedio la auditor\u00eda externa que evaluara la ejecuci\u00f3n presupuestaria y el estado de situaci\u00f3n financiera del municipio durante el a\u00f1o 2017\u201d.<\/p>\n<\/blockquote>\n\n\n\n<p class=\"wp-block-paragraph\">Este comportamiento fue calificado como una infracci\u00f3n &#8220;inexcusable, manifiesta y reiterada&#8221; a sus obligaciones como alcaldesa.<\/p>\n\n\n\n<hr class=\"wp-block-separator has-alpha-channel-opacity\"\/>\n\n\n\n<h3 class=\"wp-block-heading\"><strong>Consecuencias del Fallo<\/strong><\/h3>\n\n\n\n<p class=\"wp-block-paragraph\">La sentencia concluye que Cathy Barriga queda <strong>inhabilitada para ejercer cualquier cargo p\u00fablico por cinco a\u00f1os <\/strong>, a partir de que la resoluci\u00f3n quede firme. Esto la excluye de participar en elecciones o asumir cargos de representaci\u00f3n p\u00fablica durante ese per\u00edodo.<\/p>\n\n\n\n<p class=\"wp-block-paragraph\">Aunque su defensa a\u00fan puede apelar, el fallo representa un duro golpe para su carrera pol\u00edtica, especialmente en un contexto donde su figura ha sido objeto de debate tanto por sus logros como por sus controversias.<\/p>\n","protected":false},"excerpt":{"rendered":"<p>El Fallo que Complica a Cathy Barriga El Primer Tribunal Electoral de la Regi\u00f3n Metropolitana dictamin\u00f3 una sentencia<\/p>\n","protected":false},"author":5,"featured_media":6742,"comment_status":"open","ping_status":"open","sticky":false,"template":"","format":"standard","meta":{"_crdt_document":"","_uag_custom_page_level_css":"","_sitemap_exclude":false,"_sitemap_priority":"","_sitemap_frequency":"","_joinchat":[],"footnotes":""},"categories":[425],"tags":[],"class_list":["post-6741","post","type-post","status-publish","format-standard","has-post-thumbnail","hentry","category-cathy-barriga"],"featured_image_urls":{"full":["https:\/\/www.koncevisiontv.cl\/web\/wp-content\/uploads\/2025\/03\/JXEFU7BF3JGYTI2AKSIMTUABEE.avif",700,467,false],"thumbnail":["https:\/\/www.koncevisiontv.cl\/web\/wp-content\/uploads\/2025\/03\/JXEFU7BF3JGYTI2AKSIMTUABEE-150x150.avif",150,150,true],"medium":["https:\/\/www.koncevisiontv.cl\/web\/wp-content\/uploads\/2025\/03\/JXEFU7BF3JGYTI2AKSIMTUABEE-300x200.avif",300,200,true],"medium_large":["https:\/\/www.koncevisiontv.cl\/web\/wp-content\/uploads\/2025\/03\/JXEFU7BF3JGYTI2AKSIMTUABEE.avif",640,427,false],"large":["https:\/\/www.koncevisiontv.cl\/web\/wp-content\/uploads\/2025\/03\/JXEFU7BF3JGYTI2AKSIMTUABEE.avif",640,427,false],"1536x1536":["https:\/\/www.koncevisiontv.cl\/web\/wp-content\/uploads\/2025\/03\/JXEFU7BF3JGYTI2AKSIMTUABEE.avif",700,467,false],"2048x2048":["https:\/\/www.koncevisiontv.cl\/web\/wp-content\/uploads\/2025\/03\/JXEFU7BF3JGYTI2AKSIMTUABEE.avif",700,467,false],"darknews-featured":["https:\/\/www.koncevisiontv.cl\/web\/wp-content\/uploads\/2025\/03\/JXEFU7BF3JGYTI2AKSIMTUABEE.avif",700,467,false],"darknews-large":["https:\/\/www.koncevisiontv.cl\/web\/wp-content\/uploads\/2025\/03\/JXEFU7BF3JGYTI2AKSIMTUABEE.avif",700,467,false],"darknews-medium":["https:\/\/www.koncevisiontv.cl\/web\/wp-content\/uploads\/2025\/03\/JXEFU7BF3JGYTI2AKSIMTUABEE-590x410.avif",590,410,true]},"author_info":{"info":["Web-Master"]},"category_info":"<a href=\"https:\/\/www.koncevisiontv.cl\/web\/category\/cathy-barriga\/\" rel=\"category tag\">Cathy Barriga<\/a>","tag_info":"Cathy Barriga","comment_count":"0","uagb_featured_image_src":{"full":["https:\/\/www.koncevisiontv.cl\/web\/wp-content\/uploads\/2025\/03\/JXEFU7BF3JGYTI2AKSIMTUABEE.avif",700,467,false],"thumbnail":["https:\/\/www.koncevisiontv.cl\/web\/wp-content\/uploads\/2025\/03\/JXEFU7BF3JGYTI2AKSIMTUABEE-150x150.avif",150,150,true],"medium":["https:\/\/www.koncevisiontv.cl\/web\/wp-content\/uploads\/2025\/03\/JXEFU7BF3JGYTI2AKSIMTUABEE-300x200.avif",300,200,true],"medium_large":["https:\/\/www.koncevisiontv.cl\/web\/wp-content\/uploads\/2025\/03\/JXEFU7BF3JGYTI2AKSIMTUABEE.avif",640,427,false],"large":["https:\/\/www.koncevisiontv.cl\/web\/wp-content\/uploads\/2025\/03\/JXEFU7BF3JGYTI2AKSIMTUABEE.avif",640,427,false],"1536x1536":["https:\/\/www.koncevisiontv.cl\/web\/wp-content\/uploads\/2025\/03\/JXEFU7BF3JGYTI2AKSIMTUABEE.avif",700,467,false],"2048x2048":["https:\/\/www.koncevisiontv.cl\/web\/wp-content\/uploads\/2025\/03\/JXEFU7BF3JGYTI2AKSIMTUABEE.avif",700,467,false],"darknews-featured":["https:\/\/www.koncevisiontv.cl\/web\/wp-content\/uploads\/2025\/03\/JXEFU7BF3JGYTI2AKSIMTUABEE.avif",700,467,false],"darknews-large":["https:\/\/www.koncevisiontv.cl\/web\/wp-content\/uploads\/2025\/03\/JXEFU7BF3JGYTI2AKSIMTUABEE.avif",700,467,false],"darknews-medium":["https:\/\/www.koncevisiontv.cl\/web\/wp-content\/uploads\/2025\/03\/JXEFU7BF3JGYTI2AKSIMTUABEE-590x410.avif",590,410,true]},"uagb_author_info":{"display_name":"Web-Master","author_link":"https:\/\/www.koncevisiontv.cl\/web\/author\/koncevision\/"},"uagb_comment_info":0,"uagb_excerpt":"El Fallo que Complica a Cathy Barriga El Primer Tribunal Electoral de la Regi\u00f3n Metropolitana dictamin\u00f3 una sentencia","_links":{"self":[{"href":"https:\/\/www.koncevisiontv.cl\/web\/wp-json\/wp\/v2\/posts\/6741","targetHints":{"allow":["GET"]}}],"collection":[{"href":"https:\/\/www.koncevisiontv.cl\/web\/wp-json\/wp\/v2\/posts"}],"about":[{"href":"https:\/\/www.koncevisiontv.cl\/web\/wp-json\/wp\/v2\/types\/post"}],"author":[{"embeddable":true,"href":"https:\/\/www.koncevisiontv.cl\/web\/wp-json\/wp\/v2\/users\/5"}],"replies":[{"embeddable":true,"href":"https:\/\/www.koncevisiontv.cl\/web\/wp-json\/wp\/v2\/comments?post=6741"}],"version-history":[{"count":1,"href":"https:\/\/www.koncevisiontv.cl\/web\/wp-json\/wp\/v2\/posts\/6741\/revisions"}],"predecessor-version":[{"id":6743,"href":"https:\/\/www.koncevisiontv.cl\/web\/wp-json\/wp\/v2\/posts\/6741\/revisions\/6743"}],"wp:featuredmedia":[{"embeddable":true,"href":"https:\/\/www.koncevisiontv.cl\/web\/wp-json\/wp\/v2\/media\/6742"}],"wp:attachment":[{"href":"https:\/\/www.koncevisiontv.cl\/web\/wp-json\/wp\/v2\/media?parent=6741"}],"wp:term":[{"taxonomy":"category","embeddable":true,"href":"https:\/\/www.koncevisiontv.cl\/web\/wp-json\/wp\/v2\/categories?post=6741"},{"taxonomy":"post_tag","embeddable":true,"href":"https:\/\/www.koncevisiontv.cl\/web\/wp-json\/wp\/v2\/tags?post=6741"}],"curies":[{"name":"wp","href":"https:\/\/api.w.org\/{rel}","templated":true}]}}