{"id":6922,"date":"2025-04-02T10:33:12","date_gmt":"2025-04-02T13:33:12","guid":{"rendered":"https:\/\/www.koncevisiontv.cl\/web\/?p=6922"},"modified":"2025-04-02T10:33:14","modified_gmt":"2025-04-02T13:33:14","slug":"prohibicion-estadios-evasion","status":"publish","type":"post","link":"https:\/\/www.koncevisiontv.cl\/web\/prohibicion-estadios-evasion\/","title":{"rendered":"Nuevo Proyecto de Ley Busca Prohibir el Acceso a Estadios a Infractores del Transporte P\u00fablico"},"content":{"rendered":"\n<p class=\"wp-block-paragraph\">El <strong>Ministerio de Transportes y Telecomunicaciones <\/strong>anunci\u00f3 la tramitaci\u00f3n de un nuevo proyecto de ley que busca endurecer las sanciones contra quienes evaden el pago en el transporte p\u00fablico. Entre las medidas m\u00e1s destacadas, se incluye la <strong>prohibici\u00f3n de acceso a estadios para eventos deportivos <\/strong>, como partidos de f\u00fatbol, para los infractores reincidentes.<\/p>\n\n\n\n<hr class=\"wp-block-separator has-alpha-channel-opacity\"\/>\n\n\n\n<h3 class=\"wp-block-heading\"><strong>Objetivo del Proyecto de Ley<\/strong><\/h3>\n\n\n\n<p class=\"wp-block-paragraph\">El proyecto tiene como objetivo reducir significativamente la evasi\u00f3n en el transporte p\u00fablico, que seg\u00fan datos oficiales, ha disminuido del <strong>45,8% en el primer semestre de 2023 al 37,5% en el segundo semestre de 2024 <\/strong>, gracias al Plan Antievasi\u00f3n implementado por el ministerio. Sin embargo, a\u00fan queda trabajo por hacer para garantizar la sostenibilidad del sistema.<\/p>\n\n\n\n<blockquote class=\"wp-block-quote is-layout-flow wp-block-quote-is-layout-flow\">\n<p class=\"wp-block-paragraph\">\u201cEstamos trabajando para que todos los usuarios contribuyan al financiamiento del servicio y mejoren la calidad del transporte p\u00fablico,\u201d afirm\u00f3 el Ministro de Transportes, <strong>Juan Carlos Mu\u00f1oz <\/strong>.<\/p>\n<\/blockquote>\n\n\n\n<hr class=\"wp-block-separator has-alpha-channel-opacity\"\/>\n\n\n\n<p class=\"wp-block-paragraph\"><\/p>\n\n\n\n<div class=\"wp-block-uagb-image uagb-block-a0562a99 wp-block-uagb-image--layout-default wp-block-uagb-image--effect-static wp-block-uagb-image--align-none\"><figure class=\"wp-block-uagb-image__figure\"><img decoding=\"async\" srcset=\"https:\/\/www.koncevisiontv.cl\/web\/wp-content\/uploads\/2025\/04\/UKABVKXLYRAR3PQ56NWF7SWPU4-1024x683.avif ,https:\/\/www.koncevisiontv.cl\/web\/wp-content\/uploads\/2025\/04\/UKABVKXLYRAR3PQ56NWF7SWPU4-scaled.avif 780w, https:\/\/www.koncevisiontv.cl\/web\/wp-content\/uploads\/2025\/04\/UKABVKXLYRAR3PQ56NWF7SWPU4-scaled.avif 360w\" sizes=\"auto, (max-width: 480px) 150px\" src=\"https:\/\/www.koncevisiontv.cl\/web\/wp-content\/uploads\/2025\/04\/UKABVKXLYRAR3PQ56NWF7SWPU4-1024x683.avif\" alt=\"Nuevo proyecto de ley busca prohibir acceso a estadios a infractores del transporte p\u00fablico.\" class=\"uag-image-6924\" width=\"4390\" height=\"2927\" title=\"Prohibicion-Estadios-Evasion-Transporte-Publico\" loading=\"lazy\" role=\"img\"\/><\/figure><\/div>\n\n\n\n<h3 class=\"wp-block-heading\"><strong>Medidas Clave del Proyecto<\/strong><\/h3>\n\n\n\n<ol start=\"1\" class=\"wp-block-list\">\n<li><strong>Pago In Situ para Evadir Multas Futuras:<\/strong><br>El proyecto introduce un mecanismo de <strong>pago in situ <\/strong>, mediante el cual los pasajeros sorprendidos evadiendo el pasaje deber\u00e1n pagar una tarifa recargada en el mismo momento. Esto busca evitar que los infractores contin\u00faen sin asumir responsabilidad.<\/li>\n\n\n\n<li><strong>Multas Simplificadas y Efectivas:<\/strong><br>Quienes reincidan enfrentar\u00e1n multas cuya tramitaci\u00f3n ser\u00e1 simplificada a trav\u00e9s de un <strong>cobro administrativo \u00e1gil <\/strong>, asegurando que las sanciones sean efectivas y no queden en el olvido.<\/li>\n\n\n\n<li><strong>Registro de Pasajeros Infractores:<\/strong><br>Los infractores recurrentes ser\u00e1n inscritos en un <strong>Registro de Pasajeros Infractores <\/strong>, lo que les acarrear\u00e1 restricciones adicionales, como:\n<ul class=\"wp-block-list\">\n<li><strong>Prohibici\u00f3n de ingresar a estadios deportivos.<\/strong><\/li>\n\n\n\n<li>Restricciones para obtener o renovar el pasaporte.<\/li>\n\n\n\n<li>Impedimento para acceder al permiso de residencia en el caso de extranjeros.<\/li>\n<\/ul>\n<\/li>\n\n\n\n<li><strong>Suspensi\u00f3n de Beneficios Tarifarios:<\/strong><br>El proyecto tambi\u00e9n contempla la verificaci\u00f3n y suspensi\u00f3n de beneficios tarifarios, como el uso indebido de la <strong>TNE (Tarjeta Nacional Estudiantil) <\/strong>o la <strong>TAM (Tarjeta de Adulto Mayor) <\/strong>. Las empresas operadoras podr\u00e1n remitir antecedentes de abusos al sistema.<\/li>\n\n\n\n<li><strong>Uso Obligatorio de la Primera Puerta en Buses:<\/strong><br>Para mejorar la seguridad y el orden, se establece que los pasajeros deben acceder por la <strong>primera puerta <\/strong>de los buses. La puerta trasera estar\u00e1 reservada exclusivamente para personas con movilidad reducida, como adultos mayores o personas con discapacidad.<\/li>\n<\/ol>\n\n\n\n<hr class=\"wp-block-separator has-alpha-channel-opacity\"\/>\n\n\n\n<h3 class=\"wp-block-heading\"><strong>Impacto Esperado<\/strong><\/h3>\n\n\n\n<p class=\"wp-block-paragraph\">El Ministro Mu\u00f1oz destac\u00f3 que estas medidas buscan no solo reducir la evasi\u00f3n, sino tambi\u00e9n mejorar la calidad del servicio de transporte p\u00fablico.<\/p>\n\n\n\n<blockquote class=\"wp-block-quote is-layout-flow wp-block-quote-is-layout-flow\">\n<p class=\"wp-block-paragraph\">\u201cCon estas reformas, avanzamos hacia un sistema m\u00e1s justo y equitativo, donde todos los usuarios contribuyen al financiamiento del transporte,\u201d se\u00f1al\u00f3.<\/p>\n<\/blockquote>\n\n\n\n<p class=\"wp-block-paragraph\">Adem\u00e1s, las restricciones adicionales, como la prohibici\u00f3n de acceso a estadios, buscan generar conciencia sobre la importancia de cumplir con las normas del transporte p\u00fablico y evitar conductas que afecten su sostenibilidad.<\/p>\n\n\n\n<hr class=\"wp-block-separator has-alpha-channel-opacity\"\/>\n\n\n\n<h3 class=\"wp-block-heading\"><strong>Contexto: Lucha Contra la Evasi\u00f3n<\/strong><\/h3>\n\n\n\n<p class=\"wp-block-paragraph\">La evasi\u00f3n en el transporte p\u00fablico ha sido un problema persistente en Chile, especialmente en grandes ciudades como Santiago. Seg\u00fan cifras del Ministerio de Transportes, antes de la implementaci\u00f3n del Plan Antievasi\u00f3n, la tasa de evasi\u00f3n alcanzaba niveles alarmantes, afectando la calidad del servicio y generando p\u00e9rdidas econ\u00f3micas significativas.<\/p>\n\n\n\n<p class=\"wp-block-paragraph\">El nuevo proyecto de ley representa un esfuerzo integral por parte del gobierno para combatir este problema, involucrando tanto sanciones directas como medidas preventivas.<\/p>\n","protected":false},"excerpt":{"rendered":"<p>El Ministerio de Transportes y Telecomunicaciones anunci\u00f3 la tramitaci\u00f3n de un nuevo proyecto de ley que busca endurecer<\/p>\n","protected":false},"author":5,"featured_media":6923,"comment_status":"open","ping_status":"open","sticky":false,"template":"","format":"standard","meta":{"_crdt_document":"","_uag_custom_page_level_css":"","_sitemap_exclude":false,"_sitemap_priority":"","_sitemap_frequency":"","_joinchat":[],"footnotes":""},"categories":[14],"tags":[],"class_list":["post-6922","post","type-post","status-publish","format-standard","has-post-thumbnail","hentry","category-nacional"],"featured_image_urls":{"full":["https:\/\/www.koncevisiontv.cl\/web\/wp-content\/uploads\/2025\/04\/XS2HHJTQJNHO3KFBSFVZDT6N2E.avif",1023,682,false],"thumbnail":["https:\/\/www.koncevisiontv.cl\/web\/wp-content\/uploads\/2025\/04\/XS2HHJTQJNHO3KFBSFVZDT6N2E-150x150.avif",150,150,true],"medium":["https:\/\/www.koncevisiontv.cl\/web\/wp-content\/uploads\/2025\/04\/XS2HHJTQJNHO3KFBSFVZDT6N2E-300x200.avif",300,200,true],"medium_large":["https:\/\/www.koncevisiontv.cl\/web\/wp-content\/uploads\/2025\/04\/XS2HHJTQJNHO3KFBSFVZDT6N2E-768x512.avif",640,427,true],"large":["https:\/\/www.koncevisiontv.cl\/web\/wp-content\/uploads\/2025\/04\/XS2HHJTQJNHO3KFBSFVZDT6N2E.avif",640,427,false],"1536x1536":["https:\/\/www.koncevisiontv.cl\/web\/wp-content\/uploads\/2025\/04\/XS2HHJTQJNHO3KFBSFVZDT6N2E.avif",1023,682,false],"2048x2048":["https:\/\/www.koncevisiontv.cl\/web\/wp-content\/uploads\/2025\/04\/XS2HHJTQJNHO3KFBSFVZDT6N2E.avif",1023,682,false],"darknews-featured":["https:\/\/www.koncevisiontv.cl\/web\/wp-content\/uploads\/2025\/04\/XS2HHJTQJNHO3KFBSFVZDT6N2E.avif",1023,682,false],"darknews-large":["https:\/\/www.koncevisiontv.cl\/web\/wp-content\/uploads\/2025\/04\/XS2HHJTQJNHO3KFBSFVZDT6N2E-825x575.avif",825,575,true],"darknews-medium":["https:\/\/www.koncevisiontv.cl\/web\/wp-content\/uploads\/2025\/04\/XS2HHJTQJNHO3KFBSFVZDT6N2E-590x410.avif",590,410,true]},"author_info":{"info":["Web-Master"]},"category_info":"<a href=\"https:\/\/www.koncevisiontv.cl\/web\/category\/nacional\/\" rel=\"category tag\">Nacional<\/a>","tag_info":"Nacional","comment_count":"0","uagb_featured_image_src":{"full":["https:\/\/www.koncevisiontv.cl\/web\/wp-content\/uploads\/2025\/04\/XS2HHJTQJNHO3KFBSFVZDT6N2E.avif",1023,682,false],"thumbnail":["https:\/\/www.koncevisiontv.cl\/web\/wp-content\/uploads\/2025\/04\/XS2HHJTQJNHO3KFBSFVZDT6N2E-150x150.avif",150,150,true],"medium":["https:\/\/www.koncevisiontv.cl\/web\/wp-content\/uploads\/2025\/04\/XS2HHJTQJNHO3KFBSFVZDT6N2E-300x200.avif",300,200,true],"medium_large":["https:\/\/www.koncevisiontv.cl\/web\/wp-content\/uploads\/2025\/04\/XS2HHJTQJNHO3KFBSFVZDT6N2E-768x512.avif",640,427,true],"large":["https:\/\/www.koncevisiontv.cl\/web\/wp-content\/uploads\/2025\/04\/XS2HHJTQJNHO3KFBSFVZDT6N2E.avif",640,427,false],"1536x1536":["https:\/\/www.koncevisiontv.cl\/web\/wp-content\/uploads\/2025\/04\/XS2HHJTQJNHO3KFBSFVZDT6N2E.avif",1023,682,false],"2048x2048":["https:\/\/www.koncevisiontv.cl\/web\/wp-content\/uploads\/2025\/04\/XS2HHJTQJNHO3KFBSFVZDT6N2E.avif",1023,682,false],"darknews-featured":["https:\/\/www.koncevisiontv.cl\/web\/wp-content\/uploads\/2025\/04\/XS2HHJTQJNHO3KFBSFVZDT6N2E.avif",1023,682,false],"darknews-large":["https:\/\/www.koncevisiontv.cl\/web\/wp-content\/uploads\/2025\/04\/XS2HHJTQJNHO3KFBSFVZDT6N2E-825x575.avif",825,575,true],"darknews-medium":["https:\/\/www.koncevisiontv.cl\/web\/wp-content\/uploads\/2025\/04\/XS2HHJTQJNHO3KFBSFVZDT6N2E-590x410.avif",590,410,true]},"uagb_author_info":{"display_name":"Web-Master","author_link":"https:\/\/www.koncevisiontv.cl\/web\/author\/koncevision\/"},"uagb_comment_info":0,"uagb_excerpt":"El Ministerio de Transportes y Telecomunicaciones anunci\u00f3 la tramitaci\u00f3n de un nuevo proyecto de ley que busca endurecer","_links":{"self":[{"href":"https:\/\/www.koncevisiontv.cl\/web\/wp-json\/wp\/v2\/posts\/6922","targetHints":{"allow":["GET"]}}],"collection":[{"href":"https:\/\/www.koncevisiontv.cl\/web\/wp-json\/wp\/v2\/posts"}],"about":[{"href":"https:\/\/www.koncevisiontv.cl\/web\/wp-json\/wp\/v2\/types\/post"}],"author":[{"embeddable":true,"href":"https:\/\/www.koncevisiontv.cl\/web\/wp-json\/wp\/v2\/users\/5"}],"replies":[{"embeddable":true,"href":"https:\/\/www.koncevisiontv.cl\/web\/wp-json\/wp\/v2\/comments?post=6922"}],"version-history":[{"count":1,"href":"https:\/\/www.koncevisiontv.cl\/web\/wp-json\/wp\/v2\/posts\/6922\/revisions"}],"predecessor-version":[{"id":6925,"href":"https:\/\/www.koncevisiontv.cl\/web\/wp-json\/wp\/v2\/posts\/6922\/revisions\/6925"}],"wp:featuredmedia":[{"embeddable":true,"href":"https:\/\/www.koncevisiontv.cl\/web\/wp-json\/wp\/v2\/media\/6923"}],"wp:attachment":[{"href":"https:\/\/www.koncevisiontv.cl\/web\/wp-json\/wp\/v2\/media?parent=6922"}],"wp:term":[{"taxonomy":"category","embeddable":true,"href":"https:\/\/www.koncevisiontv.cl\/web\/wp-json\/wp\/v2\/categories?post=6922"},{"taxonomy":"post_tag","embeddable":true,"href":"https:\/\/www.koncevisiontv.cl\/web\/wp-json\/wp\/v2\/tags?post=6922"}],"curies":[{"name":"wp","href":"https:\/\/api.w.org\/{rel}","templated":true}]}}