{"id":6927,"date":"2025-04-02T12:24:28","date_gmt":"2025-04-02T15:24:28","guid":{"rendered":"https:\/\/www.koncevisiontv.cl\/web\/?p=6927"},"modified":"2025-04-02T12:24:31","modified_gmt":"2025-04-02T15:24:31","slug":"monsalve-borrado-chats-celular","status":"publish","type":"post","link":"https:\/\/www.koncevisiontv.cl\/web\/monsalve-borrado-chats-celular\/","title":{"rendered":"&#8220;Nuevos Antecedentes lo Perjudican&#8221;: Manuel Monsalve Sigue en Prisi\u00f3n y Revelan que Borr\u00f3 Chats Clave de su Celular"},"content":{"rendered":"\n<figure class=\"wp-block-video\"><video height=\"720\" style=\"aspect-ratio: 1280 \/ 720;\" width=\"1280\" controls src=\"https:\/\/www.koncevisiontv.cl\/web\/wp-content\/uploads\/2025\/04\/f3E1oNcqHwCdepZD.mp4\"><\/video><\/figure>\n\n\n\n<p class=\"wp-block-paragraph\">La pol\u00e9mica sigue viva en torno a Manuel Monsalve, exsubsecretario del Interior y figura clave del oficialismo, quien permanece tras las rejas por un plazo ya cercano a los 134 d\u00edas de privaci\u00f3n de libertad. Este caso ha generado indignaci\u00f3n en redes sociales, especialmente tras la revelaci\u00f3n de chats clave que no entreg\u00f3 en su celular y que fueron borrados, aunque posteriormente recuperados por investigadores.<\/p>\n\n\n\n<hr class=\"wp-block-separator has-alpha-channel-opacity\"\/>\n\n\n\n<h3 class=\"wp-block-heading\"><strong>El Caso y la Prisi\u00f3n Preventiva<\/strong><\/h3>\n\n\n\n<p class=\"wp-block-paragraph\">El hecho ocurri\u00f3 el pasado <strong>19 de noviembre <\/strong>, cuando Carabineros detuvo a Monsalve por <strong>presuntos delitos de abuso sexual y violaci\u00f3n <\/strong>en contra de una funcionaria de la cartera que encabezaba. La v\u00edctima, de 38 a\u00f1os, denunci\u00f3 al funcionario, quien no solo permanece en prisi\u00f3n, sino que tambi\u00e9n se encuentra bajo la lupa de la Fiscal\u00eda por la eliminaci\u00f3n de chats clave de su celular, los cuales habr\u00edan sido borrados deliberadamente.<\/p>\n\n\n\n<p class=\"wp-block-paragraph\">Monsalve, quien fue detenido en la comuna de <strong>Rancagua <\/strong>y posteriormente trasladado al <strong>Anexo Penitenciario Capit\u00e1n Y\u00e1ber <\/strong>, enfrenta una orden de prisi\u00f3n preventiva que podr\u00eda extenderse hasta <strong>noviembre de 2026 <\/strong>, a menos que se resuelva pronto el caso.<\/p>\n\n\n\n<hr class=\"wp-block-separator has-alpha-channel-opacity\"\/>\n\n\n\n<h3 class=\"wp-block-heading\"><strong>La Revelaci\u00f3n de los Chats Clave<\/strong><\/h3>\n\n\n\n<p class=\"wp-block-paragraph\">Seg\u00fan informaci\u00f3n filtrada por investigadores, Monsalve borr\u00f3 deliberadamente mensajes clave en su celular, incluidos di\u00e1logos con la funcionaria que lo denunci\u00f3. Sin embargo, estas conversaciones fueron posteriormente recuperadas por la Polic\u00eda de Investigaciones (PDI), lo que ha generado preocupaci\u00f3n entre los involucrados y cr\u00edticas hacia el sistema judicial.<\/p>\n\n\n\n<blockquote class=\"wp-block-quote is-layout-flow wp-block-quote-is-layout-flow\">\n<p class=\"wp-block-paragraph\">\u201cLos nuevos antecedentes perjudican al imputado, entregando m\u00e1s indicios de la existencia del delito y de la participaci\u00f3n,\u201d precis\u00f3 el tribunal que investiga el caso.<\/p>\n<\/blockquote>\n\n\n\n<p class=\"wp-block-paragraph\">Adem\u00e1s, los mensajes borrados no solo incluyen di\u00e1logos con la v\u00edctima, sino que tambi\u00e9n muestran v\u00ednculos con otros funcionarios de la cartera, lo que podr\u00eda complicar a\u00fan m\u00e1s la situaci\u00f3n del exsubsecretario.<\/p>\n\n\n\n<hr class=\"wp-block-separator has-alpha-channel-opacity\"\/>\n\n\n\n<h3 class=\"wp-block-heading\"><strong>El Contexto de la Investigaci\u00f3n<\/strong><\/h3>\n\n\n\n<p class=\"wp-block-paragraph\">La Fiscal\u00eda ha profundizado en las investigaciones para determinar si el borrado de los mensajes fue intencional o accidental. Seg\u00fan las autoridades, estos chats clave podr\u00edan ser cruciales para establecer la responsabilidad del funcionario en el caso.<\/p>\n\n\n\n<blockquote class=\"wp-block-quote is-layout-flow wp-block-quote-is-layout-flow\">\n<p class=\"wp-block-paragraph\">\u201cEl hecho que se le atribuye tiene asignada pena de crimen y su conducta posterior al hecho, consistente en manipular cierta evidencia y borrar contenidos de su celular, configuran el peligro para la seguridad de la sociedad y de la investigaci\u00f3n,\u201d se\u00f1al\u00f3 el tribunal.<\/p>\n<\/blockquote>\n\n\n\n<p class=\"wp-block-paragraph\">Adem\u00e1s, investigan si Monsalve intent\u00f3 ocultar otros aparatos electr\u00f3nicos que podr\u00edan haber sido incautados en la escena del crimen, pero que a\u00fan no han sido confirmados.<\/p>\n\n\n\n<hr class=\"wp-block-separator has-alpha-channel-opacity\"\/>\n\n\n\n<h3 class=\"wp-block-heading\"><strong>Reacciones y Debate Pol\u00edtico<\/strong><\/h3>\n\n\n\n<p class=\"wp-block-paragraph\">Este caso ha generado un debate pol\u00edtico intenso, especialmente en un a\u00f1o electoral donde la seguridad es un tema central. Mientras algunos sectores respaldan la investigaci\u00f3n y piden justicia, otros han criticado duramente la medida cautelar, se\u00f1alando que Monsalve no debe permanecer tras las rejas por largos meses sin pruebas contundentes.<\/p>\n\n\n\n<blockquote class=\"wp-block-quote is-layout-flow wp-block-quote-is-layout-flow\">\n<p class=\"wp-block-paragraph\">\u201cEs inaceptable que un funcionario p\u00fablico permanezca en prisi\u00f3n preventiva por tanto tiempo sin que existan pruebas concluyentes,\u201d escribi\u00f3 un usuario en Twitter.<\/p>\n<\/blockquote>\n\n\n\n<p class=\"wp-block-paragraph\">Por su parte, la ministra vocera de Gobierno, Ais\u00e9n Etcheverry, ha pedido a la Fiscal\u00eda que act\u00fae con celeridad, pero tambi\u00e9n ha destacado que el sistema judicial debe respetar principios b\u00e1sicos como la presunci\u00f3n de inocencia.<\/p>\n","protected":false},"excerpt":{"rendered":"<p>La pol\u00e9mica sigue viva en torno a Manuel Monsalve, exsubsecretario del Interior y figura clave del oficialismo, quien<\/p>\n","protected":false},"author":5,"featured_media":6928,"comment_status":"open","ping_status":"open","sticky":false,"template":"","format":"standard","meta":{"_crdt_document":"","_uag_custom_page_level_css":"","_sitemap_exclude":false,"_sitemap_priority":"","_sitemap_frequency":"","_joinchat":[],"footnotes":""},"categories":[14],"tags":[],"class_list":["post-6927","post","type-post","status-publish","format-standard","has-post-thumbnail","hentry","category-nacional"],"featured_image_urls":{"full":["https:\/\/www.koncevisiontv.cl\/web\/wp-content\/uploads\/2025\/04\/WBSW3STBKZGCTAD2JFUR3VFBV4.avif",1023,682,false],"thumbnail":["https:\/\/www.koncevisiontv.cl\/web\/wp-content\/uploads\/2025\/04\/WBSW3STBKZGCTAD2JFUR3VFBV4-150x150.avif",150,150,true],"medium":["https:\/\/www.koncevisiontv.cl\/web\/wp-content\/uploads\/2025\/04\/WBSW3STBKZGCTAD2JFUR3VFBV4-300x200.avif",300,200,true],"medium_large":["https:\/\/www.koncevisiontv.cl\/web\/wp-content\/uploads\/2025\/04\/WBSW3STBKZGCTAD2JFUR3VFBV4-768x512.avif",640,427,true],"large":["https:\/\/www.koncevisiontv.cl\/web\/wp-content\/uploads\/2025\/04\/WBSW3STBKZGCTAD2JFUR3VFBV4.avif",640,427,false],"1536x1536":["https:\/\/www.koncevisiontv.cl\/web\/wp-content\/uploads\/2025\/04\/WBSW3STBKZGCTAD2JFUR3VFBV4.avif",1023,682,false],"2048x2048":["https:\/\/www.koncevisiontv.cl\/web\/wp-content\/uploads\/2025\/04\/WBSW3STBKZGCTAD2JFUR3VFBV4.avif",1023,682,false],"darknews-featured":["https:\/\/www.koncevisiontv.cl\/web\/wp-content\/uploads\/2025\/04\/WBSW3STBKZGCTAD2JFUR3VFBV4.avif",1023,682,false],"darknews-large":["https:\/\/www.koncevisiontv.cl\/web\/wp-content\/uploads\/2025\/04\/WBSW3STBKZGCTAD2JFUR3VFBV4-825x575.avif",825,575,true],"darknews-medium":["https:\/\/www.koncevisiontv.cl\/web\/wp-content\/uploads\/2025\/04\/WBSW3STBKZGCTAD2JFUR3VFBV4-590x410.avif",590,410,true]},"author_info":{"info":["Web-Master"]},"category_info":"<a href=\"https:\/\/www.koncevisiontv.cl\/web\/category\/nacional\/\" rel=\"category tag\">Nacional<\/a>","tag_info":"Nacional","comment_count":"0","uagb_featured_image_src":{"full":["https:\/\/www.koncevisiontv.cl\/web\/wp-content\/uploads\/2025\/04\/WBSW3STBKZGCTAD2JFUR3VFBV4.avif",1023,682,false],"thumbnail":["https:\/\/www.koncevisiontv.cl\/web\/wp-content\/uploads\/2025\/04\/WBSW3STBKZGCTAD2JFUR3VFBV4-150x150.avif",150,150,true],"medium":["https:\/\/www.koncevisiontv.cl\/web\/wp-content\/uploads\/2025\/04\/WBSW3STBKZGCTAD2JFUR3VFBV4-300x200.avif",300,200,true],"medium_large":["https:\/\/www.koncevisiontv.cl\/web\/wp-content\/uploads\/2025\/04\/WBSW3STBKZGCTAD2JFUR3VFBV4-768x512.avif",640,427,true],"large":["https:\/\/www.koncevisiontv.cl\/web\/wp-content\/uploads\/2025\/04\/WBSW3STBKZGCTAD2JFUR3VFBV4.avif",640,427,false],"1536x1536":["https:\/\/www.koncevisiontv.cl\/web\/wp-content\/uploads\/2025\/04\/WBSW3STBKZGCTAD2JFUR3VFBV4.avif",1023,682,false],"2048x2048":["https:\/\/www.koncevisiontv.cl\/web\/wp-content\/uploads\/2025\/04\/WBSW3STBKZGCTAD2JFUR3VFBV4.avif",1023,682,false],"darknews-featured":["https:\/\/www.koncevisiontv.cl\/web\/wp-content\/uploads\/2025\/04\/WBSW3STBKZGCTAD2JFUR3VFBV4.avif",1023,682,false],"darknews-large":["https:\/\/www.koncevisiontv.cl\/web\/wp-content\/uploads\/2025\/04\/WBSW3STBKZGCTAD2JFUR3VFBV4-825x575.avif",825,575,true],"darknews-medium":["https:\/\/www.koncevisiontv.cl\/web\/wp-content\/uploads\/2025\/04\/WBSW3STBKZGCTAD2JFUR3VFBV4-590x410.avif",590,410,true]},"uagb_author_info":{"display_name":"Web-Master","author_link":"https:\/\/www.koncevisiontv.cl\/web\/author\/koncevision\/"},"uagb_comment_info":0,"uagb_excerpt":"La pol\u00e9mica sigue viva en torno a Manuel Monsalve, exsubsecretario del Interior y figura clave del oficialismo, quien","_links":{"self":[{"href":"https:\/\/www.koncevisiontv.cl\/web\/wp-json\/wp\/v2\/posts\/6927","targetHints":{"allow":["GET"]}}],"collection":[{"href":"https:\/\/www.koncevisiontv.cl\/web\/wp-json\/wp\/v2\/posts"}],"about":[{"href":"https:\/\/www.koncevisiontv.cl\/web\/wp-json\/wp\/v2\/types\/post"}],"author":[{"embeddable":true,"href":"https:\/\/www.koncevisiontv.cl\/web\/wp-json\/wp\/v2\/users\/5"}],"replies":[{"embeddable":true,"href":"https:\/\/www.koncevisiontv.cl\/web\/wp-json\/wp\/v2\/comments?post=6927"}],"version-history":[{"count":1,"href":"https:\/\/www.koncevisiontv.cl\/web\/wp-json\/wp\/v2\/posts\/6927\/revisions"}],"predecessor-version":[{"id":6931,"href":"https:\/\/www.koncevisiontv.cl\/web\/wp-json\/wp\/v2\/posts\/6927\/revisions\/6931"}],"wp:featuredmedia":[{"embeddable":true,"href":"https:\/\/www.koncevisiontv.cl\/web\/wp-json\/wp\/v2\/media\/6928"}],"wp:attachment":[{"href":"https:\/\/www.koncevisiontv.cl\/web\/wp-json\/wp\/v2\/media?parent=6927"}],"wp:term":[{"taxonomy":"category","embeddable":true,"href":"https:\/\/www.koncevisiontv.cl\/web\/wp-json\/wp\/v2\/categories?post=6927"},{"taxonomy":"post_tag","embeddable":true,"href":"https:\/\/www.koncevisiontv.cl\/web\/wp-json\/wp\/v2\/tags?post=6927"}],"curies":[{"name":"wp","href":"https:\/\/api.w.org\/{rel}","templated":true}]}}