{"id":6932,"date":"2025-04-02T12:43:40","date_gmt":"2025-04-02T15:43:40","guid":{"rendered":"https:\/\/www.koncevisiontv.cl\/web\/?p=6932"},"modified":"2025-04-02T12:43:42","modified_gmt":"2025-04-02T15:43:42","slug":"monsalve-defensa-violacion","status":"publish","type":"post","link":"https:\/\/www.koncevisiontv.cl\/web\/monsalve-defensa-violacion\/","title":{"rendered":"Defensa de Monsalve Insiste en Falta de Evidencia para Demostrar Violaci\u00f3n y Eval\u00faa Apelar Prisi\u00f3n Preventiva"},"content":{"rendered":"\n<p class=\"wp-block-paragraph\">Tras la decisi\u00f3n del <strong>S\u00e9ptimo Juzgado de Garant\u00eda de Santiago <\/strong>de mantener la prisi\u00f3n preventiva del exsubsecretario del Interior, <strong>Manuel Monsalve <\/strong>, su defensa ha reiterado que no existen evidencias suficientes para demostrar los delitos de violaci\u00f3n y abuso sexual por los cuales fue formalizado. Seg\u00fan declaraciones del abogado defensor, <strong>V\u00edctor Providel <\/strong>, el caso carece de un relato coherente que permita reconstruir los hechos ocurridos en la habitaci\u00f3n 719 del Hotel Panamericano.<\/p>\n\n\n\n<hr class=\"wp-block-separator has-alpha-channel-opacity\"\/>\n\n\n\n<h3 class=\"wp-block-heading\"><strong>El Caso y las Alegaciones de la Defensa<\/strong><\/h3>\n\n\n\n<p class=\"wp-block-paragraph\">El abogado <strong>V\u00edctor Providel <\/strong>afirm\u00f3 en un punto de prensa que &#8220;no hay elementos para sostener que al interior de la habitaci\u00f3n 719 del Hotel Panamericano hubo un delito de violaci\u00f3n&#8221;. Adem\u00e1s, critic\u00f3 la falta de pruebas claras sobre una supuesta relaci\u00f3n sexual entre Monsalve y la v\u00edctima:<\/p>\n\n\n\n<blockquote class=\"wp-block-quote is-layout-flow wp-block-quote-is-layout-flow\">\n<p class=\"wp-block-paragraph\">&#8220;No hay un relato tanto de la denunciante como del denunciado que permitan reconstruir los hechos, por lo tanto, no hay nada que efectivamente nos diga cu\u00e1ndo, c\u00f3mo y en qu\u00e9 circunstancias puede haber una relaci\u00f3n sexual,&#8221; argument\u00f3 Providel.<\/p>\n<\/blockquote>\n\n\n\n<p class=\"wp-block-paragraph\">En este sentido, la defensa insiste en que <strong>la denunciante tampoco ha demostrado estar gravemente afectada por el alcohol o en estado de inconsciencia <\/strong>, requisitos fundamentales para configurar los delitos atribuidos a Monsalve.<\/p>\n\n\n\n<hr class=\"wp-block-separator has-alpha-channel-opacity\"\/>\n\n\n\n<h3 class=\"wp-block-heading\"><strong>La Posici\u00f3n de la Fiscal\u00eda<\/strong><\/h3>\n\n\n\n<p class=\"wp-block-paragraph\">Por su parte, el persecutor jefe <strong>Francisco Jacir <\/strong>, de la Fiscal\u00eda Regional Centro Norte, se\u00f1al\u00f3 que los peritajes realizados al m\u00f3vil de Monsalve refutan la tesis de la defensa. Seg\u00fan los resultados de la investigaci\u00f3n, el uso del tel\u00e9fono celular por parte del imputado durante la noche del incidente demuestra que Monsalve ten\u00eda plena conciencia de sus actos:<\/p>\n\n\n\n<blockquote class=\"wp-block-quote is-layout-flow wp-block-quote-is-layout-flow\">\n<p class=\"wp-block-paragraph\">&#8220;Los an\u00e1lisis reflejan actividad en el dispositivo electr\u00f3nico, lo cual descarta que el imputado no haya tenido conciencia en el momento de los presuntos il\u00edcitos,&#8221; asegur\u00f3 Jacir.<\/p>\n<\/blockquote>\n\n\n\n<p class=\"wp-block-paragraph\">Esto contradice la versi\u00f3n de Monsalve, quien desde un inicio ha sostenido que <strong>&#8220;no recuerda&#8221; los eventos ocurridos esa noche <\/strong>debido al alto consumo de alcohol.<\/p>\n\n\n\n<hr class=\"wp-block-separator has-alpha-channel-opacity\"\/>\n\n\n\n<h3 class=\"wp-block-heading\"><strong>La Defensa Cuestiona los Peritajes<\/strong><\/h3>\n\n\n\n<p class=\"wp-block-paragraph\">Sobre las pruebas presentadas por la Fiscal\u00eda, Providel declar\u00f3 que &#8220;esas interacciones, indudablemente tenemos que analizarlas&#8221;. Sin embargo, insisti\u00f3 en que dichas evidencias no afectan la teor\u00eda de la defensa:<\/p>\n\n\n\n<blockquote class=\"wp-block-quote is-layout-flow wp-block-quote-is-layout-flow\">\n<p class=\"wp-block-paragraph\">&#8220;En lo concreto, en la acreditaci\u00f3n de alg\u00fan delito de violaci\u00f3n o abuso sexual, creemos que no afectan la teor\u00eda de la defensa,&#8221; afirm\u00f3 el abogado.<\/p>\n<\/blockquote>\n\n\n\n<p class=\"wp-block-paragraph\">Adem\u00e1s, reiter\u00f3 que Monsalve no aprovech\u00f3 ninguna situaci\u00f3n de vulnerabilidad de la denunciante, ya que ambos se encontraban en un estado similar de afectaci\u00f3n por el consumo de alcohol:<\/p>\n\n\n\n<blockquote class=\"wp-block-quote is-layout-flow wp-block-quote-is-layout-flow\">\n<p class=\"wp-block-paragraph\">&#8220;Hemos se\u00f1alado que tanto denunciante como Manuel Monsalve se encontraban en un estado afectado por el consumo de alcohol o algo m\u00e1s, pero indudablemente que lo que nosotros hemos formulado, que en ese estado(&#8230;) no pueden recordar lo que ocurri\u00f3 la noche anterior,&#8221; a\u00f1adi\u00f3.<\/p>\n<\/blockquote>\n\n\n\n<hr class=\"wp-block-separator has-alpha-channel-opacity\"\/>\n\n\n\n<h3 class=\"wp-block-heading\"><strong>Posibilidad de Apelaci\u00f3n<\/strong><\/h3>\n\n\n\n<p class=\"wp-block-paragraph\">Consultado sobre si recurrir\u00e1n a la <strong>Corte de Apelaciones <\/strong>, Providel declar\u00f3 que a\u00fan est\u00e1n evaluando la resoluci\u00f3n judicial:<\/p>\n\n\n\n<blockquote class=\"wp-block-quote is-layout-flow wp-block-quote-is-layout-flow\">\n<p class=\"wp-block-paragraph\">&#8220;Tenemos que estudiar la resoluci\u00f3n en su m\u00e9rito y ya acordamos con don Manuel Monsalve ma\u00f1ana una reuni\u00f3n de trabajo para decidir en conjunto si vamos a impugnar esta resoluci\u00f3n y qu\u00e9 medio de impugnaci\u00f3n vamos a recurrir.&#8221;<\/p>\n<\/blockquote>\n\n\n\n<p class=\"wp-block-paragraph\">Asimismo, critic\u00f3 que la decisi\u00f3n del tribunal no haya variado los antecedentes iniciales que llevaron a decretar la prisi\u00f3n preventiva:<\/p>\n\n\n\n<blockquote class=\"wp-block-quote is-layout-flow wp-block-quote-is-layout-flow\">\n<p class=\"wp-block-paragraph\">&#8220;La resoluci\u00f3n indica que no han variado los antecedentes que se dieron en vista al momento de decretar la prisi\u00f3n preventiva,&#8221; concluy\u00f3.<\/p>\n<\/blockquote>\n\n\n\n<hr class=\"wp-block-separator has-alpha-channel-opacity\"\/>\n\n\n\n<h3 class=\"wp-block-heading\"><strong>Reacciones y Debate Pol\u00edtico<\/strong><\/h3>\n\n\n\n<p class=\"wp-block-paragraph\">Este caso sigue generando debate en el \u00e1mbito pol\u00edtico y social. Mientras algunos sectores respaldan la investigaci\u00f3n y piden justicia para la v\u00edctima, otros han criticado duramente la medida cautelar, se\u00f1alando que Monsalve no debe permanecer tras las rejas sin pruebas contundentes.<\/p>\n\n\n\n<blockquote class=\"wp-block-quote is-layout-flow wp-block-quote-is-layout-flow\">\n<p class=\"wp-block-paragraph\">\u201cEs preocupante que se mantenga a un exfuncionario tras las rejas por tanto tiempo sin que existan pruebas concluyentes,\u201d escribi\u00f3 un usuario en Twitter.<\/p>\n<\/blockquote>\n\n\n\n<p class=\"wp-block-paragraph\">Por su parte, la ministra vocera de Gobierno, <strong>Ais\u00e9n Etcheverry <\/strong>, ha pedido a la Fiscal\u00eda que act\u00fae con celeridad, pero tambi\u00e9n ha destacado que el sistema judicial debe respetar principios b\u00e1sicos como la presunci\u00f3n de inocencia.<\/p>\n","protected":false},"excerpt":{"rendered":"<p>Tras la decisi\u00f3n del S\u00e9ptimo Juzgado de Garant\u00eda de Santiago de mantener la prisi\u00f3n preventiva del exsubsecretario del<\/p>\n","protected":false},"author":5,"featured_media":6933,"comment_status":"open","ping_status":"open","sticky":false,"template":"","format":"standard","meta":{"_crdt_document":"","_uag_custom_page_level_css":"","_sitemap_exclude":false,"_sitemap_priority":"","_sitemap_frequency":"","_joinchat":[],"footnotes":""},"categories":[14],"tags":[],"class_list":["post-6932","post","type-post","status-publish","format-standard","has-post-thumbnail","hentry","category-nacional"],"featured_image_urls":{"full":["https:\/\/www.koncevisiontv.cl\/web\/wp-content\/uploads\/2025\/04\/file_20250402121543.jpg",710,399,false],"thumbnail":["https:\/\/www.koncevisiontv.cl\/web\/wp-content\/uploads\/2025\/04\/file_20250402121543-150x150.jpg",150,150,true],"medium":["https:\/\/www.koncevisiontv.cl\/web\/wp-content\/uploads\/2025\/04\/file_20250402121543-300x169.jpg",300,169,true],"medium_large":["https:\/\/www.koncevisiontv.cl\/web\/wp-content\/uploads\/2025\/04\/file_20250402121543.jpg",640,360,false],"large":["https:\/\/www.koncevisiontv.cl\/web\/wp-content\/uploads\/2025\/04\/file_20250402121543.jpg",640,360,false],"1536x1536":["https:\/\/www.koncevisiontv.cl\/web\/wp-content\/uploads\/2025\/04\/file_20250402121543.jpg",710,399,false],"2048x2048":["https:\/\/www.koncevisiontv.cl\/web\/wp-content\/uploads\/2025\/04\/file_20250402121543.jpg",710,399,false],"darknews-featured":["https:\/\/www.koncevisiontv.cl\/web\/wp-content\/uploads\/2025\/04\/file_20250402121543.jpg",710,399,false],"darknews-large":["https:\/\/www.koncevisiontv.cl\/web\/wp-content\/uploads\/2025\/04\/file_20250402121543.jpg",710,399,false],"darknews-medium":["https:\/\/www.koncevisiontv.cl\/web\/wp-content\/uploads\/2025\/04\/file_20250402121543-590x399.jpg",590,399,true]},"author_info":{"info":["Web-Master"]},"category_info":"<a href=\"https:\/\/www.koncevisiontv.cl\/web\/category\/nacional\/\" rel=\"category tag\">Nacional<\/a>","tag_info":"Nacional","comment_count":"0","uagb_featured_image_src":{"full":["https:\/\/www.koncevisiontv.cl\/web\/wp-content\/uploads\/2025\/04\/file_20250402121543.jpg",710,399,false],"thumbnail":["https:\/\/www.koncevisiontv.cl\/web\/wp-content\/uploads\/2025\/04\/file_20250402121543-150x150.jpg",150,150,true],"medium":["https:\/\/www.koncevisiontv.cl\/web\/wp-content\/uploads\/2025\/04\/file_20250402121543-300x169.jpg",300,169,true],"medium_large":["https:\/\/www.koncevisiontv.cl\/web\/wp-content\/uploads\/2025\/04\/file_20250402121543.jpg",640,360,false],"large":["https:\/\/www.koncevisiontv.cl\/web\/wp-content\/uploads\/2025\/04\/file_20250402121543.jpg",640,360,false],"1536x1536":["https:\/\/www.koncevisiontv.cl\/web\/wp-content\/uploads\/2025\/04\/file_20250402121543.jpg",710,399,false],"2048x2048":["https:\/\/www.koncevisiontv.cl\/web\/wp-content\/uploads\/2025\/04\/file_20250402121543.jpg",710,399,false],"darknews-featured":["https:\/\/www.koncevisiontv.cl\/web\/wp-content\/uploads\/2025\/04\/file_20250402121543.jpg",710,399,false],"darknews-large":["https:\/\/www.koncevisiontv.cl\/web\/wp-content\/uploads\/2025\/04\/file_20250402121543.jpg",710,399,false],"darknews-medium":["https:\/\/www.koncevisiontv.cl\/web\/wp-content\/uploads\/2025\/04\/file_20250402121543-590x399.jpg",590,399,true]},"uagb_author_info":{"display_name":"Web-Master","author_link":"https:\/\/www.koncevisiontv.cl\/web\/author\/koncevision\/"},"uagb_comment_info":0,"uagb_excerpt":"Tras la decisi\u00f3n del S\u00e9ptimo Juzgado de Garant\u00eda de Santiago de mantener la prisi\u00f3n preventiva del exsubsecretario del","_links":{"self":[{"href":"https:\/\/www.koncevisiontv.cl\/web\/wp-json\/wp\/v2\/posts\/6932","targetHints":{"allow":["GET"]}}],"collection":[{"href":"https:\/\/www.koncevisiontv.cl\/web\/wp-json\/wp\/v2\/posts"}],"about":[{"href":"https:\/\/www.koncevisiontv.cl\/web\/wp-json\/wp\/v2\/types\/post"}],"author":[{"embeddable":true,"href":"https:\/\/www.koncevisiontv.cl\/web\/wp-json\/wp\/v2\/users\/5"}],"replies":[{"embeddable":true,"href":"https:\/\/www.koncevisiontv.cl\/web\/wp-json\/wp\/v2\/comments?post=6932"}],"version-history":[{"count":1,"href":"https:\/\/www.koncevisiontv.cl\/web\/wp-json\/wp\/v2\/posts\/6932\/revisions"}],"predecessor-version":[{"id":6934,"href":"https:\/\/www.koncevisiontv.cl\/web\/wp-json\/wp\/v2\/posts\/6932\/revisions\/6934"}],"wp:featuredmedia":[{"embeddable":true,"href":"https:\/\/www.koncevisiontv.cl\/web\/wp-json\/wp\/v2\/media\/6933"}],"wp:attachment":[{"href":"https:\/\/www.koncevisiontv.cl\/web\/wp-json\/wp\/v2\/media?parent=6932"}],"wp:term":[{"taxonomy":"category","embeddable":true,"href":"https:\/\/www.koncevisiontv.cl\/web\/wp-json\/wp\/v2\/categories?post=6932"},{"taxonomy":"post_tag","embeddable":true,"href":"https:\/\/www.koncevisiontv.cl\/web\/wp-json\/wp\/v2\/tags?post=6932"}],"curies":[{"name":"wp","href":"https:\/\/api.w.org\/{rel}","templated":true}]}}