{"id":6935,"date":"2025-04-02T12:53:32","date_gmt":"2025-04-02T15:53:32","guid":{"rendered":"https:\/\/www.koncevisiontv.cl\/web\/?p=6935"},"modified":"2025-04-02T12:55:15","modified_gmt":"2025-04-02T15:55:15","slug":"tamayo-viaje-dubai-funcionaria","status":"publish","type":"post","link":"https:\/\/www.koncevisiontv.cl\/web\/tamayo-viaje-dubai-funcionaria\/","title":{"rendered":"Denuncian a Alcalde de Izquierda, Mauro Tamayo, por Viajar con Funcionaria Municipal que es su Polola con Recursos P\u00fablicos"},"content":{"rendered":"\n<p class=\"wp-block-paragraph\">La prensa ha denunciado al alcalde de <strong>Cerro Nav\u00eda <\/strong>, <strong>Mauro Tamayo <\/strong>, de izquierda, por viajar a <strong>Dub\u00e1i <\/strong>en 2023 con su <strong>jefa de Gabinete <\/strong>, <strong>Varinia D\u00edaz <\/strong>, cuya relaci\u00f3n sentimental con el alcalde ha sido revelada por investigaciones period\u00edsticas. Adem\u00e1s, se ha confirmado que los pasajes de ambos fueron financiados con <strong>recursos p\u00fablicos <\/strong>, lo que ha generado indignaci\u00f3n en la comunidad local y cr\u00edticas hacia el uso de fondos municipales.<\/p>\n\n\n\n<hr class=\"wp-block-separator has-alpha-channel-opacity\"\/>\n\n\n\n<h3 class=\"wp-block-heading\"><strong>El Millonario Viaje y las Irregularidades<\/strong><\/h3>\n\n\n\n<p class=\"wp-block-paragraph\">El caso surge tras un reportaje de <strong>T13 <\/strong>que acusa a Tamayo de una serie de irregularidades, incluyendo el financiamiento del viaje a <strong>Dub\u00e1i <\/strong>de su jefa de Gabinete, <strong>Varinia D\u00edaz <\/strong>, quien adem\u00e1s ser\u00eda su pareja sentimental. Seg\u00fan el medio, Tamayo fue invitado por la organizaci\u00f3n <strong>WWF <\/strong>para participar en la <strong>COP 28 <\/strong>de Dub\u00e1i en 2023, actividad y viaje que realiz\u00f3 junto a D\u00edaz. Sin embargo, inicialmente asegur\u00f3 que los pasajes hab\u00edan sido financiados por la ONG, lo que gener\u00f3 confusi\u00f3n.<\/p>\n\n\n\n<hr class=\"wp-block-separator has-alpha-channel-opacity\"\/>\n\n\n\n<h3 class=\"wp-block-heading\"><strong>La Confirmaci\u00f3n del Director de WWF en Chile<\/strong><\/h3>\n\n\n\n<p class=\"wp-block-paragraph\">Consultado sobre el caso, el director de WWF en Chile, <strong>Ricardo Bosshard <\/strong>, explic\u00f3 que solo pag\u00f3 el pasaje a Dub\u00e1i de Tamayo, pese a la versi\u00f3n oficial del municipio de que la organizaci\u00f3n financi\u00f3 el viaje de D\u00edaz. Bosshard asegur\u00f3 que la ONG no ten\u00eda responsabilidad en el financiamiento total del viaje.<\/p>\n\n\n\n<blockquote class=\"wp-block-quote is-layout-flow wp-block-quote-is-layout-flow\">\n<p class=\"wp-block-paragraph\">\u201cS\u00f3lo pagamos el pasaje a Dub\u00e1i de Tamayo, pese a la versi\u00f3n oficial del municipio de que la organizaci\u00f3n financi\u00f3 el viaje de D\u00edaz. Esto es un hecho que no podemos ocultar,\u201d declar\u00f3 Bosshard.<\/p>\n<\/blockquote>\n\n\n\n<hr class=\"wp-block-separator has-alpha-channel-opacity\"\/>\n\n\n\n<h3 class=\"wp-block-heading\"><strong>Irregularidades en la Informaci\u00f3n Municipal<\/strong><\/h3>\n\n\n\n<p class=\"wp-block-paragraph\">Posteriormente, el municipio reconoci\u00f3 que el viaje de D\u00edaz fue financiado con <strong>recursos p\u00fablicos <\/strong>, pero no detall\u00f3 los gastos en estad\u00eda y vi\u00e1ticos. Seg\u00fan el reportaje, el costo total del viaje ascendi\u00f3 a <strong>2,2 millones de pesos <\/strong>.<\/p>\n\n\n\n<blockquote class=\"wp-block-quote is-layout-flow wp-block-quote-is-layout-flow\">\n<p class=\"wp-block-paragraph\">\u201cEstimado administrador, instruyo decretar comisi\u00f3n de servicio a jefa de Gabinete Sra. Varinia D\u00edaz, para acompa\u00f1ar representaci\u00f3n seg\u00fan invitaci\u00f3n formulada por WWF a COP 28,\u201d indica un documento al que tuvo acceso Canal 13.<\/p>\n<\/blockquote>\n\n\n\n<hr class=\"wp-block-separator has-alpha-channel-opacity\"\/>\n\n\n\n<h3 class=\"wp-block-heading\"><strong>La Jefa de Gabinete y su Rol en la Comunidad<\/strong><\/h3>\n\n\n\n<p class=\"wp-block-paragraph\">El reportaje tambi\u00e9n revela que D\u00edaz fue candidata a diputada por el distrito 9 en 2021, donde el propio Tamayo solicit\u00f3 aportes &#8220;voluntarios&#8221; a su candidatura. Seg\u00fan el costo del sueldo de D\u00edaz en 2024, pas\u00f3 de <strong>1,8 millones <\/strong>a <strong>4,9 millones de pesos <\/strong>, lo que ha generado sospechas sobre su posible relaci\u00f3n con el alcalde.<\/p>\n\n\n\n<hr class=\"wp-block-separator has-alpha-channel-opacity\"\/>\n\n\n\n<h3 class=\"wp-block-heading\"><strong>Conflictos de Inter\u00e9s seg\u00fan Chile Transparente<\/strong><\/h3>\n\n\n\n<p class=\"wp-block-paragraph\">Consultado el caso por <strong>Chile Transparente <\/strong>, el director <strong>Michel Figueroa <\/strong>asegur\u00f3 que la relaci\u00f3n entre Tamayo y D\u00edaz podr\u00eda representar un conflicto de inter\u00e9s:<\/p>\n\n\n\n<blockquote class=\"wp-block-quote is-layout-flow wp-block-quote-is-layout-flow\">\n<p class=\"wp-block-paragraph\">\u201cS\u00ed involucra una situaci\u00f3n de conflicto de intereses en la medida que le quita imparcialidad a las decisiones que puede tomar la autoridad municipal sobre una persona con la que tiene un v\u00ednculo afectivo.\u201d<\/p>\n<\/blockquote>\n\n\n\n<p class=\"wp-block-paragraph\">Adem\u00e1s, Figueroa destac\u00f3 que este tipo de situaciones genera dudas sobre la transparencia en la gesti\u00f3n p\u00fablica y podr\u00eda afectar la credibilidad del alcalde y su jefa de Gabinete.<\/p>\n\n\n\n<hr class=\"wp-block-separator has-alpha-channel-opacity\"\/>\n\n\n\n<h3 class=\"wp-block-heading\"><strong>\u00bfQu\u00e9 Sigue para Tamayo y D\u00edaz?<\/strong><\/h3>\n\n\n\n<p class=\"wp-block-paragraph\">Hasta el momento, Tamayo y D\u00edaz no han emitido declaraciones oficiales sobre el caso. Sin embargo, el fiscal jefe de la <strong>Corte de Apelaciones de Santiago <\/strong>, <strong>Adolfo Depolo <\/strong>, asegur\u00f3 que las investigaciones seguir\u00e1n adelante para determinar responsabilidades y posibles irregularidades en el manejo de fondos p\u00fablicos.<\/p>\n\n\n\n<p class=\"wp-block-paragraph\">La falta de claridad sobre el origen de los fondos ha generado preocupaci\u00f3n entre los vecinos de Cerro Nav\u00eda, quienes exigen mayor transparencia y rendici\u00f3n de cuentas por parte del alcalde.<\/p>\n","protected":false},"excerpt":{"rendered":"<p>La prensa ha denunciado al alcalde de Cerro Nav\u00eda , Mauro Tamayo , de izquierda, por viajar a<\/p>\n","protected":false},"author":5,"featured_media":6936,"comment_status":"open","ping_status":"open","sticky":false,"template":"","format":"standard","meta":{"_crdt_document":"","_uag_custom_page_level_css":"","_sitemap_exclude":false,"_sitemap_priority":"","_sitemap_frequency":"","_joinchat":[],"footnotes":""},"categories":[14],"tags":[],"class_list":["post-6935","post","type-post","status-publish","format-standard","has-post-thumbnail","hentry","category-nacional"],"featured_image_urls":{"full":["https:\/\/www.koncevisiontv.cl\/web\/wp-content\/uploads\/2025\/04\/SQDHKPKIGFBTZFHHPXOESBCPZY.webp",1023,682,false],"thumbnail":["https:\/\/www.koncevisiontv.cl\/web\/wp-content\/uploads\/2025\/04\/SQDHKPKIGFBTZFHHPXOESBCPZY-150x150.webp",150,150,true],"medium":["https:\/\/www.koncevisiontv.cl\/web\/wp-content\/uploads\/2025\/04\/SQDHKPKIGFBTZFHHPXOESBCPZY-300x200.webp",300,200,true],"medium_large":["https:\/\/www.koncevisiontv.cl\/web\/wp-content\/uploads\/2025\/04\/SQDHKPKIGFBTZFHHPXOESBCPZY-768x512.webp",640,427,true],"large":["https:\/\/www.koncevisiontv.cl\/web\/wp-content\/uploads\/2025\/04\/SQDHKPKIGFBTZFHHPXOESBCPZY.webp",640,427,false],"1536x1536":["https:\/\/www.koncevisiontv.cl\/web\/wp-content\/uploads\/2025\/04\/SQDHKPKIGFBTZFHHPXOESBCPZY.webp",1023,682,false],"2048x2048":["https:\/\/www.koncevisiontv.cl\/web\/wp-content\/uploads\/2025\/04\/SQDHKPKIGFBTZFHHPXOESBCPZY.webp",1023,682,false],"darknews-featured":["https:\/\/www.koncevisiontv.cl\/web\/wp-content\/uploads\/2025\/04\/SQDHKPKIGFBTZFHHPXOESBCPZY.webp",1023,682,false],"darknews-large":["https:\/\/www.koncevisiontv.cl\/web\/wp-content\/uploads\/2025\/04\/SQDHKPKIGFBTZFHHPXOESBCPZY-825x575.webp",825,575,true],"darknews-medium":["https:\/\/www.koncevisiontv.cl\/web\/wp-content\/uploads\/2025\/04\/SQDHKPKIGFBTZFHHPXOESBCPZY-590x410.webp",590,410,true]},"author_info":{"info":["Web-Master"]},"category_info":"<a href=\"https:\/\/www.koncevisiontv.cl\/web\/category\/nacional\/\" rel=\"category tag\">Nacional<\/a>","tag_info":"Nacional","comment_count":"0","uagb_featured_image_src":{"full":["https:\/\/www.koncevisiontv.cl\/web\/wp-content\/uploads\/2025\/04\/SQDHKPKIGFBTZFHHPXOESBCPZY.webp",1023,682,false],"thumbnail":["https:\/\/www.koncevisiontv.cl\/web\/wp-content\/uploads\/2025\/04\/SQDHKPKIGFBTZFHHPXOESBCPZY-150x150.webp",150,150,true],"medium":["https:\/\/www.koncevisiontv.cl\/web\/wp-content\/uploads\/2025\/04\/SQDHKPKIGFBTZFHHPXOESBCPZY-300x200.webp",300,200,true],"medium_large":["https:\/\/www.koncevisiontv.cl\/web\/wp-content\/uploads\/2025\/04\/SQDHKPKIGFBTZFHHPXOESBCPZY-768x512.webp",640,427,true],"large":["https:\/\/www.koncevisiontv.cl\/web\/wp-content\/uploads\/2025\/04\/SQDHKPKIGFBTZFHHPXOESBCPZY.webp",640,427,false],"1536x1536":["https:\/\/www.koncevisiontv.cl\/web\/wp-content\/uploads\/2025\/04\/SQDHKPKIGFBTZFHHPXOESBCPZY.webp",1023,682,false],"2048x2048":["https:\/\/www.koncevisiontv.cl\/web\/wp-content\/uploads\/2025\/04\/SQDHKPKIGFBTZFHHPXOESBCPZY.webp",1023,682,false],"darknews-featured":["https:\/\/www.koncevisiontv.cl\/web\/wp-content\/uploads\/2025\/04\/SQDHKPKIGFBTZFHHPXOESBCPZY.webp",1023,682,false],"darknews-large":["https:\/\/www.koncevisiontv.cl\/web\/wp-content\/uploads\/2025\/04\/SQDHKPKIGFBTZFHHPXOESBCPZY-825x575.webp",825,575,true],"darknews-medium":["https:\/\/www.koncevisiontv.cl\/web\/wp-content\/uploads\/2025\/04\/SQDHKPKIGFBTZFHHPXOESBCPZY-590x410.webp",590,410,true]},"uagb_author_info":{"display_name":"Web-Master","author_link":"https:\/\/www.koncevisiontv.cl\/web\/author\/koncevision\/"},"uagb_comment_info":0,"uagb_excerpt":"La prensa ha denunciado al alcalde de Cerro Nav\u00eda , Mauro Tamayo , de izquierda, por viajar a","_links":{"self":[{"href":"https:\/\/www.koncevisiontv.cl\/web\/wp-json\/wp\/v2\/posts\/6935","targetHints":{"allow":["GET"]}}],"collection":[{"href":"https:\/\/www.koncevisiontv.cl\/web\/wp-json\/wp\/v2\/posts"}],"about":[{"href":"https:\/\/www.koncevisiontv.cl\/web\/wp-json\/wp\/v2\/types\/post"}],"author":[{"embeddable":true,"href":"https:\/\/www.koncevisiontv.cl\/web\/wp-json\/wp\/v2\/users\/5"}],"replies":[{"embeddable":true,"href":"https:\/\/www.koncevisiontv.cl\/web\/wp-json\/wp\/v2\/comments?post=6935"}],"version-history":[{"count":1,"href":"https:\/\/www.koncevisiontv.cl\/web\/wp-json\/wp\/v2\/posts\/6935\/revisions"}],"predecessor-version":[{"id":6937,"href":"https:\/\/www.koncevisiontv.cl\/web\/wp-json\/wp\/v2\/posts\/6935\/revisions\/6937"}],"wp:featuredmedia":[{"embeddable":true,"href":"https:\/\/www.koncevisiontv.cl\/web\/wp-json\/wp\/v2\/media\/6936"}],"wp:attachment":[{"href":"https:\/\/www.koncevisiontv.cl\/web\/wp-json\/wp\/v2\/media?parent=6935"}],"wp:term":[{"taxonomy":"category","embeddable":true,"href":"https:\/\/www.koncevisiontv.cl\/web\/wp-json\/wp\/v2\/categories?post=6935"},{"taxonomy":"post_tag","embeddable":true,"href":"https:\/\/www.koncevisiontv.cl\/web\/wp-json\/wp\/v2\/tags?post=6935"}],"curies":[{"name":"wp","href":"https:\/\/api.w.org\/{rel}","templated":true}]}}