{"id":6938,"date":"2025-04-02T13:11:13","date_gmt":"2025-04-02T16:11:13","guid":{"rendered":"https:\/\/www.koncevisiontv.cl\/web\/?p=6938"},"modified":"2025-04-02T13:11:16","modified_gmt":"2025-04-02T16:11:16","slug":"ojeda-modifican-cautelar-arresto-domiciliario-total-convenios","status":"publish","type":"post","link":"https:\/\/www.koncevisiontv.cl\/web\/ojeda-modifican-cautelar-arresto-domiciliario-total-convenios\/","title":{"rendered":"Caso Convenios: Modifican Cautelar de Desaforado Diputado Ojeda y Ahora Cumplir\u00e1 Arresto Domiciliario Total"},"content":{"rendered":"\n<p class=\"wp-block-paragraph\">El <strong>Juzgado de Garant\u00eda de Temuco <\/strong>, en la Regi\u00f3n de <strong>La Araucan\u00eda <\/strong>, resolvi\u00f3 este mi\u00e9rcoles modificar la <strong>prisi\u00f3n preventiva <\/strong>del <strong>desaforado diputado <\/strong>, <strong>Mauricio Ojeda <\/strong>, uno de los ocho acusados en la arista <strong>Manicure <\/strong>del <strong>Caso Convenios <\/strong>. Seg\u00fan el fallo, Ojeda cumplir\u00e1 ahora la cautelar de <strong>arresto domiciliario total <\/strong>, un r\u00e9gimen menos restrictivo que le permitir\u00e1 estar en contacto m\u00e1s cercano con su familia y comunidad, aunque seguir\u00e1 bajo custodia policial.<\/p>\n\n\n\n<hr class=\"wp-block-separator has-alpha-channel-opacity\"\/>\n\n\n\n<h3 class=\"wp-block-heading\"><strong>El Caso Convenios: Arista Manicure<\/strong><\/h3>\n\n\n\n<p class=\"wp-block-paragraph\">Este mi\u00e9rcoles, el tribunal de Temuco modific\u00f3 la medida cautelar de Ojeda, reduciendo su restricci\u00f3n pero manteniendo su custodia policial.<\/p>\n\n\n\n<hr class=\"wp-block-separator has-alpha-channel-opacity\"\/>\n\n\n\n<h3 class=\"wp-block-heading\"><strong>El Cambio de Cautelar y su Impacto<\/strong><\/h3>\n\n\n\n<p class=\"wp-block-paragraph\">Seg\u00fan el fallo judicial, Ojeda cumplir\u00e1 ahora <strong>arresto domiciliario total <\/strong>, un r\u00e9gimen que le permitir\u00e1 permanecer en su hogar bajo estricta supervisi\u00f3n policial. Esto representa un cambio significativo en su situaci\u00f3n legal, aunque sigue siendo responsable del caso y enfrentar\u00e1 cargos por irregularidades en su gesti\u00f3n como subsecretario y ministro del Interior.<\/p>\n\n\n\n<blockquote class=\"wp-block-quote is-layout-flow wp-block-quote-is-layout-flow\">\n<p class=\"wp-block-paragraph\">\u201cModificamos la medida cautelar de Mauricio Ojeda para permitirle estar m\u00e1s cerca de su familia y comunidad, pero mantendremos su custodia mientras avanza el proceso judicial,\u201d se\u00f1al\u00f3 el juez de garant\u00eda de Temuco.<\/p>\n<\/blockquote>\n\n\n\n<p class=\"wp-block-paragraph\">El cambio tambi\u00e9n busca mitigar las tensiones familiares generadas por el largo tiempo que Ojeda ha permanecido tras las rejas, especialmente considerando que es padre de un hijo de apenas <strong>25 d\u00edas <\/strong>.<\/p>\n\n\n\n<hr class=\"wp-block-separator has-alpha-channel-opacity\"\/>\n\n\n\n<h3 class=\"wp-block-heading\"><strong>Reacciones y Contexto Pol\u00edtico<\/strong><\/h3>\n\n\n\n<p class=\"wp-block-paragraph\">La decisi\u00f3n judicial ha generado reacciones divididas en redes sociales y medios de comunicaci\u00f3n. Mientras algunos respaldan la medida como un avance humano, otros han criticado duramente el fallo, se\u00f1alando que el cambio no deber\u00eda permitir que un imputado condenado por irregularidades en su gesti\u00f3n como ministro contin\u00fae en libertad bajo custodia.<\/p>\n\n\n\n<blockquote class=\"wp-block-quote is-layout-flow wp-block-quote-is-layout-flow\">\n<p class=\"wp-block-paragraph\">\u201cEsperamos que el tribunal mantenga la cautelar m\u00e1s severa para evitar que casos como este se repitan,\u201d escribi\u00f3 un usuario en Twitter.<\/p>\n<\/blockquote>\n\n\n\n<p class=\"wp-block-paragraph\">Por su parte, el diputado Ojeda ha mostrado tranquilidad frente a la decisi\u00f3n, subrayando que seguir\u00e1 enfrentando sus responsabilidades con lealtad y disposici\u00f3n a cooperar con la justicia.<\/p>\n","protected":false},"excerpt":{"rendered":"<p>El Juzgado de Garant\u00eda de Temuco , en la Regi\u00f3n de La Araucan\u00eda , resolvi\u00f3 este mi\u00e9rcoles modificar<\/p>\n","protected":false},"author":5,"featured_media":5675,"comment_status":"open","ping_status":"open","sticky":false,"template":"","format":"standard","meta":{"_crdt_document":"","_uag_custom_page_level_css":"","_sitemap_exclude":false,"_sitemap_priority":"","_sitemap_frequency":"","_joinchat":[],"footnotes":""},"categories":[14],"tags":[],"class_list":["post-6938","post","type-post","status-publish","format-standard","has-post-thumbnail","hentry","category-nacional"],"featured_image_urls":{"full":["https:\/\/www.koncevisiontv.cl\/web\/wp-content\/uploads\/2025\/02\/WhatsApp-Image-2024-08-13-at-08.45.22.jpeg",960,502,false],"thumbnail":["https:\/\/www.koncevisiontv.cl\/web\/wp-content\/uploads\/2025\/02\/WhatsApp-Image-2024-08-13-at-08.45.22-150x150.jpeg",150,150,true],"medium":["https:\/\/www.koncevisiontv.cl\/web\/wp-content\/uploads\/2025\/02\/WhatsApp-Image-2024-08-13-at-08.45.22-300x157.jpeg",300,157,true],"medium_large":["https:\/\/www.koncevisiontv.cl\/web\/wp-content\/uploads\/2025\/02\/WhatsApp-Image-2024-08-13-at-08.45.22-768x402.jpeg",640,335,true],"large":["https:\/\/www.koncevisiontv.cl\/web\/wp-content\/uploads\/2025\/02\/WhatsApp-Image-2024-08-13-at-08.45.22.jpeg",640,335,false],"1536x1536":["https:\/\/www.koncevisiontv.cl\/web\/wp-content\/uploads\/2025\/02\/WhatsApp-Image-2024-08-13-at-08.45.22.jpeg",960,502,false],"2048x2048":["https:\/\/www.koncevisiontv.cl\/web\/wp-content\/uploads\/2025\/02\/WhatsApp-Image-2024-08-13-at-08.45.22.jpeg",960,502,false],"darknews-featured":["https:\/\/www.koncevisiontv.cl\/web\/wp-content\/uploads\/2025\/02\/WhatsApp-Image-2024-08-13-at-08.45.22.jpeg",960,502,false],"darknews-large":["https:\/\/www.koncevisiontv.cl\/web\/wp-content\/uploads\/2025\/02\/WhatsApp-Image-2024-08-13-at-08.45.22-825x502.jpeg",825,502,true],"darknews-medium":["https:\/\/www.koncevisiontv.cl\/web\/wp-content\/uploads\/2025\/02\/WhatsApp-Image-2024-08-13-at-08.45.22-590x410.jpeg",590,410,true]},"author_info":{"info":["Web-Master"]},"category_info":"<a href=\"https:\/\/www.koncevisiontv.cl\/web\/category\/nacional\/\" rel=\"category tag\">Nacional<\/a>","tag_info":"Nacional","comment_count":"0","uagb_featured_image_src":{"full":["https:\/\/www.koncevisiontv.cl\/web\/wp-content\/uploads\/2025\/02\/WhatsApp-Image-2024-08-13-at-08.45.22.jpeg",960,502,false],"thumbnail":["https:\/\/www.koncevisiontv.cl\/web\/wp-content\/uploads\/2025\/02\/WhatsApp-Image-2024-08-13-at-08.45.22-150x150.jpeg",150,150,true],"medium":["https:\/\/www.koncevisiontv.cl\/web\/wp-content\/uploads\/2025\/02\/WhatsApp-Image-2024-08-13-at-08.45.22-300x157.jpeg",300,157,true],"medium_large":["https:\/\/www.koncevisiontv.cl\/web\/wp-content\/uploads\/2025\/02\/WhatsApp-Image-2024-08-13-at-08.45.22-768x402.jpeg",640,335,true],"large":["https:\/\/www.koncevisiontv.cl\/web\/wp-content\/uploads\/2025\/02\/WhatsApp-Image-2024-08-13-at-08.45.22.jpeg",640,335,false],"1536x1536":["https:\/\/www.koncevisiontv.cl\/web\/wp-content\/uploads\/2025\/02\/WhatsApp-Image-2024-08-13-at-08.45.22.jpeg",960,502,false],"2048x2048":["https:\/\/www.koncevisiontv.cl\/web\/wp-content\/uploads\/2025\/02\/WhatsApp-Image-2024-08-13-at-08.45.22.jpeg",960,502,false],"darknews-featured":["https:\/\/www.koncevisiontv.cl\/web\/wp-content\/uploads\/2025\/02\/WhatsApp-Image-2024-08-13-at-08.45.22.jpeg",960,502,false],"darknews-large":["https:\/\/www.koncevisiontv.cl\/web\/wp-content\/uploads\/2025\/02\/WhatsApp-Image-2024-08-13-at-08.45.22-825x502.jpeg",825,502,true],"darknews-medium":["https:\/\/www.koncevisiontv.cl\/web\/wp-content\/uploads\/2025\/02\/WhatsApp-Image-2024-08-13-at-08.45.22-590x410.jpeg",590,410,true]},"uagb_author_info":{"display_name":"Web-Master","author_link":"https:\/\/www.koncevisiontv.cl\/web\/author\/koncevision\/"},"uagb_comment_info":0,"uagb_excerpt":"El Juzgado de Garant\u00eda de Temuco , en la Regi\u00f3n de La Araucan\u00eda , resolvi\u00f3 este mi\u00e9rcoles modificar","_links":{"self":[{"href":"https:\/\/www.koncevisiontv.cl\/web\/wp-json\/wp\/v2\/posts\/6938","targetHints":{"allow":["GET"]}}],"collection":[{"href":"https:\/\/www.koncevisiontv.cl\/web\/wp-json\/wp\/v2\/posts"}],"about":[{"href":"https:\/\/www.koncevisiontv.cl\/web\/wp-json\/wp\/v2\/types\/post"}],"author":[{"embeddable":true,"href":"https:\/\/www.koncevisiontv.cl\/web\/wp-json\/wp\/v2\/users\/5"}],"replies":[{"embeddable":true,"href":"https:\/\/www.koncevisiontv.cl\/web\/wp-json\/wp\/v2\/comments?post=6938"}],"version-history":[{"count":1,"href":"https:\/\/www.koncevisiontv.cl\/web\/wp-json\/wp\/v2\/posts\/6938\/revisions"}],"predecessor-version":[{"id":6939,"href":"https:\/\/www.koncevisiontv.cl\/web\/wp-json\/wp\/v2\/posts\/6938\/revisions\/6939"}],"wp:featuredmedia":[{"embeddable":true,"href":"https:\/\/www.koncevisiontv.cl\/web\/wp-json\/wp\/v2\/media\/5675"}],"wp:attachment":[{"href":"https:\/\/www.koncevisiontv.cl\/web\/wp-json\/wp\/v2\/media?parent=6938"}],"wp:term":[{"taxonomy":"category","embeddable":true,"href":"https:\/\/www.koncevisiontv.cl\/web\/wp-json\/wp\/v2\/categories?post=6938"},{"taxonomy":"post_tag","embeddable":true,"href":"https:\/\/www.koncevisiontv.cl\/web\/wp-json\/wp\/v2\/tags?post=6938"}],"curies":[{"name":"wp","href":"https:\/\/api.w.org\/{rel}","templated":true}]}}