{"id":6940,"date":"2025-04-02T13:32:20","date_gmt":"2025-04-02T16:32:20","guid":{"rendered":"https:\/\/www.koncevisiontv.cl\/web\/?p=6940"},"modified":"2025-04-02T14:29:57","modified_gmt":"2025-04-02T17:29:57","slug":"museo-de-concepcion-designacion-recursos-ubicacion-ddhh","status":"publish","type":"post","link":"https:\/\/www.koncevisiontv.cl\/web\/museo-de-concepcion-designacion-recursos-ubicacion-ddhh\/","title":{"rendered":"MUSEO II: Gran Noticia para Concepci\u00f3n: Designaci\u00f3n de Recursos y Ubicaci\u00f3n por el Gore para el Monumento de la Memoria y DD.HH"},"content":{"rendered":"\n<p class=\"wp-block-paragraph\">La designaci\u00f3n de recursos y ubicaci\u00f3n para la construcci\u00f3n del <strong>Museo de la Memoria y Derechos Humanos (DD.HH.) <\/strong>en <strong>Concepci\u00f3n <\/strong>ha generado gran expectativa en la comunidad local y nacional. Este nuevo espacio cultural permitir\u00e1 una mejor experiencia para el turista y prestigiar la regi\u00f3n, con un enfoque en la memoria hist\u00f3rica y el desarrollo social.<\/p>\n\n\n\n<hr class=\"wp-block-separator has-alpha-channel-opacity\"\/>\n\n\n\n<h3 class=\"wp-block-heading\"><strong>El Caso que Marca un Cambio en la Comuna<\/strong><\/h3>\n\n\n\n<p class=\"wp-block-paragraph\">Este hecho ocurri\u00f3 en un momento clave para la comuna, donde el gobierno busca consolidar su legado hist\u00f3rico y generar trabajo a trav\u00e9s de este proyecto cultural. Seg\u00fan Silva V\u00e1squez:<\/p>\n\n\n\n<blockquote class=\"wp-block-quote is-layout-flow wp-block-quote-is-layout-flow\">\n<p class=\"wp-block-paragraph\">\u201cEs una gran noticia para Concepci\u00f3n, porque este espacio permitir\u00e1 a los turistas aprender sobre los horrores del pasado y tambi\u00e9n a los chilenos aprender de ellos. Esto no es solo una inversi\u00f3n para los turistas, sino una inversi\u00f3n para toda la comunidad.\u201d<\/p>\n<\/blockquote>\n\n\n\n<p class=\"wp-block-paragraph\">Este anuncio llega en medio de tensiones pol\u00edticas y sociales en la regi\u00f3n, donde se busca abordar problemas estructurales como la falta de oportunidades laborales y la necesidad de fortalecer la memoria hist\u00f3rica de los chilenos.<\/p>\n\n\n\n<hr class=\"wp-block-separator has-alpha-channel-opacity\"\/>\n\n\n\n<h3 class=\"wp-block-heading\"><strong>El Proyecto Cultural en Foco<\/strong><\/h3>\n\n\n\n<p class=\"wp-block-paragraph\">El proyecto cultural busca generar un espacio donde se pueda reflexionar sobre el Golpe de Estado de 1973 y el posterior desarrollo del Gobierno Militar, distinguiendo distintos per\u00edodos clave:<\/p>\n\n\n\n<ul class=\"wp-block-list\">\n<li><strong>1973-1978: <\/strong>Golpe de Estado y primeros a\u00f1os de dictadura.<\/li>\n\n\n\n<li><strong>1980-1989: <\/strong>Continuidad del gobierno militar.<\/li>\n\n\n\n<li><strong>Desde 1990: <\/strong>Reconstrucci\u00f3n democr\u00e1tica.<\/li>\n<\/ul>\n\n\n\n<p class=\"wp-block-paragraph\">Silva V\u00e1squez destac\u00f3 que el museo debe ser un lugar de encuentro, tolerancia y contribuci\u00f3n hist\u00f3rica para toda la sociedad:<\/p>\n\n\n\n<blockquote class=\"wp-block-quote is-layout-flow wp-block-quote-is-layout-flow\">\n<p class=\"wp-block-paragraph\">\u201cUn museo que se realice con los fondos de la regi\u00f3n debe ser un lugar de encuentro, de tolerancia y de contribuci\u00f3n hist\u00f3rica para toda la sociedad. Esto no es solo un monumento para algunos, sino un espacio para todos.\u201d<\/p>\n<\/blockquote>\n\n\n\n<hr class=\"wp-block-separator has-alpha-channel-opacity\"\/>\n\n\n\n<h3 class=\"wp-block-heading\"><strong>El Debate Pol\u00edtico y las Reacciones<\/strong><\/h3>\n\n\n\n<p class=\"wp-block-paragraph\">Este proyecto ha generado debate en el \u00e1mbito pol\u00edtico, donde algunos sectores ven una oportunidad para sanar heridas hist\u00f3ricas y otros cuestionan si la inversi\u00f3n es adecuada.<\/p>\n\n\n\n<p class=\"wp-block-paragraph\">Por su parte, la comunidad ha recibido con entusiasmo el proyecto, destacando la importancia de preservar el patrimonio hist\u00f3rico y promover la reconciliaci\u00f3n social.<\/p>\n","protected":false},"excerpt":{"rendered":"<p>La designaci\u00f3n de recursos y ubicaci\u00f3n para la construcci\u00f3n del Museo de la Memoria y Derechos Humanos (DD.HH.)<\/p>\n","protected":false},"author":5,"featured_media":6941,"comment_status":"open","ping_status":"open","sticky":false,"template":"","format":"standard","meta":{"_crdt_document":"","_uag_custom_page_level_css":"","_sitemap_exclude":false,"_sitemap_priority":"","_sitemap_frequency":"","_joinchat":[],"footnotes":""},"categories":[14],"tags":[],"class_list":["post-6940","post","type-post","status-publish","format-standard","has-post-thumbnail","hentry","category-nacional"],"featured_image_urls":{"full":["https:\/\/www.koncevisiontv.cl\/web\/wp-content\/uploads\/2025\/04\/WhatsApp-Image-2025-04-02-at-11.24.24.jpeg",750,750,false],"thumbnail":["https:\/\/www.koncevisiontv.cl\/web\/wp-content\/uploads\/2025\/04\/WhatsApp-Image-2025-04-02-at-11.24.24-150x150.jpeg",150,150,true],"medium":["https:\/\/www.koncevisiontv.cl\/web\/wp-content\/uploads\/2025\/04\/WhatsApp-Image-2025-04-02-at-11.24.24-300x300.jpeg",300,300,true],"medium_large":["https:\/\/www.koncevisiontv.cl\/web\/wp-content\/uploads\/2025\/04\/WhatsApp-Image-2025-04-02-at-11.24.24.jpeg",640,640,false],"large":["https:\/\/www.koncevisiontv.cl\/web\/wp-content\/uploads\/2025\/04\/WhatsApp-Image-2025-04-02-at-11.24.24.jpeg",640,640,false],"1536x1536":["https:\/\/www.koncevisiontv.cl\/web\/wp-content\/uploads\/2025\/04\/WhatsApp-Image-2025-04-02-at-11.24.24.jpeg",750,750,false],"2048x2048":["https:\/\/www.koncevisiontv.cl\/web\/wp-content\/uploads\/2025\/04\/WhatsApp-Image-2025-04-02-at-11.24.24.jpeg",750,750,false],"darknews-featured":["https:\/\/www.koncevisiontv.cl\/web\/wp-content\/uploads\/2025\/04\/WhatsApp-Image-2025-04-02-at-11.24.24.jpeg",750,750,false],"darknews-large":["https:\/\/www.koncevisiontv.cl\/web\/wp-content\/uploads\/2025\/04\/WhatsApp-Image-2025-04-02-at-11.24.24-750x575.jpeg",750,575,true],"darknews-medium":["https:\/\/www.koncevisiontv.cl\/web\/wp-content\/uploads\/2025\/04\/WhatsApp-Image-2025-04-02-at-11.24.24-590x410.jpeg",590,410,true]},"author_info":{"info":["Web-Master"]},"category_info":"<a href=\"https:\/\/www.koncevisiontv.cl\/web\/category\/nacional\/\" rel=\"category tag\">Nacional<\/a>","tag_info":"Nacional","comment_count":"0","uagb_featured_image_src":{"full":["https:\/\/www.koncevisiontv.cl\/web\/wp-content\/uploads\/2025\/04\/WhatsApp-Image-2025-04-02-at-11.24.24.jpeg",750,750,false],"thumbnail":["https:\/\/www.koncevisiontv.cl\/web\/wp-content\/uploads\/2025\/04\/WhatsApp-Image-2025-04-02-at-11.24.24-150x150.jpeg",150,150,true],"medium":["https:\/\/www.koncevisiontv.cl\/web\/wp-content\/uploads\/2025\/04\/WhatsApp-Image-2025-04-02-at-11.24.24-300x300.jpeg",300,300,true],"medium_large":["https:\/\/www.koncevisiontv.cl\/web\/wp-content\/uploads\/2025\/04\/WhatsApp-Image-2025-04-02-at-11.24.24.jpeg",640,640,false],"large":["https:\/\/www.koncevisiontv.cl\/web\/wp-content\/uploads\/2025\/04\/WhatsApp-Image-2025-04-02-at-11.24.24.jpeg",640,640,false],"1536x1536":["https:\/\/www.koncevisiontv.cl\/web\/wp-content\/uploads\/2025\/04\/WhatsApp-Image-2025-04-02-at-11.24.24.jpeg",750,750,false],"2048x2048":["https:\/\/www.koncevisiontv.cl\/web\/wp-content\/uploads\/2025\/04\/WhatsApp-Image-2025-04-02-at-11.24.24.jpeg",750,750,false],"darknews-featured":["https:\/\/www.koncevisiontv.cl\/web\/wp-content\/uploads\/2025\/04\/WhatsApp-Image-2025-04-02-at-11.24.24.jpeg",750,750,false],"darknews-large":["https:\/\/www.koncevisiontv.cl\/web\/wp-content\/uploads\/2025\/04\/WhatsApp-Image-2025-04-02-at-11.24.24-750x575.jpeg",750,575,true],"darknews-medium":["https:\/\/www.koncevisiontv.cl\/web\/wp-content\/uploads\/2025\/04\/WhatsApp-Image-2025-04-02-at-11.24.24-590x410.jpeg",590,410,true]},"uagb_author_info":{"display_name":"Web-Master","author_link":"https:\/\/www.koncevisiontv.cl\/web\/author\/koncevision\/"},"uagb_comment_info":0,"uagb_excerpt":"La designaci\u00f3n de recursos y ubicaci\u00f3n para la construcci\u00f3n del Museo de la Memoria y Derechos Humanos (DD.HH.)","_links":{"self":[{"href":"https:\/\/www.koncevisiontv.cl\/web\/wp-json\/wp\/v2\/posts\/6940","targetHints":{"allow":["GET"]}}],"collection":[{"href":"https:\/\/www.koncevisiontv.cl\/web\/wp-json\/wp\/v2\/posts"}],"about":[{"href":"https:\/\/www.koncevisiontv.cl\/web\/wp-json\/wp\/v2\/types\/post"}],"author":[{"embeddable":true,"href":"https:\/\/www.koncevisiontv.cl\/web\/wp-json\/wp\/v2\/users\/5"}],"replies":[{"embeddable":true,"href":"https:\/\/www.koncevisiontv.cl\/web\/wp-json\/wp\/v2\/comments?post=6940"}],"version-history":[{"count":1,"href":"https:\/\/www.koncevisiontv.cl\/web\/wp-json\/wp\/v2\/posts\/6940\/revisions"}],"predecessor-version":[{"id":6942,"href":"https:\/\/www.koncevisiontv.cl\/web\/wp-json\/wp\/v2\/posts\/6940\/revisions\/6942"}],"wp:featuredmedia":[{"embeddable":true,"href":"https:\/\/www.koncevisiontv.cl\/web\/wp-json\/wp\/v2\/media\/6941"}],"wp:attachment":[{"href":"https:\/\/www.koncevisiontv.cl\/web\/wp-json\/wp\/v2\/media?parent=6940"}],"wp:term":[{"taxonomy":"category","embeddable":true,"href":"https:\/\/www.koncevisiontv.cl\/web\/wp-json\/wp\/v2\/categories?post=6940"},{"taxonomy":"post_tag","embeddable":true,"href":"https:\/\/www.koncevisiontv.cl\/web\/wp-json\/wp\/v2\/tags?post=6940"}],"curies":[{"name":"wp","href":"https:\/\/api.w.org\/{rel}","templated":true}]}}