{"id":6949,"date":"2025-04-02T15:28:21","date_gmt":"2025-04-02T18:28:21","guid":{"rendered":"https:\/\/www.koncevisiontv.cl\/web\/?p=6949"},"modified":"2025-04-02T15:34:17","modified_gmt":"2025-04-02T18:34:17","slug":"ppd-ps-candidatura-propia-carolina-toha","status":"publish","type":"post","link":"https:\/\/www.koncevisiontv.cl\/web\/ppd-ps-candidatura-propia-carolina-toha\/","title":{"rendered":"Los Telefonazos y Mensajes del PPD para Evitar que el PS Opte por un Candidato Propio en Desmedro de Toh\u00e1"},"content":{"rendered":"\n<p class=\"wp-block-paragraph\">La insistencia del Partido Por la Democracia (PPD) para evitar que el Partido Socialista (PS) presente una candidatura propia en las primarias oficialistas ha generado un escenario pol\u00edtico tenso. El caso cobr\u00f3 relevancia cuando <strong>Paulina Vodanovic <\/strong>, presidenta del PS, dej\u00f3 entrever su disposici\u00f3n a competir contra <strong>Carolina Toh\u00e1 <\/strong>, exministra del Interior y abanderada del PPD, lo que podr\u00eda fracturar el bloque del <strong>Socialismo Democr\u00e1tico <\/strong><\/p>\n\n\n\n<div class=\"wp-block-uagb-image uagb-block-f5914d77 wp-block-uagb-image--layout-default wp-block-uagb-image--effect-static wp-block-uagb-image--align-none\"><figure class=\"wp-block-uagb-image__figure\"><img decoding=\"async\" srcset=\"https:\/\/www.koncevisiontv.cl\/web\/wp-content\/uploads\/2025\/04\/MR6KIDUW7VCMPJBHP4MSHTLHTQ.avif ,https:\/\/www.koncevisiontv.cl\/web\/wp-content\/uploads\/2025\/04\/MR6KIDUW7VCMPJBHP4MSHTLHTQ.avif 780w, https:\/\/www.koncevisiontv.cl\/web\/wp-content\/uploads\/2025\/04\/MR6KIDUW7VCMPJBHP4MSHTLHTQ.avif 360w\" sizes=\"auto, (max-width: 480px) 150px\" src=\"https:\/\/www.koncevisiontv.cl\/web\/wp-content\/uploads\/2025\/04\/MR6KIDUW7VCMPJBHP4MSHTLHTQ.avif\" alt=\"\" class=\"uag-image-6952\" width=\"690\" height=\"502\" title=\"MR6KIDUW7VCMPJBHP4MSHTLHTQ\" loading=\"lazy\" role=\"img\"><\/figure><\/div>\n\n\n\n<p class=\"wp-block-paragraph\"><\/p>\n\n\n\n<hr class=\"wp-block-separator has-alpha-channel-opacity\"\/>\n\n\n\n<h3 class=\"wp-block-heading\"><strong>El Mensaje de WhatsApp y el Intento de Di\u00e1logo<\/strong><\/h3>\n\n\n\n<p class=\"wp-block-paragraph\">Este martes por la tarde, el presidente del PPD, <strong>Jaime Quintana <\/strong>, envi\u00f3 un mensaje por WhatsApp a Paulina Vodanovic con el objetivo de sondear la posibilidad de una reuni\u00f3n entre ambas directivas. Seg\u00fan fuentes cercanas, el prop\u00f3sito era abordar el tema presidencial del <strong>Socialismo Democr\u00e1tico <\/strong>antes de que se concrete una decisi\u00f3n final.<\/p>\n\n\n\n<p class=\"wp-block-paragraph\">Sin embargo, las gestiones no tuvieron el efecto esperado. Lejos de calmar las aguas, estas conversaciones reforzaron la postura del PS de avanzar hacia una candidatura propia, liderada por Vodanovic. Este giro inesperado gener\u00f3 desconcierto en el PPD, especialmente tras declaraciones previas de Vodanovic en las que parec\u00eda inclinarse por apoyar a Toh\u00e1.<\/p>\n\n\n\n<p class=\"wp-block-paragraph\">\u201cLa candidatura de Carolina Toh\u00e1 es la del PPD. No es la candidatura del Socialismo Democr\u00e1tico\u201d, afirm\u00f3 Vodanovic este mi\u00e9rcoles en entrevista con Radio Pauta, marcando un claro distanciamiento con el proyecto liderado por el PPD.<\/p>\n\n\n\n<hr class=\"wp-block-separator has-alpha-channel-opacity\"\/>\n\n\n\n<h3 class=\"wp-block-heading\"><strong>El Riesgo de Divisi\u00f3n en las Primarias<\/strong><\/h3>\n\n\n\n<div class=\"wp-block-uagb-image uagb-block-840a094a wp-block-uagb-image--layout-default wp-block-uagb-image--effect-static wp-block-uagb-image--align-none\"><figure class=\"wp-block-uagb-image__figure\"><img decoding=\"async\" srcset=\"https:\/\/www.koncevisiontv.cl\/web\/wp-content\/uploads\/2025\/04\/GFOIUF7HNFGPNNIB4YIO4D5UHI.avif ,https:\/\/www.koncevisiontv.cl\/web\/wp-content\/uploads\/2025\/04\/GFOIUF7HNFGPNNIB4YIO4D5UHI.avif 780w, https:\/\/www.koncevisiontv.cl\/web\/wp-content\/uploads\/2025\/04\/GFOIUF7HNFGPNNIB4YIO4D5UHI.avif 360w\" sizes=\"auto, (max-width: 480px) 150px\" src=\"https:\/\/www.koncevisiontv.cl\/web\/wp-content\/uploads\/2025\/04\/GFOIUF7HNFGPNNIB4YIO4D5UHI.avif\" alt=\"\" class=\"uag-image-6953\" width=\"790\" height=\"527\" title=\"GFOIUF7HNFGPNNIB4YIO4D5UHI\" loading=\"lazy\" role=\"img\"><\/figure><\/div>\n\n\n\n<p class=\"wp-block-paragraph\">En el PPD est\u00e1n convencidos de que si el PS opta por llevar un abanderado propio, solo debilitar\u00e1 la candidatura de Toh\u00e1 debido a la dispersi\u00f3n de votos dentro del sector. Esto, seg\u00fan advierten, podr\u00eda favorecer a los precandidatos del Frente Amplio o del Partido Comunista, colectividades que a\u00fan deben zanjar sus abanderados, aunque los nombres m\u00e1s probables son el diputado <strong>Gonzalo Winter (FA) <\/strong>y la ministra del Trabajo, <strong>Jeannette Jara (PC) <\/strong>.<\/p>\n\n\n\n<blockquote class=\"wp-block-quote is-layout-flow wp-block-quote-is-layout-flow\">\n<p class=\"wp-block-paragraph\">\u201cHay un riesgo real para el Socialismo Democr\u00e1tico en ir divididos a las primarias,\u201d dijo Quintana en entrevista con <em>La Tercera <\/em>.<\/p>\n<\/blockquote>\n\n\n\n<p class=\"wp-block-paragraph\">Para el PPD, una candidatura \u00fanica encabezada por Toh\u00e1 ser\u00eda la mejor opci\u00f3n para reconstruir el espacio pol\u00edtico y demostrar fuerza frente a otras coaliciones. Sin embargo, esta visi\u00f3n choca frontalmente con la creciente idea dentro del PS de presentar un candidato propio como forma de demostrar vigencia pol\u00edtica.<\/p>\n\n\n\n<hr class=\"wp-block-separator has-alpha-channel-opacity\"\/>\n\n\n\n<h3 class=\"wp-block-heading\"><strong>\u00bfPor Qu\u00e9 Carolina Toh\u00e1 no Convence al PS?<\/strong><\/h3>\n\n\n\n<p class=\"wp-block-paragraph\">Aunque Toh\u00e1 cuenta con el respaldo de figuras de peso dentro del PS, como el ministro del Interior, <strong>\u00c1lvaro Elizalde <\/strong>, y el senador <strong>Jos\u00e9 Miguel Insulza <\/strong>, la exministra enfrenta resistencias significativas dentro de la colectividad. Entre las principales razones destacan:<\/p>\n\n\n\n<ul class=\"wp-block-list\">\n<li><strong>Falta de competitividad <\/strong>: Sectores del PS consideran que Toh\u00e1 no tiene el perfil suficiente para captar votos m\u00e1s all\u00e1 del n\u00facleo duro del oficialismo.<\/li>\n\n\n\n<li><strong>Relaci\u00f3n tensa con el partido <\/strong>: Algunos militantes perciben que Toh\u00e1 no ha mostrado un trato cercano ni respetuoso hacia el PS durante su carrera pol\u00edtica.<\/li>\n\n\n\n<li><strong>Poca carisma <\/strong>: La exministra es vista como una figura t\u00e9cnica pero poco conectada emocionalmente con la ciudadan\u00eda.<\/li>\n<\/ul>\n\n\n\n<p class=\"wp-block-paragraph\">Adem\u00e1s, dentro del PS hay quienes argumentan que el PPD ha perdido relevancia electoral en los \u00faltimos a\u00f1os, por lo que el PS deber\u00eda asumir un rol protag\u00f3nico y no subordinarse a otra colectividad.<\/p>\n\n\n\n<hr class=\"wp-block-separator has-alpha-channel-opacity\"\/>\n\n\n\n<h3 class=\"wp-block-heading\"><strong>El Ascenso de Paulina Vodanovic<\/strong><\/h3>\n\n\n\n<p class=\"wp-block-paragraph\">Tras su s\u00f3lida reelecci\u00f3n en las elecciones internas socialistas, Paulina Vodanovic ha ganado terreno como posible candidata presidencial. Seg\u00fan fuentes cercanas, la senadora estar\u00eda dispuesta a competir si la militancia as\u00ed lo decide.<\/p>\n\n\n\n<p class=\"wp-block-paragraph\">Su discurso tambi\u00e9n ha resonado entre importantes figuras del partido. El senador <strong>Gast\u00f3n Saavedra <\/strong>, quien inicialmente apoyaba a Toh\u00e1, ahora asegura que es \u201cesencial que el partido lleve un candidato propio\u201d y que Vodanovic \u201ces una buena alternativa.\u201d<\/p>\n\n\n\n<p class=\"wp-block-paragraph\">Incluso, los cuatro gobernadores regionales del PS \u2014<strong>Pablo Silva (O\u2019Higgins) <\/strong>, <strong>\u00d3scar Cris\u00f3stomo (\u00d1uble) <\/strong>, <strong>Miguel Vargas (Atacama) <\/strong>y <strong>Luis Cuvertino (Los R\u00edos) <\/strong>\u2014 emitieron una declaraci\u00f3n p\u00fablica pidiendo una carta presidencial propia y entregando su respaldo a Vodanovic.<\/p>\n\n\n\n<hr class=\"wp-block-separator has-alpha-channel-opacity\"\/>\n\n\n\n<h3 class=\"wp-block-heading\"><strong>La Reacci\u00f3n del PPD y la Estrategia de Toh\u00e1<\/strong><\/h3>\n\n\n\n<p class=\"wp-block-paragraph\">Desde el entorno de Carolina Toh\u00e1 aseguran que ella ser\u00e1 candidata \u201cs\u00ed o s\u00ed\u201d en las primarias oficialistas, con o sin el apoyo del PS. Seg\u00fan fuentes cercanas, Toh\u00e1 ha recibido m\u00faltiples mensajes y llamadas de apoyo desde el PPD, incluyendo gestiones del exsenador <strong>Guido Girardi <\/strong>y el exministro <strong>Sergio Bitar <\/strong>, quienes han intentado persuadir a dirigentes socialistas para que declinen su intenci\u00f3n de presentar una candidatura propia.<\/p>\n\n\n\n<p class=\"wp-block-paragraph\">No obstante, estas gestiones han generado malestar en el PS. Seg\u00fan afirman dirigentes socialistas, Bitar ha estado insistiendo con preguntas como: \u201c\u00bfCu\u00e1ndo el PS proclamar\u00e1 a Toh\u00e1?\u201d Un tono que muchos interpretan como una exigencia, lo que ha generado rechazo dentro del partido.<\/p>\n\n\n\n<hr class=\"wp-block-separator has-alpha-channel-opacity\"\/>\n\n\n\n<h3 class=\"wp-block-heading\"><strong>Un Cambio Inesperado: \u00bfQu\u00e9 Pas\u00f3 con Vodanovic?<\/strong><\/h3>\n\n\n\n<p class=\"wp-block-paragraph\">El cambio de postura de Paulina Vodanovic ha sorprendido incluso a los propios dirigentes del PPD. Hace apenas unos d\u00edas, la timonel del PS hab\u00eda declarado en CNN Chile que Toh\u00e1 ten\u00eda \u201cfortalezas y potencial para ser una muy buena candidata.\u201d Incluso lleg\u00f3 a sugerir que el PS, el PPD y el Frente Amplio podr\u00edan converger en torno a su figura.<\/p>\n\n\n\n<div class=\"wp-block-uagb-image uagb-block-b52c292d wp-block-uagb-image--layout-default wp-block-uagb-image--effect-static wp-block-uagb-image--align-none\"><figure class=\"wp-block-uagb-image__figure\"><img decoding=\"async\" srcset=\"https:\/\/www.koncevisiontv.cl\/web\/wp-content\/uploads\/2025\/04\/VW5YNXJCFVAVHG5JANY6WUAB4M.avif ,https:\/\/www.koncevisiontv.cl\/web\/wp-content\/uploads\/2025\/04\/VW5YNXJCFVAVHG5JANY6WUAB4M.avif 780w, https:\/\/www.koncevisiontv.cl\/web\/wp-content\/uploads\/2025\/04\/VW5YNXJCFVAVHG5JANY6WUAB4M.avif 360w\" sizes=\"auto, (max-width: 480px) 150px\" src=\"https:\/\/www.koncevisiontv.cl\/web\/wp-content\/uploads\/2025\/04\/VW5YNXJCFVAVHG5JANY6WUAB4M.avif\" alt=\"\" class=\"uag-image-6955\" width=\"790\" height=\"527\" title=\"VW5YNXJCFVAVHG5JANY6WUAB4M\" loading=\"lazy\" role=\"img\"><\/figure><\/div>\n\n\n\n<p class=\"wp-block-paragraph\">Sin embargo, el giro radical de Vodanovic ha dejado perplejos a algunos sectores del oficialismo. Especialmente despu\u00e9s de que el expresidente del PS, <strong>Osvaldo Andrade <\/strong>, afirmara en Radio Pauta que, si el PS decidiera postularse con un candidato propio, \u201cle sugerir\u00eda a Toh\u00e1 que no concursara.\u201d<\/p>\n\n\n\n<p class=\"wp-block-paragraph\">Esto gener\u00f3 desconcierto en el PPD, ya que Andrade hab\u00eda defendido p\u00fablicamente la idea de una candidatura \u00fanica apenas unas semanas atr\u00e1s.<\/p>\n","protected":false},"excerpt":{"rendered":"<p>La insistencia del Partido Por la Democracia (PPD) para evitar que el Partido Socialista (PS) presente una candidatura<\/p>\n","protected":false},"author":5,"featured_media":6950,"comment_status":"open","ping_status":"open","sticky":false,"template":"","format":"standard","meta":{"_crdt_document":"","_uag_custom_page_level_css":"","_sitemap_exclude":false,"_sitemap_priority":"","_sitemap_frequency":"","_joinchat":[],"footnotes":""},"categories":[14],"tags":[],"class_list":["post-6949","post","type-post","status-publish","format-standard","has-post-thumbnail","hentry","category-nacional"],"featured_image_urls":{"full":["https:\/\/www.koncevisiontv.cl\/web\/wp-content\/uploads\/2025\/04\/PF2UUG5Y4NA77OSKEN6HED6EFU.avif",790,527,false],"thumbnail":["https:\/\/www.koncevisiontv.cl\/web\/wp-content\/uploads\/2025\/04\/PF2UUG5Y4NA77OSKEN6HED6EFU-150x150.avif",150,150,true],"medium":["https:\/\/www.koncevisiontv.cl\/web\/wp-content\/uploads\/2025\/04\/PF2UUG5Y4NA77OSKEN6HED6EFU-300x200.avif",300,200,true],"medium_large":["https:\/\/www.koncevisiontv.cl\/web\/wp-content\/uploads\/2025\/04\/PF2UUG5Y4NA77OSKEN6HED6EFU-768x512.avif",640,427,true],"large":["https:\/\/www.koncevisiontv.cl\/web\/wp-content\/uploads\/2025\/04\/PF2UUG5Y4NA77OSKEN6HED6EFU.avif",640,427,false],"1536x1536":["https:\/\/www.koncevisiontv.cl\/web\/wp-content\/uploads\/2025\/04\/PF2UUG5Y4NA77OSKEN6HED6EFU.avif",790,527,false],"2048x2048":["https:\/\/www.koncevisiontv.cl\/web\/wp-content\/uploads\/2025\/04\/PF2UUG5Y4NA77OSKEN6HED6EFU.avif",790,527,false],"darknews-featured":["https:\/\/www.koncevisiontv.cl\/web\/wp-content\/uploads\/2025\/04\/PF2UUG5Y4NA77OSKEN6HED6EFU.avif",790,527,false],"darknews-large":["https:\/\/www.koncevisiontv.cl\/web\/wp-content\/uploads\/2025\/04\/PF2UUG5Y4NA77OSKEN6HED6EFU.avif",790,527,false],"darknews-medium":["https:\/\/www.koncevisiontv.cl\/web\/wp-content\/uploads\/2025\/04\/PF2UUG5Y4NA77OSKEN6HED6EFU-590x410.avif",590,410,true]},"author_info":{"info":["Web-Master"]},"category_info":"<a href=\"https:\/\/www.koncevisiontv.cl\/web\/category\/nacional\/\" rel=\"category tag\">Nacional<\/a>","tag_info":"Nacional","comment_count":"0","uagb_featured_image_src":{"full":["https:\/\/www.koncevisiontv.cl\/web\/wp-content\/uploads\/2025\/04\/PF2UUG5Y4NA77OSKEN6HED6EFU.avif",790,527,false],"thumbnail":["https:\/\/www.koncevisiontv.cl\/web\/wp-content\/uploads\/2025\/04\/PF2UUG5Y4NA77OSKEN6HED6EFU-150x150.avif",150,150,true],"medium":["https:\/\/www.koncevisiontv.cl\/web\/wp-content\/uploads\/2025\/04\/PF2UUG5Y4NA77OSKEN6HED6EFU-300x200.avif",300,200,true],"medium_large":["https:\/\/www.koncevisiontv.cl\/web\/wp-content\/uploads\/2025\/04\/PF2UUG5Y4NA77OSKEN6HED6EFU-768x512.avif",640,427,true],"large":["https:\/\/www.koncevisiontv.cl\/web\/wp-content\/uploads\/2025\/04\/PF2UUG5Y4NA77OSKEN6HED6EFU.avif",640,427,false],"1536x1536":["https:\/\/www.koncevisiontv.cl\/web\/wp-content\/uploads\/2025\/04\/PF2UUG5Y4NA77OSKEN6HED6EFU.avif",790,527,false],"2048x2048":["https:\/\/www.koncevisiontv.cl\/web\/wp-content\/uploads\/2025\/04\/PF2UUG5Y4NA77OSKEN6HED6EFU.avif",790,527,false],"darknews-featured":["https:\/\/www.koncevisiontv.cl\/web\/wp-content\/uploads\/2025\/04\/PF2UUG5Y4NA77OSKEN6HED6EFU.avif",790,527,false],"darknews-large":["https:\/\/www.koncevisiontv.cl\/web\/wp-content\/uploads\/2025\/04\/PF2UUG5Y4NA77OSKEN6HED6EFU.avif",790,527,false],"darknews-medium":["https:\/\/www.koncevisiontv.cl\/web\/wp-content\/uploads\/2025\/04\/PF2UUG5Y4NA77OSKEN6HED6EFU-590x410.avif",590,410,true]},"uagb_author_info":{"display_name":"Web-Master","author_link":"https:\/\/www.koncevisiontv.cl\/web\/author\/koncevision\/"},"uagb_comment_info":0,"uagb_excerpt":"La insistencia del Partido Por la Democracia (PPD) para evitar que el Partido Socialista (PS) presente una candidatura","_links":{"self":[{"href":"https:\/\/www.koncevisiontv.cl\/web\/wp-json\/wp\/v2\/posts\/6949","targetHints":{"allow":["GET"]}}],"collection":[{"href":"https:\/\/www.koncevisiontv.cl\/web\/wp-json\/wp\/v2\/posts"}],"about":[{"href":"https:\/\/www.koncevisiontv.cl\/web\/wp-json\/wp\/v2\/types\/post"}],"author":[{"embeddable":true,"href":"https:\/\/www.koncevisiontv.cl\/web\/wp-json\/wp\/v2\/users\/5"}],"replies":[{"embeddable":true,"href":"https:\/\/www.koncevisiontv.cl\/web\/wp-json\/wp\/v2\/comments?post=6949"}],"version-history":[{"count":2,"href":"https:\/\/www.koncevisiontv.cl\/web\/wp-json\/wp\/v2\/posts\/6949\/revisions"}],"predecessor-version":[{"id":6956,"href":"https:\/\/www.koncevisiontv.cl\/web\/wp-json\/wp\/v2\/posts\/6949\/revisions\/6956"}],"wp:featuredmedia":[{"embeddable":true,"href":"https:\/\/www.koncevisiontv.cl\/web\/wp-json\/wp\/v2\/media\/6950"}],"wp:attachment":[{"href":"https:\/\/www.koncevisiontv.cl\/web\/wp-json\/wp\/v2\/media?parent=6949"}],"wp:term":[{"taxonomy":"category","embeddable":true,"href":"https:\/\/www.koncevisiontv.cl\/web\/wp-json\/wp\/v2\/categories?post=6949"},{"taxonomy":"post_tag","embeddable":true,"href":"https:\/\/www.koncevisiontv.cl\/web\/wp-json\/wp\/v2\/tags?post=6949"}],"curies":[{"name":"wp","href":"https:\/\/api.w.org\/{rel}","templated":true}]}}