{"id":6957,"date":"2025-04-02T15:41:42","date_gmt":"2025-04-02T18:41:42","guid":{"rendered":"https:\/\/www.koncevisiontv.cl\/web\/?p=6957"},"modified":"2025-04-02T15:41:44","modified_gmt":"2025-04-02T18:41:44","slug":"manuel-monsalve-pruebas-telefono-camara-adn","status":"publish","type":"post","link":"https:\/\/www.koncevisiontv.cl\/web\/manuel-monsalve-pruebas-telefono-camara-adn\/","title":{"rendered":"Sac\u00f3 FOTOS en el HOTEL: Las Nuevas PRUEBAS que DESMENTIR\u00cdAN la Versi\u00f3n de Manuel MONSALVE"},"content":{"rendered":"\n<p class=\"wp-block-paragraph\">La ma\u00f1ana de este mi\u00e9rcoles, el tribunal confirm\u00f3 que <strong>Manuel Monsalve <\/strong>, exsubsecretario del Interior, continuar\u00e1 en prisi\u00f3n preventiva tras ser acusado de violaci\u00f3n por una exfuncionaria de la Subsecretar\u00eda del Interior. La decisi\u00f3n fue respaldada por nuevos antecedentes presentados por la Fiscal\u00eda, los cuales, seg\u00fan la jueza <strong>Carla Cappello <\/strong>, refuerzan los indicios de delito y la participaci\u00f3n del imputado en los hechos.<\/p>\n\n\n\n<p class=\"wp-block-paragraph\">La magistrada argument\u00f3 que, dada la gravedad de los elementos probatorios, Monsalve sigue representando un peligro para la seguridad de la sociedad. Por esta raz\u00f3n, el plazo de investigaci\u00f3n fue ampliado en <strong>75 d\u00edas adicionales <\/strong>.<\/p>\n\n\n\n<hr class=\"wp-block-separator has-alpha-channel-opacity\"\/>\n\n\n\n<h3 class=\"wp-block-heading\"><strong>Los Nuevos Antecedentes que Cambian el Caso<\/strong><\/h3>\n\n\n\n<p class=\"wp-block-paragraph\">En las \u00faltimas semanas, el Ministerio P\u00fablico realiz\u00f3 diversas diligencias clave para fortalecer su caso contra Monsalve. Entre los hallazgos m\u00e1s relevantes destaca un informe elaborado por la <strong>Polic\u00eda de Investigaciones (PDI) <\/strong>basado en pericias al tel\u00e9fono del imputado.<\/p>\n\n\n\n<h4 class=\"wp-block-heading\"><strong>El Uso de la C\u00e1mara del Tel\u00e9fono<\/strong><\/h4>\n\n\n\n<p class=\"wp-block-paragraph\">El informe revela que, durante la noche en que ocurrieron los hechos denunciados, <strong>Monsalve utiliz\u00f3 la c\u00e1mara de su tel\u00e9fono en dos ocasiones entre las 00:45 y la 1:18 horas <\/strong>. Adem\u00e1s, se detect\u00f3 actividad en aplicaciones como <strong>Signal <\/strong>y reproducci\u00f3n de m\u00fasica en ese mismo lapso.<\/p>\n\n\n\n<p class=\"wp-block-paragraph\">Consultada sobre el uso espec\u00edfico de la c\u00e1mara, la Fiscal\u00eda declar\u00f3 que \u00abes materia de investigaci\u00f3n\u00bb, pero destac\u00f3 que estos datos contradicen la versi\u00f3n inicial del imputado, quien hab\u00eda asegurado estar &#8220;borrado&#8221; esa noche y no recordar eventos espec\u00edficos.<\/p>\n\n\n\n<h4 class=\"wp-block-heading\"><strong>An\u00e1lisis de Fluidos Biol\u00f3gicos<\/strong><\/h4>\n\n\n\n<p class=\"wp-block-paragraph\">Otro elemento clave es un informe elaborado por una perito del <strong>Servicio M\u00e9dico Legal (SML) <\/strong>, que analiz\u00f3 las muestras de fluidos biol\u00f3gicos encontradas en la ropa de la v\u00edctima. Seg\u00fan el documento:<\/p>\n\n\n\n<blockquote class=\"wp-block-quote is-layout-flow wp-block-quote-is-layout-flow\">\n<p class=\"wp-block-paragraph\">\u201cEl resultado es irrefutable: las muestras encontradas corresponden al ADN del imputado, descartando la presencia de material gen\u00e9tico de otro sexo masculino.\u201d<\/p>\n<\/blockquote>\n\n\n\n<p class=\"wp-block-paragraph\">Aunque este hallazgo no es concluyente por s\u00ed solo, la perito aclar\u00f3 que toda la evidencia recolectada hasta ahora es compatible con el ADN de Monsalve, lo que refuerza la l\u00ednea investigativa en su contra.<\/p>\n\n\n\n<hr class=\"wp-block-separator has-alpha-channel-opacity\"\/>\n\n\n\n<h3 class=\"wp-block-heading\"><strong>La Decisi\u00f3n de la Jueza Carla Cappello<\/strong><\/h3>\n\n\n\n<p class=\"wp-block-paragraph\">Tras evaluar estas nuevas pruebas, la jueza <strong>Carla Cappello <\/strong>determin\u00f3 que son fundamentales para sostener la medida cautelar de prisi\u00f3n preventiva. En su resoluci\u00f3n, destac\u00f3 que:<\/p>\n\n\n\n<blockquote class=\"wp-block-quote is-layout-flow wp-block-quote-is-layout-flow\">\n<p class=\"wp-block-paragraph\">\u201cLos nuevos antecedentes presentados por la Fiscal\u00eda no solo refuerzan los indicios de delito, sino que tambi\u00e9n desmienten aspectos centrales de la declaraci\u00f3n del imputado. Esto justifica mantenerlo bajo custodia mientras avanza la investigaci\u00f3n.\u201d<\/p>\n<\/blockquote>\n\n\n\n<p class=\"wp-block-paragraph\">Adem\u00e1s, la magistrada subray\u00f3 que la libertad de Monsalve podr\u00eda poner en riesgo tanto a la v\u00edctima como a la integridad del proceso judicial.<\/p>\n\n\n\n<hr class=\"wp-block-separator has-alpha-channel-opacity\"\/>\n\n\n\n<h3 class=\"wp-block-heading\"><strong>Reacciones y Contexto Pol\u00edtico<\/strong><\/h3>\n\n\n\n<p class=\"wp-block-paragraph\">El caso ha generado gran impacto en la opini\u00f3n p\u00fablica y en el \u00e1mbito pol\u00edtico. Como figura cercana al oficialismo, la situaci\u00f3n de Monsalve ha generado debate sobre la transparencia y la responsabilidad de los funcionarios p\u00fablicos.<\/p>\n\n\n\n<p class=\"wp-block-paragraph\">Desde el sector oficialista, algunas voces han pedido cautela y respeto al debido proceso, mientras que la oposici\u00f3n ha criticado duramente la gesti\u00f3n del exsubsecretario.<\/p>\n\n\n\n<p class=\"wp-block-paragraph\">Por su parte, la defensa de Monsalve ha reiterado que su cliente es inocente y que las pruebas presentadas deben interpretarse dentro de un contexto m\u00e1s amplio. Sin embargo, los nuevos antecedentes complican a\u00fan m\u00e1s su posici\u00f3n legal.<\/p>\n","protected":false},"excerpt":{"rendered":"<p>La ma\u00f1ana de este mi\u00e9rcoles, el tribunal confirm\u00f3 que Manuel Monsalve , exsubsecretario del Interior, continuar\u00e1 en prisi\u00f3n<\/p>\n","protected":false},"author":5,"featured_media":6958,"comment_status":"open","ping_status":"open","sticky":false,"template":"","format":"standard","meta":{"_crdt_document":"","_uag_custom_page_level_css":"","_sitemap_exclude":false,"_sitemap_priority":"","_sitemap_frequency":"","_joinchat":[],"footnotes":""},"categories":[14],"tags":[],"class_list":["post-6957","post","type-post","status-publish","format-standard","has-post-thumbnail","hentry","category-nacional"],"featured_image_urls":{"full":["https:\/\/www.koncevisiontv.cl\/web\/wp-content\/uploads\/2025\/04\/Q4EDPGDNOJCSTCNXMYN67LUIIQ.webp",1023,682,false],"thumbnail":["https:\/\/www.koncevisiontv.cl\/web\/wp-content\/uploads\/2025\/04\/Q4EDPGDNOJCSTCNXMYN67LUIIQ-150x150.webp",150,150,true],"medium":["https:\/\/www.koncevisiontv.cl\/web\/wp-content\/uploads\/2025\/04\/Q4EDPGDNOJCSTCNXMYN67LUIIQ-300x200.webp",300,200,true],"medium_large":["https:\/\/www.koncevisiontv.cl\/web\/wp-content\/uploads\/2025\/04\/Q4EDPGDNOJCSTCNXMYN67LUIIQ-768x512.webp",640,427,true],"large":["https:\/\/www.koncevisiontv.cl\/web\/wp-content\/uploads\/2025\/04\/Q4EDPGDNOJCSTCNXMYN67LUIIQ.webp",640,427,false],"1536x1536":["https:\/\/www.koncevisiontv.cl\/web\/wp-content\/uploads\/2025\/04\/Q4EDPGDNOJCSTCNXMYN67LUIIQ.webp",1023,682,false],"2048x2048":["https:\/\/www.koncevisiontv.cl\/web\/wp-content\/uploads\/2025\/04\/Q4EDPGDNOJCSTCNXMYN67LUIIQ.webp",1023,682,false],"darknews-featured":["https:\/\/www.koncevisiontv.cl\/web\/wp-content\/uploads\/2025\/04\/Q4EDPGDNOJCSTCNXMYN67LUIIQ.webp",1023,682,false],"darknews-large":["https:\/\/www.koncevisiontv.cl\/web\/wp-content\/uploads\/2025\/04\/Q4EDPGDNOJCSTCNXMYN67LUIIQ-825x575.webp",825,575,true],"darknews-medium":["https:\/\/www.koncevisiontv.cl\/web\/wp-content\/uploads\/2025\/04\/Q4EDPGDNOJCSTCNXMYN67LUIIQ-590x410.webp",590,410,true]},"author_info":{"info":["Web-Master"]},"category_info":"<a href=\"https:\/\/www.koncevisiontv.cl\/web\/category\/nacional\/\" rel=\"category tag\">Nacional<\/a>","tag_info":"Nacional","comment_count":"0","uagb_featured_image_src":{"full":["https:\/\/www.koncevisiontv.cl\/web\/wp-content\/uploads\/2025\/04\/Q4EDPGDNOJCSTCNXMYN67LUIIQ.webp",1023,682,false],"thumbnail":["https:\/\/www.koncevisiontv.cl\/web\/wp-content\/uploads\/2025\/04\/Q4EDPGDNOJCSTCNXMYN67LUIIQ-150x150.webp",150,150,true],"medium":["https:\/\/www.koncevisiontv.cl\/web\/wp-content\/uploads\/2025\/04\/Q4EDPGDNOJCSTCNXMYN67LUIIQ-300x200.webp",300,200,true],"medium_large":["https:\/\/www.koncevisiontv.cl\/web\/wp-content\/uploads\/2025\/04\/Q4EDPGDNOJCSTCNXMYN67LUIIQ-768x512.webp",640,427,true],"large":["https:\/\/www.koncevisiontv.cl\/web\/wp-content\/uploads\/2025\/04\/Q4EDPGDNOJCSTCNXMYN67LUIIQ.webp",640,427,false],"1536x1536":["https:\/\/www.koncevisiontv.cl\/web\/wp-content\/uploads\/2025\/04\/Q4EDPGDNOJCSTCNXMYN67LUIIQ.webp",1023,682,false],"2048x2048":["https:\/\/www.koncevisiontv.cl\/web\/wp-content\/uploads\/2025\/04\/Q4EDPGDNOJCSTCNXMYN67LUIIQ.webp",1023,682,false],"darknews-featured":["https:\/\/www.koncevisiontv.cl\/web\/wp-content\/uploads\/2025\/04\/Q4EDPGDNOJCSTCNXMYN67LUIIQ.webp",1023,682,false],"darknews-large":["https:\/\/www.koncevisiontv.cl\/web\/wp-content\/uploads\/2025\/04\/Q4EDPGDNOJCSTCNXMYN67LUIIQ-825x575.webp",825,575,true],"darknews-medium":["https:\/\/www.koncevisiontv.cl\/web\/wp-content\/uploads\/2025\/04\/Q4EDPGDNOJCSTCNXMYN67LUIIQ-590x410.webp",590,410,true]},"uagb_author_info":{"display_name":"Web-Master","author_link":"https:\/\/www.koncevisiontv.cl\/web\/author\/koncevision\/"},"uagb_comment_info":0,"uagb_excerpt":"La ma\u00f1ana de este mi\u00e9rcoles, el tribunal confirm\u00f3 que Manuel Monsalve , exsubsecretario del Interior, continuar\u00e1 en prisi\u00f3n","_links":{"self":[{"href":"https:\/\/www.koncevisiontv.cl\/web\/wp-json\/wp\/v2\/posts\/6957","targetHints":{"allow":["GET"]}}],"collection":[{"href":"https:\/\/www.koncevisiontv.cl\/web\/wp-json\/wp\/v2\/posts"}],"about":[{"href":"https:\/\/www.koncevisiontv.cl\/web\/wp-json\/wp\/v2\/types\/post"}],"author":[{"embeddable":true,"href":"https:\/\/www.koncevisiontv.cl\/web\/wp-json\/wp\/v2\/users\/5"}],"replies":[{"embeddable":true,"href":"https:\/\/www.koncevisiontv.cl\/web\/wp-json\/wp\/v2\/comments?post=6957"}],"version-history":[{"count":1,"href":"https:\/\/www.koncevisiontv.cl\/web\/wp-json\/wp\/v2\/posts\/6957\/revisions"}],"predecessor-version":[{"id":6959,"href":"https:\/\/www.koncevisiontv.cl\/web\/wp-json\/wp\/v2\/posts\/6957\/revisions\/6959"}],"wp:featuredmedia":[{"embeddable":true,"href":"https:\/\/www.koncevisiontv.cl\/web\/wp-json\/wp\/v2\/media\/6958"}],"wp:attachment":[{"href":"https:\/\/www.koncevisiontv.cl\/web\/wp-json\/wp\/v2\/media?parent=6957"}],"wp:term":[{"taxonomy":"category","embeddable":true,"href":"https:\/\/www.koncevisiontv.cl\/web\/wp-json\/wp\/v2\/categories?post=6957"},{"taxonomy":"post_tag","embeddable":true,"href":"https:\/\/www.koncevisiontv.cl\/web\/wp-json\/wp\/v2\/tags?post=6957"}],"curies":[{"name":"wp","href":"https:\/\/api.w.org\/{rel}","templated":true}]}}