{"id":6963,"date":"2025-04-02T16:17:35","date_gmt":"2025-04-02T19:17:35","guid":{"rendered":"https:\/\/www.koncevisiontv.cl\/web\/?p=6963"},"modified":"2025-04-02T17:07:53","modified_gmt":"2025-04-02T20:07:53","slug":"asalto-falsos-policias-lo-prado-relato-victima","status":"publish","type":"post","link":"https:\/\/www.koncevisiontv.cl\/web\/asalto-falsos-policias-lo-prado-relato-victima\/","title":{"rendered":"Falsos Polic\u00edas Desatan el Terror en Lo Prado: El Relato de una Familia que Resisti\u00f3 un Violento Asalto"},"content":{"rendered":"\n<p class=\"wp-block-paragraph\">Una familia de <strong>Lo Prado <\/strong>vivi\u00f3 una noche de p\u00e1nico cuando nueve sujetos armados, disfrazados de polic\u00edas, irrumpieron en su hogar para llevar a cabo un brutal asalto. Los delincuentes, vestidos con chalecos antibalas y pasamonta\u00f1as con insignias similares a las de Carabineros, ingresaron violentamente al domicilio exigiendo dinero y objetos de valor. El bot\u00edn final alcanz\u00f3 los <strong>$10 millones de pesos <\/strong>, pero lo m\u00e1s impactante fue la violencia ejercida contra el due\u00f1o de casa y el trauma dejado en sus seres queridos.<\/p>\n\n\n\n<figure class=\"wp-block-video\"><video height=\"480\" style=\"aspect-ratio: 856 \/ 480;\" width=\"856\" controls src=\"https:\/\/www.koncevisiontv.cl\/web\/wp-content\/uploads\/2025\/04\/202504021635-1.mp4\"><\/video><\/figure>\n\n\n\n<hr class=\"wp-block-separator has-alpha-channel-opacity\"\/>\n\n\n\n<h3 class=\"wp-block-heading\"><strong>El Testimonio de la V\u00edctima: &#8220;S\u00f3lo Pude Proteger a Mi Familia&#8221;<\/strong><\/h3>\n\n\n\n<p class=\"wp-block-paragraph\">El hombre que sufri\u00f3 la agresi\u00f3n comparti\u00f3 su experiencia con <em>Emol <\/em>, describiendo c\u00f3mo vivi\u00f3 esos minutos de terror:<\/p>\n\n\n\n<blockquote class=\"wp-block-quote is-layout-flow wp-block-quote-is-layout-flow\">\n<p class=\"wp-block-paragraph\">&#8220;Estoy tranquilo porque mi familia est\u00e1 bien, pero siento mucha impotencia porque no pude hacer m\u00e1s. Solo me concentr\u00e9 en proteger a mi se\u00f1ora, a mi hija y al ni\u00f1o peque\u00f1o.&#8221;<\/p>\n<\/blockquote>\n\n\n\n<p class=\"wp-block-paragraph\">Relat\u00f3 c\u00f3mo todo comenz\u00f3 cuando escuch\u00f3 ruidos en el port\u00f3n:<\/p>\n\n\n\n<blockquote class=\"wp-block-quote is-layout-flow wp-block-quote-is-layout-flow\">\n<p class=\"wp-block-paragraph\">&#8220;De repente veo a estos tipos entrar como si fueran polic\u00edas. Gritaban: &#8216;\u00a1Somos Carabineros, d\u00f3nde est\u00e1 la plata!&#8217; Tra\u00edan uniformes, chalecos antibalas, todo con logos. No hab\u00eda nada que hacer, solo pensar en cuidar a los m\u00edos.&#8221;<\/p>\n<\/blockquote>\n\n\n\n<p class=\"wp-block-paragraph\">A pesar de los golpes recibidos, el hombre destac\u00f3 la importancia de priorizar a su familia por sobre lo material:<\/p>\n\n\n\n<blockquote class=\"wp-block-quote is-layout-flow wp-block-quote-is-layout-flow\">\n<p class=\"wp-block-paragraph\">&#8220;La plata y las cosas se recuperan, pero lo m\u00e1s importante es que todos estamos vivos. Esto nunca nos hab\u00eda pasado antes. Es triste, pero lamentablemente es parte de lo que estamos viviendo hoy en d\u00eda. Vamos a salir adelante.&#8221;<\/p>\n<\/blockquote>\n\n\n\n<hr class=\"wp-block-separator has-alpha-channel-opacity\"\/>\n\n\n\n<h3 class=\"wp-block-heading\"><strong>C\u00f3mo Se Desat\u00f3 el Ataque<\/strong><\/h3>\n\n\n\n<p class=\"wp-block-paragraph\">Las im\u00e1genes captadas por c\u00e1maras de seguridad del sector muestran c\u00f3mo los delincuentes llegaron en <strong>dos veh\u00edculos <\/strong>, utilizando vestimentas id\u00e9nticas a las de Carabineros para enga\u00f1ar a la familia. Una vez dentro, revisaron cada rinc\u00f3n del hogar mientras gritaban \u00f3rdenes intimidatorias. Durante el operativo, golpearon repetidamente al due\u00f1o de casa en la cabeza e incluso amenazaron a otros miembros de la familia.<\/p>\n\n\n\n<p class=\"wp-block-paragraph\">Los vecinos, alertados por los gritos, intentaron intervenir, pero fue imposible detener a los asaltantes. Finalmente, los criminales escaparon en los mismos veh\u00edculos que utilizaron para llegar, dejando atr\u00e1s una escena de caos.<\/p>\n\n\n\n<hr class=\"wp-block-separator has-alpha-channel-opacity\"\/>\n\n\n\n<h3 class=\"wp-block-heading\"><strong>El Bot\u00edn y la Reacci\u00f3n de la Comunidad<\/strong><\/h3>\n\n\n\n<p class=\"wp-block-paragraph\">Seg\u00fan las autoridades, los delincuentes lograron llevarse especies avaluadas en aproximadamente <strong>$10 millones de pesos <\/strong>. Adem\u00e1s, hay indicios de que los veh\u00edculos utilizados en el asalto fueron robados previamente para facilitar su huida.<\/p>\n\n\n\n<p class=\"wp-block-paragraph\">Vecinos de Lo Prado han expresado su preocupaci\u00f3n ante el aumento de este tipo de delitos en la comuna. Muchos exigen mayor presencia policial y medidas de seguridad efectivas para evitar que estas situaciones se repitan.<\/p>\n","protected":false},"excerpt":{"rendered":"<p>Una familia de Lo Prado vivi\u00f3 una noche de p\u00e1nico cuando nueve sujetos armados, disfrazados de polic\u00edas, irrumpieron<\/p>\n","protected":false},"author":5,"featured_media":6964,"comment_status":"open","ping_status":"open","sticky":false,"template":"","format":"standard","meta":{"_crdt_document":"","_uag_custom_page_level_css":"","_sitemap_exclude":false,"_sitemap_priority":"","_sitemap_frequency":"","_joinchat":[],"footnotes":""},"categories":[14],"tags":[],"class_list":["post-6963","post","type-post","status-publish","format-standard","has-post-thumbnail","hentry","category-nacional"],"featured_image_urls":{"full":["https:\/\/www.koncevisiontv.cl\/web\/wp-content\/uploads\/2025\/04\/file_20250402103808.jpg",710,399,false],"thumbnail":["https:\/\/www.koncevisiontv.cl\/web\/wp-content\/uploads\/2025\/04\/file_20250402103808-150x150.jpg",150,150,true],"medium":["https:\/\/www.koncevisiontv.cl\/web\/wp-content\/uploads\/2025\/04\/file_20250402103808-300x169.jpg",300,169,true],"medium_large":["https:\/\/www.koncevisiontv.cl\/web\/wp-content\/uploads\/2025\/04\/file_20250402103808.jpg",640,360,false],"large":["https:\/\/www.koncevisiontv.cl\/web\/wp-content\/uploads\/2025\/04\/file_20250402103808.jpg",640,360,false],"1536x1536":["https:\/\/www.koncevisiontv.cl\/web\/wp-content\/uploads\/2025\/04\/file_20250402103808.jpg",710,399,false],"2048x2048":["https:\/\/www.koncevisiontv.cl\/web\/wp-content\/uploads\/2025\/04\/file_20250402103808.jpg",710,399,false],"darknews-featured":["https:\/\/www.koncevisiontv.cl\/web\/wp-content\/uploads\/2025\/04\/file_20250402103808.jpg",710,399,false],"darknews-large":["https:\/\/www.koncevisiontv.cl\/web\/wp-content\/uploads\/2025\/04\/file_20250402103808.jpg",710,399,false],"darknews-medium":["https:\/\/www.koncevisiontv.cl\/web\/wp-content\/uploads\/2025\/04\/file_20250402103808-590x399.jpg",590,399,true]},"author_info":{"info":["Web-Master"]},"category_info":"<a href=\"https:\/\/www.koncevisiontv.cl\/web\/category\/nacional\/\" rel=\"category tag\">Nacional<\/a>","tag_info":"Nacional","comment_count":"0","uagb_featured_image_src":{"full":["https:\/\/www.koncevisiontv.cl\/web\/wp-content\/uploads\/2025\/04\/file_20250402103808.jpg",710,399,false],"thumbnail":["https:\/\/www.koncevisiontv.cl\/web\/wp-content\/uploads\/2025\/04\/file_20250402103808-150x150.jpg",150,150,true],"medium":["https:\/\/www.koncevisiontv.cl\/web\/wp-content\/uploads\/2025\/04\/file_20250402103808-300x169.jpg",300,169,true],"medium_large":["https:\/\/www.koncevisiontv.cl\/web\/wp-content\/uploads\/2025\/04\/file_20250402103808.jpg",640,360,false],"large":["https:\/\/www.koncevisiontv.cl\/web\/wp-content\/uploads\/2025\/04\/file_20250402103808.jpg",640,360,false],"1536x1536":["https:\/\/www.koncevisiontv.cl\/web\/wp-content\/uploads\/2025\/04\/file_20250402103808.jpg",710,399,false],"2048x2048":["https:\/\/www.koncevisiontv.cl\/web\/wp-content\/uploads\/2025\/04\/file_20250402103808.jpg",710,399,false],"darknews-featured":["https:\/\/www.koncevisiontv.cl\/web\/wp-content\/uploads\/2025\/04\/file_20250402103808.jpg",710,399,false],"darknews-large":["https:\/\/www.koncevisiontv.cl\/web\/wp-content\/uploads\/2025\/04\/file_20250402103808.jpg",710,399,false],"darknews-medium":["https:\/\/www.koncevisiontv.cl\/web\/wp-content\/uploads\/2025\/04\/file_20250402103808-590x399.jpg",590,399,true]},"uagb_author_info":{"display_name":"Web-Master","author_link":"https:\/\/www.koncevisiontv.cl\/web\/author\/koncevision\/"},"uagb_comment_info":0,"uagb_excerpt":"Una familia de Lo Prado vivi\u00f3 una noche de p\u00e1nico cuando nueve sujetos armados, disfrazados de polic\u00edas, irrumpieron","_links":{"self":[{"href":"https:\/\/www.koncevisiontv.cl\/web\/wp-json\/wp\/v2\/posts\/6963","targetHints":{"allow":["GET"]}}],"collection":[{"href":"https:\/\/www.koncevisiontv.cl\/web\/wp-json\/wp\/v2\/posts"}],"about":[{"href":"https:\/\/www.koncevisiontv.cl\/web\/wp-json\/wp\/v2\/types\/post"}],"author":[{"embeddable":true,"href":"https:\/\/www.koncevisiontv.cl\/web\/wp-json\/wp\/v2\/users\/5"}],"replies":[{"embeddable":true,"href":"https:\/\/www.koncevisiontv.cl\/web\/wp-json\/wp\/v2\/comments?post=6963"}],"version-history":[{"count":3,"href":"https:\/\/www.koncevisiontv.cl\/web\/wp-json\/wp\/v2\/posts\/6963\/revisions"}],"predecessor-version":[{"id":6972,"href":"https:\/\/www.koncevisiontv.cl\/web\/wp-json\/wp\/v2\/posts\/6963\/revisions\/6972"}],"wp:featuredmedia":[{"embeddable":true,"href":"https:\/\/www.koncevisiontv.cl\/web\/wp-json\/wp\/v2\/media\/6964"}],"wp:attachment":[{"href":"https:\/\/www.koncevisiontv.cl\/web\/wp-json\/wp\/v2\/media?parent=6963"}],"wp:term":[{"taxonomy":"category","embeddable":true,"href":"https:\/\/www.koncevisiontv.cl\/web\/wp-json\/wp\/v2\/categories?post=6963"},{"taxonomy":"post_tag","embeddable":true,"href":"https:\/\/www.koncevisiontv.cl\/web\/wp-json\/wp\/v2\/tags?post=6963"}],"curies":[{"name":"wp","href":"https:\/\/api.w.org\/{rel}","templated":true}]}}