{"id":6977,"date":"2025-04-03T14:38:03","date_gmt":"2025-04-03T17:38:03","guid":{"rendered":"https:\/\/www.koncevisiontv.cl\/web\/?p=6977"},"modified":"2025-04-03T14:38:06","modified_gmt":"2025-04-03T17:38:06","slug":"hermosilla-escoltas-chadwick-uso-indebido","status":"publish","type":"post","link":"https:\/\/www.koncevisiontv.cl\/web\/hermosilla-escoltas-chadwick-uso-indebido\/","title":{"rendered":"Revelan que Luis Hermosilla Usaba a Escoltas de Andr\u00e9s Chadwick como Auxiliares y Choferes"},"content":{"rendered":"\n<p class=\"wp-block-paragraph\">Un nuevo cap\u00edtulo del caso <strong>Luis Hermosilla <\/strong>ha salido a la luz este mi\u00e9rcoles, tras revelarse una serie de conversaciones entre el controvertido abogado y su secretaria, <strong>Patricia Reyes <\/strong>, en las que se evidencia el uso indebido de los escoltas asignados al exministro del Interior, <strong>Andr\u00e9s Chadwick <\/strong>. Seg\u00fan investigaciones realizadas por <em>Chilevisi\u00f3n Noticias <\/em>, estos funcionarios policiales no solo fueron utilizados para labores de seguridad, sino tambi\u00e9n como auxiliares o choferes tanto para Hermosilla como para su equipo.<\/p>\n\n\n\n<hr class=\"wp-block-separator has-alpha-channel-opacity\"\/>\n\n\n\n<h3 class=\"wp-block-heading\"><strong>El Uso Indebido de los Escoltas<\/strong><\/h3>\n\n\n\n<p class=\"wp-block-paragraph\">Tras dejar el cargo de ministro del Interior, <strong>Andr\u00e9s Chadwick <\/strong>mantuvo una escolta de cuatro carabineros hasta mediados de 2021, cuando esta fue reducida a dos efectivos. Estos continuaron prestando servicios hasta principios de 2022, periodo en el que Chadwick comenz\u00f3 a compartir oficina con <strong>Luis Hermosilla <\/strong>. Sin embargo, seg\u00fan las investigaciones, los escoltas no cumpl\u00edan funciones de protecci\u00f3n para el exministro, sino que eran utilizados para realizar diversas tareas relacionadas con el trabajo del abogado.<\/p>\n\n\n\n<p class=\"wp-block-paragraph\">Entre estas labores destacan:<\/p>\n\n\n\n<ul class=\"wp-block-list\">\n<li><strong>Transporte de documentos <\/strong>: Los escoltas llevaban archivos importantes desde la oficina de Hermosilla hasta <strong>La Moneda <\/strong>, donde el abogado colaboraba directamente con el gobierno de <strong>Sebasti\u00e1n Pi\u00f1era <\/strong>. Esto inclu\u00eda contratos y otros documentos sensibles.<\/li>\n\n\n\n<li><strong>Servicios de chofer <\/strong>: En m\u00faltiples ocasiones, los escoltas fueron utilizados como choferes personales tanto por Hermosilla como por su secretaria, Patricia Reyes.<\/li>\n\n\n\n<li><strong>Tareas administrativas <\/strong>: En algunos casos, los escoltas incluso ayudaban a transportar equipos tecnol\u00f3gicos, como computadores y carpetas, para facilitar el trabajo remoto de la secretaria.<\/li>\n<\/ul>\n\n\n\n<hr class=\"wp-block-separator has-alpha-channel-opacity\"\/>\n\n\n\n<h3 class=\"wp-block-heading\"><strong>Las Conversaciones Reveladoras<\/strong><\/h3>\n\n\n\n<p class=\"wp-block-paragraph\">Las conversaciones entre <strong>Luis Hermosilla <\/strong>y su secretaria, obtenidas por <em>Chilevisi\u00f3n Noticias <\/em>, confirman c\u00f3mo se coordinaban para utilizar a los escoltas de Chadwick en labores ajenas a su funci\u00f3n oficial. A continuaci\u00f3n, algunos extractos clave:<\/p>\n\n\n\n<h4 class=\"wp-block-heading\"><strong>Noviembre de 2019<\/strong><\/h4>\n\n\n\n<blockquote class=\"wp-block-quote is-layout-flow wp-block-quote-is-layout-flow\">\n<p class=\"wp-block-paragraph\"><strong>Hermosilla <\/strong>: \u201cPatricia, hay que mandar urgente mi contrato al Ministerio.\u201d<br><strong>Secretaria <\/strong>: \u201cYa lo saqu\u00e9 de su mesa y ya se fue con el escolta de don Andr\u00e9s hace una hora.\u201d<\/p>\n<\/blockquote>\n\n\n\n<h4 class=\"wp-block-heading\"><strong>Junio de 2020<\/strong><\/h4>\n\n\n\n<blockquote class=\"wp-block-quote is-layout-flow wp-block-quote-is-layout-flow\">\n<p class=\"wp-block-paragraph\"><strong>Secretaria <\/strong>: \u201cDon Luis, buen d\u00eda y con mucho fr\u00edo. Ok ma\u00f1ana a las 10:30 la reuni\u00f3n con Karina. Le quiero pedir un favor, puede usted hablar con don Andr\u00e9s para que ma\u00f1ana los escoltas me pasen a buscar, se lo agradecer\u00eda mucho.\u201d<\/p>\n<\/blockquote>\n\n\n\n<h4 class=\"wp-block-heading\"><strong>Septiembre de 2021<\/strong><\/h4>\n\n\n\n<blockquote class=\"wp-block-quote is-layout-flow wp-block-quote-is-layout-flow\">\n<p class=\"wp-block-paragraph\"><strong>Secretaria <\/strong>: \u201cEl escolta me trae mi computador y carpetas para poder trabajar desde mi casa.\u201d<\/p>\n<\/blockquote>\n\n\n\n<p class=\"wp-block-paragraph\">Estos mensajes dejan en evidencia que los escoltas de Chadwick no estaban cumpliendo con su rol original de protecci\u00f3n, sino que eran empleados como personal de apoyo log\u00edstico para Hermosilla y su equipo.<\/p>\n\n\n\n<hr class=\"wp-block-separator has-alpha-channel-opacity\"\/>\n\n\n\n<h3 class=\"wp-block-heading\"><strong>\u00bfQui\u00e9n es Luis Hermosilla?<\/strong><\/h3>\n\n\n\n<p class=\"wp-block-paragraph\"><strong>Luis Hermosilla <\/strong>es un conocido abogado que ha estado en el centro de m\u00faltiples pol\u00e9micas. Fue defensor de <strong>Andr\u00e9s Chadwick <\/strong>durante la acusaci\u00f3n constitucional en su contra y ha trabajado estrechamente con el gobierno de <strong>Sebasti\u00e1n Pi\u00f1era <\/strong>. Adem\u00e1s, ha sido se\u00f1alado por diversos sectores pol\u00edticos y ciudadanos como un operador pol\u00edtico con influencias significativas dentro del sector oficialista.<\/p>\n\n\n\n<hr class=\"wp-block-separator has-alpha-channel-opacity\"\/>\n\n\n\n<h3 class=\"wp-block-heading\"><strong>Reacciones y Contexto Pol\u00edtico<\/strong><\/h3>\n\n\n\n<p class=\"wp-block-paragraph\">Este caso ha generado nuevas cr\u00edticas hacia el manejo de recursos p\u00fablicos y la falta de transparencia en el uso de escoltas asignados a exautoridades. Sectores opositores han pedido explicaciones formales sobre c\u00f3mo se permiti\u00f3 que estos funcionarios fueran utilizados para labores ajenas a su designaci\u00f3n original.<\/p>\n\n\n\n<p class=\"wp-block-paragraph\">Por su parte, representantes del oficialismo han guardado silencio ante estas revelaciones, mientras que fuentes cercanas a <strong>Chadwick <\/strong>aseguran que \u00e9l desconoc\u00eda el uso indebido de sus escoltas.<\/p>\n","protected":false},"excerpt":{"rendered":"<p>Un nuevo cap\u00edtulo del caso Luis Hermosilla ha salido a la luz este mi\u00e9rcoles, tras revelarse una serie<\/p>\n","protected":false},"author":5,"featured_media":6978,"comment_status":"open","ping_status":"open","sticky":false,"template":"","format":"standard","meta":{"_crdt_document":"","_uag_custom_page_level_css":"","_sitemap_exclude":false,"_sitemap_priority":"","_sitemap_frequency":"","_joinchat":[],"footnotes":""},"categories":[14],"tags":[],"class_list":["post-6977","post","type-post","status-publish","format-standard","has-post-thumbnail","hentry","category-nacional"],"featured_image_urls":{"full":["https:\/\/www.koncevisiontv.cl\/web\/wp-content\/uploads\/2025\/04\/J3HQPMR36ZEUXIUIRFQH5Q4TAE.avif",1023,682,false],"thumbnail":["https:\/\/www.koncevisiontv.cl\/web\/wp-content\/uploads\/2025\/04\/J3HQPMR36ZEUXIUIRFQH5Q4TAE-150x150.avif",150,150,true],"medium":["https:\/\/www.koncevisiontv.cl\/web\/wp-content\/uploads\/2025\/04\/J3HQPMR36ZEUXIUIRFQH5Q4TAE-300x200.avif",300,200,true],"medium_large":["https:\/\/www.koncevisiontv.cl\/web\/wp-content\/uploads\/2025\/04\/J3HQPMR36ZEUXIUIRFQH5Q4TAE-768x512.avif",640,427,true],"large":["https:\/\/www.koncevisiontv.cl\/web\/wp-content\/uploads\/2025\/04\/J3HQPMR36ZEUXIUIRFQH5Q4TAE.avif",640,427,false],"1536x1536":["https:\/\/www.koncevisiontv.cl\/web\/wp-content\/uploads\/2025\/04\/J3HQPMR36ZEUXIUIRFQH5Q4TAE.avif",1023,682,false],"2048x2048":["https:\/\/www.koncevisiontv.cl\/web\/wp-content\/uploads\/2025\/04\/J3HQPMR36ZEUXIUIRFQH5Q4TAE.avif",1023,682,false],"darknews-featured":["https:\/\/www.koncevisiontv.cl\/web\/wp-content\/uploads\/2025\/04\/J3HQPMR36ZEUXIUIRFQH5Q4TAE.avif",1023,682,false],"darknews-large":["https:\/\/www.koncevisiontv.cl\/web\/wp-content\/uploads\/2025\/04\/J3HQPMR36ZEUXIUIRFQH5Q4TAE-825x575.avif",825,575,true],"darknews-medium":["https:\/\/www.koncevisiontv.cl\/web\/wp-content\/uploads\/2025\/04\/J3HQPMR36ZEUXIUIRFQH5Q4TAE-590x410.avif",590,410,true]},"author_info":{"info":["Web-Master"]},"category_info":"<a href=\"https:\/\/www.koncevisiontv.cl\/web\/category\/nacional\/\" rel=\"category tag\">Nacional<\/a>","tag_info":"Nacional","comment_count":"0","uagb_featured_image_src":{"full":["https:\/\/www.koncevisiontv.cl\/web\/wp-content\/uploads\/2025\/04\/J3HQPMR36ZEUXIUIRFQH5Q4TAE.avif",1023,682,false],"thumbnail":["https:\/\/www.koncevisiontv.cl\/web\/wp-content\/uploads\/2025\/04\/J3HQPMR36ZEUXIUIRFQH5Q4TAE-150x150.avif",150,150,true],"medium":["https:\/\/www.koncevisiontv.cl\/web\/wp-content\/uploads\/2025\/04\/J3HQPMR36ZEUXIUIRFQH5Q4TAE-300x200.avif",300,200,true],"medium_large":["https:\/\/www.koncevisiontv.cl\/web\/wp-content\/uploads\/2025\/04\/J3HQPMR36ZEUXIUIRFQH5Q4TAE-768x512.avif",640,427,true],"large":["https:\/\/www.koncevisiontv.cl\/web\/wp-content\/uploads\/2025\/04\/J3HQPMR36ZEUXIUIRFQH5Q4TAE.avif",640,427,false],"1536x1536":["https:\/\/www.koncevisiontv.cl\/web\/wp-content\/uploads\/2025\/04\/J3HQPMR36ZEUXIUIRFQH5Q4TAE.avif",1023,682,false],"2048x2048":["https:\/\/www.koncevisiontv.cl\/web\/wp-content\/uploads\/2025\/04\/J3HQPMR36ZEUXIUIRFQH5Q4TAE.avif",1023,682,false],"darknews-featured":["https:\/\/www.koncevisiontv.cl\/web\/wp-content\/uploads\/2025\/04\/J3HQPMR36ZEUXIUIRFQH5Q4TAE.avif",1023,682,false],"darknews-large":["https:\/\/www.koncevisiontv.cl\/web\/wp-content\/uploads\/2025\/04\/J3HQPMR36ZEUXIUIRFQH5Q4TAE-825x575.avif",825,575,true],"darknews-medium":["https:\/\/www.koncevisiontv.cl\/web\/wp-content\/uploads\/2025\/04\/J3HQPMR36ZEUXIUIRFQH5Q4TAE-590x410.avif",590,410,true]},"uagb_author_info":{"display_name":"Web-Master","author_link":"https:\/\/www.koncevisiontv.cl\/web\/author\/koncevision\/"},"uagb_comment_info":0,"uagb_excerpt":"Un nuevo cap\u00edtulo del caso Luis Hermosilla ha salido a la luz este mi\u00e9rcoles, tras revelarse una serie","_links":{"self":[{"href":"https:\/\/www.koncevisiontv.cl\/web\/wp-json\/wp\/v2\/posts\/6977","targetHints":{"allow":["GET"]}}],"collection":[{"href":"https:\/\/www.koncevisiontv.cl\/web\/wp-json\/wp\/v2\/posts"}],"about":[{"href":"https:\/\/www.koncevisiontv.cl\/web\/wp-json\/wp\/v2\/types\/post"}],"author":[{"embeddable":true,"href":"https:\/\/www.koncevisiontv.cl\/web\/wp-json\/wp\/v2\/users\/5"}],"replies":[{"embeddable":true,"href":"https:\/\/www.koncevisiontv.cl\/web\/wp-json\/wp\/v2\/comments?post=6977"}],"version-history":[{"count":1,"href":"https:\/\/www.koncevisiontv.cl\/web\/wp-json\/wp\/v2\/posts\/6977\/revisions"}],"predecessor-version":[{"id":6979,"href":"https:\/\/www.koncevisiontv.cl\/web\/wp-json\/wp\/v2\/posts\/6977\/revisions\/6979"}],"wp:featuredmedia":[{"embeddable":true,"href":"https:\/\/www.koncevisiontv.cl\/web\/wp-json\/wp\/v2\/media\/6978"}],"wp:attachment":[{"href":"https:\/\/www.koncevisiontv.cl\/web\/wp-json\/wp\/v2\/media?parent=6977"}],"wp:term":[{"taxonomy":"category","embeddable":true,"href":"https:\/\/www.koncevisiontv.cl\/web\/wp-json\/wp\/v2\/categories?post=6977"},{"taxonomy":"post_tag","embeddable":true,"href":"https:\/\/www.koncevisiontv.cl\/web\/wp-json\/wp\/v2\/tags?post=6977"}],"curies":[{"name":"wp","href":"https:\/\/api.w.org\/{rel}","templated":true}]}}