{"id":6980,"date":"2025-04-03T14:54:37","date_gmt":"2025-04-03T17:54:37","guid":{"rendered":"https:\/\/www.koncevisiontv.cl\/web\/?p=6980"},"modified":"2025-04-03T14:54:40","modified_gmt":"2025-04-03T17:54:40","slug":"tragedia-biotren-san-pedro-de-la-paz-victima-fallecida","status":"publish","type":"post","link":"https:\/\/www.koncevisiontv.cl\/web\/tragedia-biotren-san-pedro-de-la-paz-victima-fallecida\/","title":{"rendered":"Tragedia en San Pedro de la Paz: Hombre Muere Tr\u00e1gicamente tras Ser Atropellado por el Biotren"},"content":{"rendered":"\n<h3 class=\"wp-block-heading\"><strong>El Fatal Incidente<\/strong><\/h3>\n\n\n\n<p class=\"wp-block-paragraph\">Seg\u00fan informaci\u00f3n entregada por <em>Radio B\u00edo B\u00edo <\/em>, el tr\u00e1gico suceso tuvo lugar a la altura del <strong>kil\u00f3metro 13 de la Ruta 160 <\/strong>, entre las estaciones <strong>Cardenal Ra\u00fal Silva Henr\u00edquez <\/strong>y <strong>Lomas Coloradas <\/strong>. El servicio de la <strong>L\u00ednea 2 del Biotren <\/strong>, que une <strong>Coronel <\/strong>con <strong>Concepci\u00f3n <\/strong>, fue suspendido moment\u00e1neamente mientras se realizaban las primeras diligencias investigativas.<\/p>\n\n\n\n<figure class=\"wp-block-video\"><video height=\"192\" style=\"aspect-ratio: 426 \/ 192;\" width=\"426\" controls src=\"https:\/\/www.koncevisiontv.cl\/web\/wp-content\/uploads\/2025\/04\/AQPt3d208sSGjrkd2XH1gb5TW02fCb4wqpwa9-qmjAA6wG2egoMNkGX3PS0BMo0pe5qZDPyTc_QqGrA9bMMF6v9D.mp4\"><\/video><\/figure>\n\n\n\n<p class=\"wp-block-paragraph\">La v\u00edctima fatal fue identificada como un <strong>hombre de 37 a\u00f1os <\/strong>oriundo de la comuna de <strong>Lota <\/strong>, quien se dirig\u00eda a su trabajo al momento del accidente. Seg\u00fan el relato del alcalde de <strong>San Pedro de la Paz <\/strong>, <strong>Juan Pablo Spoerer <\/strong>, el trabajador habr\u00eda intentado cruzar por un paso habilitado pero aparentemente realiz\u00f3 un mal c\u00e1lculo, siendo impactado por el tren.<\/p>\n\n\n\n<blockquote class=\"wp-block-quote is-layout-flow wp-block-quote-is-layout-flow\">\n<p class=\"wp-block-paragraph\">&#8220;Al atravesar por el cruce habilitado, aparentemente hace un mal c\u00e1lculo (\u2026) Siendo atropellado por el tren y arrastrado por algunos metros, falleciendo en el acto&#8221;, explic\u00f3 el alcalde.<\/p>\n<\/blockquote>\n\n\n\n<h3 class=\"wp-block-heading\"><strong>Reacci\u00f3n Inmediata y Suspensi\u00f3n del Servicio<\/strong><\/h3>\n\n\n\n<p class=\"wp-block-paragraph\">Tras el accidente, funcionarios de <strong>Carabineros <\/strong>llegaron al lugar para recabar los primeros antecedentes sobre lo ocurrido. Adem\u00e1s, personal de emergencia confirm\u00f3 que no hubo nada que pudiera hacerse por salvar la vida de la v\u00edctima, quien muri\u00f3 instant\u00e1neamente debido a la violencia del impacto.<\/p>\n\n\n\n<p class=\"wp-block-paragraph\">Por su parte, desde <strong>EFE <\/strong>informaron que el servicio del Biotren fue interrumpido temporalmente para permitir el levantamiento del cuerpo y realizar las investigaciones correspondientes. Los pasajeros que viajaban en el tren involucrado fueron trasladados a otro vag\u00f3n para continuar su trayecto.<\/p>\n\n\n\n<hr class=\"wp-block-separator has-alpha-channel-opacity\"\/>\n\n\n\n<h3 class=\"wp-block-heading\"><strong>Preocupaci\u00f3n Comunal y Llamado a la Seguridad<\/strong><\/h3>\n\n\n\n<p class=\"wp-block-paragraph\">El alcalde <strong>Spoerer <\/strong>aprovech\u00f3 la ocasi\u00f3n para hacer un llamado a la comunidad respecto a la importancia de respetar las normas de seguridad en los cruces ferroviarios. Seg\u00fan indic\u00f3, este tipo de incidentes refleja la necesidad de mejorar las se\u00f1ales visuales y auditivas en estas zonas, as\u00ed como reforzar campa\u00f1as de conciencia para evitar futuras tragedias.<\/p>\n\n\n\n<p class=\"wp-block-paragraph\">\u201cEs fundamental que tengamos presente que los cruces ferroviarios son puntos de alto riesgo. Debemos actuar con precauci\u00f3n y responsabilidad para proteger nuestras vidas y las de quienes nos rodean\u201d, enfatiz\u00f3 el l\u00edder comunal.<\/p>\n","protected":false},"excerpt":{"rendered":"<p>El Fatal Incidente Seg\u00fan informaci\u00f3n entregada por Radio B\u00edo B\u00edo , el tr\u00e1gico suceso tuvo lugar a la<\/p>\n","protected":false},"author":5,"featured_media":0,"comment_status":"open","ping_status":"open","sticky":false,"template":"","format":"standard","meta":{"_crdt_document":"","_uag_custom_page_level_css":"","_sitemap_exclude":false,"_sitemap_priority":"","_sitemap_frequency":"","_joinchat":[],"footnotes":""},"categories":[14],"tags":[],"class_list":["post-6980","post","type-post","status-publish","format-standard","hentry","category-nacional"],"featured_image_urls":{"full":"","thumbnail":"","medium":"","medium_large":"","large":"","1536x1536":"","2048x2048":"","darknews-featured":"","darknews-large":"","darknews-medium":""},"author_info":{"info":["Web-Master"]},"category_info":"<a href=\"https:\/\/www.koncevisiontv.cl\/web\/category\/nacional\/\" rel=\"category tag\">Nacional<\/a>","tag_info":"Nacional","comment_count":"0","uagb_featured_image_src":{"full":false,"thumbnail":false,"medium":false,"medium_large":false,"large":false,"1536x1536":false,"2048x2048":false,"darknews-featured":false,"darknews-large":false,"darknews-medium":false},"uagb_author_info":{"display_name":"Web-Master","author_link":"https:\/\/www.koncevisiontv.cl\/web\/author\/koncevision\/"},"uagb_comment_info":0,"uagb_excerpt":"El Fatal Incidente Seg\u00fan informaci\u00f3n entregada por Radio B\u00edo B\u00edo , el tr\u00e1gico suceso tuvo lugar a la","_links":{"self":[{"href":"https:\/\/www.koncevisiontv.cl\/web\/wp-json\/wp\/v2\/posts\/6980","targetHints":{"allow":["GET"]}}],"collection":[{"href":"https:\/\/www.koncevisiontv.cl\/web\/wp-json\/wp\/v2\/posts"}],"about":[{"href":"https:\/\/www.koncevisiontv.cl\/web\/wp-json\/wp\/v2\/types\/post"}],"author":[{"embeddable":true,"href":"https:\/\/www.koncevisiontv.cl\/web\/wp-json\/wp\/v2\/users\/5"}],"replies":[{"embeddable":true,"href":"https:\/\/www.koncevisiontv.cl\/web\/wp-json\/wp\/v2\/comments?post=6980"}],"version-history":[{"count":1,"href":"https:\/\/www.koncevisiontv.cl\/web\/wp-json\/wp\/v2\/posts\/6980\/revisions"}],"predecessor-version":[{"id":6982,"href":"https:\/\/www.koncevisiontv.cl\/web\/wp-json\/wp\/v2\/posts\/6980\/revisions\/6982"}],"wp:attachment":[{"href":"https:\/\/www.koncevisiontv.cl\/web\/wp-json\/wp\/v2\/media?parent=6980"}],"wp:term":[{"taxonomy":"category","embeddable":true,"href":"https:\/\/www.koncevisiontv.cl\/web\/wp-json\/wp\/v2\/categories?post=6980"},{"taxonomy":"post_tag","embeddable":true,"href":"https:\/\/www.koncevisiontv.cl\/web\/wp-json\/wp\/v2\/tags?post=6980"}],"curies":[{"name":"wp","href":"https:\/\/api.w.org\/{rel}","templated":true}]}}