{"id":6983,"date":"2025-04-03T15:07:46","date_gmt":"2025-04-03T18:07:46","guid":{"rendered":"https:\/\/www.koncevisiontv.cl\/web\/?p=6983"},"modified":"2025-04-03T15:07:48","modified_gmt":"2025-04-03T18:07:48","slug":"pelea-chofer-pasajero-talcahuano-video-micro","status":"publish","type":"post","link":"https:\/\/www.koncevisiontv.cl\/web\/pelea-chofer-pasajero-talcahuano-video-micro\/","title":{"rendered":"Todo Qued\u00f3 Grabado: Chofer y Pasajero Se Enfrentan a Golpes Durante Viaje en Talcahuano"},"content":{"rendered":"\n<p class=\"wp-block-paragraph\">Una pelea inesperada entre un chofer y un pasajero durante un viaje en una micro de la l\u00ednea <strong>V\u00eda Futuro <\/strong>, en la ciudad de <strong>Talcahuano <\/strong>, regi\u00f3n del Biob\u00edo, dej\u00f3 impactados a los usuarios que presenciaron el altercado. El incidente ocurri\u00f3 a mitad de trayecto, en el sector <strong>San Marcos <\/strong>, y qued\u00f3 registrado en un video que r\u00e1pidamente se viraliz\u00f3 en redes sociales.<\/p>\n\n\n\n<hr class=\"wp-block-separator has-alpha-channel-opacity\"\/>\n\n\n\n<h3 class=\"wp-block-heading\"><strong>El Altercado Capturado en Video<\/strong><\/h3>\n\n\n\n<p class=\"wp-block-paragraph\">Seg\u00fan los antecedentes recopilados, el conflicto comenz\u00f3 cuando un desconocido agredi\u00f3 al conductor de la micro. En las im\u00e1genes se aprecia c\u00f3mo el pasajero oblig\u00f3 al chofer a abandonar su cabina para enfrentarlo directamente. La discusi\u00f3n escal\u00f3 r\u00e1pidamente a una pelea f\u00edsica, con ambos intercambiando golpes en plena v\u00eda p\u00fablica frente a los asombrados pasajeros.<\/p>\n\n\n\n<p class=\"wp-block-paragraph\">El episodio gener\u00f3 preocupaci\u00f3n entre los testigos, especialmente por la presencia de adultos mayores en el bus. Seg\u00fan relatos de quienes estaban a bordo, la situaci\u00f3n fue ca\u00f3tica y puso en riesgo la seguridad de todos los involucrados.<\/p>\n\n\n\n<hr class=\"wp-block-separator has-alpha-channel-opacity\"\/>\n\n\n\n<h3 class=\"wp-block-heading\"><strong>Reacciones del Gremio y Autoridades<\/strong><\/h3>\n\n\n\n<p class=\"wp-block-paragraph\">El caso ha generado reacciones tanto desde el gremio de conductores como desde las autoridades locales. <strong>Domingo Aravena <\/strong>, dirigente sindical de conductores de Talcahuano, se\u00f1al\u00f3 a <em>La Estrella de Concepci\u00f3n <\/em>:<\/p>\n\n\n\n<blockquote class=\"wp-block-quote is-layout-flow wp-block-quote-is-layout-flow\">\n<p class=\"wp-block-paragraph\">\u201cAc\u00e1 hay una tremenda falta de tolerancia y empat\u00eda entre los involucrados. Desconozco el motivo de la pelea, pero los pasajeros del recorrido merecen respeto, m\u00e1s considerando que hab\u00eda muchos adultos mayores en la m\u00e1quina. Esto nos averg\u00fcenza como gremio y repudiamos lo sucedido porque no avalamos la conducta del chofer.\u201d<\/p>\n<\/blockquote>\n\n\n\n<p class=\"wp-block-paragraph\">Por su parte, <strong>Domingo Oportus <\/strong>, presidente de la <strong>Federaci\u00f3n Intercomunal de Conductores del Biob\u00edo <\/strong>, a\u00f1adi\u00f3 que este tipo de situaciones son alarmantemente frecuentes:<\/p>\n\n\n\n<blockquote class=\"wp-block-quote is-layout-flow wp-block-quote-is-layout-flow\">\n<p class=\"wp-block-paragraph\">\u201cSon muchos los casos de choferes que son agredidos por pasajeros u otros automovilistas. No estamos de acuerdo con estas peleas, aunque en este caso se aprecia que el tipo saca al chofer de la cabina, pero este tambi\u00e9n se equivoca al responder con golpes. Eso no corresponde.\u201d<\/p>\n<\/blockquote>\n\n\n\n<p class=\"wp-block-paragraph\">Desde la <strong>Seremi de Transportes y Telecomunicaciones <\/strong>informaron que ya se solicit\u00f3 a la empresa operadora de la l\u00ednea <strong>V\u00eda Futuro <\/strong>que elabore un informe detallado sobre el incidente. Adem\u00e1s, las im\u00e1genes captadas por las c\u00e1maras de seguridad del bus deber\u00e1n ser entregadas para su an\u00e1lisis y podr\u00edan quedar a disposici\u00f3n de tribunales si se inicia una investigaci\u00f3n formal.<\/p>\n\n\n\n<hr class=\"wp-block-separator has-alpha-channel-opacity\"\/>\n\n\n\n<h3 class=\"wp-block-heading\"><strong>Testimonios de los Pasajeros<\/strong><\/h3>\n\n\n\n<p class=\"wp-block-paragraph\">Los pasajeros que presenciaron el altercado describieron escenas de p\u00e1nico dentro del veh\u00edculo. Uno de ellos coment\u00f3 que el ambiente cambi\u00f3 dr\u00e1sticamente cuando el desconocido confront\u00f3 al conductor, mientras otro lament\u00f3 la falta de control emocional de ambas partes.<\/p>\n\n\n\n<blockquote class=\"wp-block-quote is-layout-flow wp-block-quote-is-layout-flow\">\n<p class=\"wp-block-paragraph\">&#8220;No entiendo c\u00f3mo lleg\u00f3 a eso. Todos est\u00e1bamos tranquilos hasta que comenzaron los gritos. Fue muy inc\u00f3modo y peligroso&#8221;, relat\u00f3 un usuario al medio local.<\/p>\n<\/blockquote>\n\n\n\n<p class=\"wp-block-paragraph\">Adem\u00e1s, varios pasajeros destacaron la necesidad de implementar medidas adicionales de seguridad en los buses, especialmente en zonas donde los conflictos entre conductores y usuarios son recurrentes.<\/p>\n\n\n\n<hr class=\"wp-block-separator has-alpha-channel-opacity\"\/>\n\n\n\n<h3 class=\"wp-block-heading\"><strong>Un Problema Persistente<\/strong><\/h3>\n\n\n\n<p class=\"wp-block-paragraph\">Este episodio pone nuevamente en evidencia la creciente tensi\u00f3n entre conductores y usuarios del transporte p\u00fablico en Chile. Los gremios han denunciado en m\u00faltiples ocasiones la falta de protecci\u00f3n para los choferes, quienes enfrentan situaciones de violencia verbal y f\u00edsica casi a diario.<\/p>\n\n\n\n<p class=\"wp-block-paragraph\">Las autoridades han reconocido la gravedad del problema y han llamado a las empresas operadoras a tomar medidas urgentes para garantizar la seguridad tanto de los conductores como de los pasajeros. Entre las propuestas figuran la instalaci\u00f3n de barreras f\u00edsicas en las cabinas y la implementaci\u00f3n de sistemas de alerta r\u00e1pida para evitar que estos incidentes escalen.<\/p>\n","protected":false},"excerpt":{"rendered":"<p>Una pelea inesperada entre un chofer y un pasajero durante un viaje en una micro de la l\u00ednea<\/p>\n","protected":false},"author":5,"featured_media":6984,"comment_status":"open","ping_status":"open","sticky":false,"template":"","format":"standard","meta":{"_crdt_document":"","_uag_custom_page_level_css":"","_sitemap_exclude":false,"_sitemap_priority":"","_sitemap_frequency":"","_joinchat":[],"footnotes":""},"categories":[14],"tags":[],"class_list":["post-6983","post","type-post","status-publish","format-standard","has-post-thumbnail","hentry","category-nacional"],"featured_image_urls":{"full":["https:\/\/www.koncevisiontv.cl\/web\/wp-content\/uploads\/2025\/04\/P3CFK7EC6FCSVM3CLBKAX66IVE.avif",1023,682,false],"thumbnail":["https:\/\/www.koncevisiontv.cl\/web\/wp-content\/uploads\/2025\/04\/P3CFK7EC6FCSVM3CLBKAX66IVE-150x150.avif",150,150,true],"medium":["https:\/\/www.koncevisiontv.cl\/web\/wp-content\/uploads\/2025\/04\/P3CFK7EC6FCSVM3CLBKAX66IVE-300x200.avif",300,200,true],"medium_large":["https:\/\/www.koncevisiontv.cl\/web\/wp-content\/uploads\/2025\/04\/P3CFK7EC6FCSVM3CLBKAX66IVE-768x512.avif",640,427,true],"large":["https:\/\/www.koncevisiontv.cl\/web\/wp-content\/uploads\/2025\/04\/P3CFK7EC6FCSVM3CLBKAX66IVE.avif",640,427,false],"1536x1536":["https:\/\/www.koncevisiontv.cl\/web\/wp-content\/uploads\/2025\/04\/P3CFK7EC6FCSVM3CLBKAX66IVE.avif",1023,682,false],"2048x2048":["https:\/\/www.koncevisiontv.cl\/web\/wp-content\/uploads\/2025\/04\/P3CFK7EC6FCSVM3CLBKAX66IVE.avif",1023,682,false],"darknews-featured":["https:\/\/www.koncevisiontv.cl\/web\/wp-content\/uploads\/2025\/04\/P3CFK7EC6FCSVM3CLBKAX66IVE.avif",1023,682,false],"darknews-large":["https:\/\/www.koncevisiontv.cl\/web\/wp-content\/uploads\/2025\/04\/P3CFK7EC6FCSVM3CLBKAX66IVE-825x575.avif",825,575,true],"darknews-medium":["https:\/\/www.koncevisiontv.cl\/web\/wp-content\/uploads\/2025\/04\/P3CFK7EC6FCSVM3CLBKAX66IVE-590x410.avif",590,410,true]},"author_info":{"info":["Web-Master"]},"category_info":"<a href=\"https:\/\/www.koncevisiontv.cl\/web\/category\/nacional\/\" rel=\"category tag\">Nacional<\/a>","tag_info":"Nacional","comment_count":"0","uagb_featured_image_src":{"full":["https:\/\/www.koncevisiontv.cl\/web\/wp-content\/uploads\/2025\/04\/P3CFK7EC6FCSVM3CLBKAX66IVE.avif",1023,682,false],"thumbnail":["https:\/\/www.koncevisiontv.cl\/web\/wp-content\/uploads\/2025\/04\/P3CFK7EC6FCSVM3CLBKAX66IVE-150x150.avif",150,150,true],"medium":["https:\/\/www.koncevisiontv.cl\/web\/wp-content\/uploads\/2025\/04\/P3CFK7EC6FCSVM3CLBKAX66IVE-300x200.avif",300,200,true],"medium_large":["https:\/\/www.koncevisiontv.cl\/web\/wp-content\/uploads\/2025\/04\/P3CFK7EC6FCSVM3CLBKAX66IVE-768x512.avif",640,427,true],"large":["https:\/\/www.koncevisiontv.cl\/web\/wp-content\/uploads\/2025\/04\/P3CFK7EC6FCSVM3CLBKAX66IVE.avif",640,427,false],"1536x1536":["https:\/\/www.koncevisiontv.cl\/web\/wp-content\/uploads\/2025\/04\/P3CFK7EC6FCSVM3CLBKAX66IVE.avif",1023,682,false],"2048x2048":["https:\/\/www.koncevisiontv.cl\/web\/wp-content\/uploads\/2025\/04\/P3CFK7EC6FCSVM3CLBKAX66IVE.avif",1023,682,false],"darknews-featured":["https:\/\/www.koncevisiontv.cl\/web\/wp-content\/uploads\/2025\/04\/P3CFK7EC6FCSVM3CLBKAX66IVE.avif",1023,682,false],"darknews-large":["https:\/\/www.koncevisiontv.cl\/web\/wp-content\/uploads\/2025\/04\/P3CFK7EC6FCSVM3CLBKAX66IVE-825x575.avif",825,575,true],"darknews-medium":["https:\/\/www.koncevisiontv.cl\/web\/wp-content\/uploads\/2025\/04\/P3CFK7EC6FCSVM3CLBKAX66IVE-590x410.avif",590,410,true]},"uagb_author_info":{"display_name":"Web-Master","author_link":"https:\/\/www.koncevisiontv.cl\/web\/author\/koncevision\/"},"uagb_comment_info":0,"uagb_excerpt":"Una pelea inesperada entre un chofer y un pasajero durante un viaje en una micro de la l\u00ednea","_links":{"self":[{"href":"https:\/\/www.koncevisiontv.cl\/web\/wp-json\/wp\/v2\/posts\/6983","targetHints":{"allow":["GET"]}}],"collection":[{"href":"https:\/\/www.koncevisiontv.cl\/web\/wp-json\/wp\/v2\/posts"}],"about":[{"href":"https:\/\/www.koncevisiontv.cl\/web\/wp-json\/wp\/v2\/types\/post"}],"author":[{"embeddable":true,"href":"https:\/\/www.koncevisiontv.cl\/web\/wp-json\/wp\/v2\/users\/5"}],"replies":[{"embeddable":true,"href":"https:\/\/www.koncevisiontv.cl\/web\/wp-json\/wp\/v2\/comments?post=6983"}],"version-history":[{"count":1,"href":"https:\/\/www.koncevisiontv.cl\/web\/wp-json\/wp\/v2\/posts\/6983\/revisions"}],"predecessor-version":[{"id":6985,"href":"https:\/\/www.koncevisiontv.cl\/web\/wp-json\/wp\/v2\/posts\/6983\/revisions\/6985"}],"wp:featuredmedia":[{"embeddable":true,"href":"https:\/\/www.koncevisiontv.cl\/web\/wp-json\/wp\/v2\/media\/6984"}],"wp:attachment":[{"href":"https:\/\/www.koncevisiontv.cl\/web\/wp-json\/wp\/v2\/media?parent=6983"}],"wp:term":[{"taxonomy":"category","embeddable":true,"href":"https:\/\/www.koncevisiontv.cl\/web\/wp-json\/wp\/v2\/categories?post=6983"},{"taxonomy":"post_tag","embeddable":true,"href":"https:\/\/www.koncevisiontv.cl\/web\/wp-json\/wp\/v2\/tags?post=6983"}],"curies":[{"name":"wp","href":"https:\/\/api.w.org\/{rel}","templated":true}]}}