{"id":7029,"date":"2025-04-04T13:28:52","date_gmt":"2025-04-04T16:28:52","guid":{"rendered":"https:\/\/www.koncevisiontv.cl\/web\/?p=7029"},"modified":"2025-04-04T13:28:55","modified_gmt":"2025-04-04T16:28:55","slug":"asesinado-parque-ecuador-concepcion-giro-investigacion","status":"publish","type":"post","link":"https:\/\/www.koncevisiontv.cl\/web\/asesinado-parque-ecuador-concepcion-giro-investigacion\/","title":{"rendered":"Giro Inesperado en Caso de Adolescente Asesinado en Concepci\u00f3n: Habr\u00eda Intentado Asaltar y V\u00edctima Actu\u00f3 en Defensa Propia"},"content":{"rendered":"\n<p class=\"wp-block-paragraph\">El caso del adolescente de <strong>16 a\u00f1os asesinado en el Parque Ecuador de Concepci\u00f3n <\/strong>, regi\u00f3n del Biob\u00edo, ha dado un giro inesperado tras revelarse que la v\u00edctima habr\u00eda intentado asaltar a dos personas, quienes actuaron en leg\u00edtima defensa. El hecho ocurri\u00f3 en la madrugada de este viernes, cuando el joven fue encontrado muerto en las escaleras del parque ubicadas en la intersecci\u00f3n de las calles <strong>V\u00edctor Lamas y Colo Colo <\/strong>.<\/p>\n\n\n\n<hr class=\"wp-block-separator has-alpha-channel-opacity\"\/>\n\n\n\n<h3 class=\"wp-block-heading\"><strong>Hallazgo del Cuerpo y Primeras Investigaciones<\/strong><\/h3>\n\n\n\n<p class=\"wp-block-paragraph\">Seg\u00fan reportes de <strong>Radio B\u00edo-B\u00edo <\/strong>, un guardia del parque recibi\u00f3 una alerta de una mujer que inform\u00f3 sobre el hallazgo de un cuerpo sin vida en las escaleras del lugar. Al llegar al sitio, personal de emergencia encontr\u00f3 al adolescente con heridas atribuidas a terceras personas, espec\u00edficamente una <strong>pu\u00f1alada en el t\u00f3rax <\/strong>.<\/p>\n\n\n\n<p class=\"wp-block-paragraph\">El subprefecto <strong>Miguel Carrillo <\/strong>, jefe (s) de la <strong>Brigada de Homicidios de Concepci\u00f3n <\/strong>, detall\u00f3 que el joven proven\u00eda de una residencia del <strong>Servicio Mejor Ni\u00f1ez <\/strong>(anteriormente Sename), y hab\u00eda sido derivado desde la provincia de <strong>Los \u00c1ngeles <\/strong>para cumplir una medida cautelar.<\/p>\n\n\n\n<hr class=\"wp-block-separator has-alpha-channel-opacity\"\/>\n\n\n\n<h3 class=\"wp-block-heading\"><strong>El Giro en la Investigaci\u00f3n<\/strong><\/h3>\n\n\n\n<p class=\"wp-block-paragraph\">Inicialmente, se pens\u00f3 que el asesinato era producto de una ri\u00f1a entre j\u00f3venes, especialmente porque otro adolescente, tambi\u00e9n vinculado al <strong>Servicio Mejor Ni\u00f1ez <\/strong>, fue trasladado al <strong>Hospital Regional de Concepci\u00f3n <\/strong>con lesiones leves. Sin embargo, las investigaciones posteriores revelaron un escenario completamente distinto.<\/p>\n\n\n\n<hr class=\"wp-block-separator has-alpha-channel-opacity\"\/>\n\n\n\n<h3 class=\"wp-block-heading\"><strong>Intento de Asalto y Leg\u00edtima Defensa<\/strong><\/h3>\n\n\n\n<p class=\"wp-block-paragraph\">De acuerdo con informaci\u00f3n proporcionada por la <strong>Fiscal\u00eda <\/strong>, el adolescente fallecido, junto con el menor herido, intent\u00f3 asaltar a dos personas en el parque. Al sentirse amenazados, estas respondieron en defensa propia, resultando en la fatal pu\u00f1alada que acab\u00f3 con la vida del joven de 16 a\u00f1os.<\/p>\n\n\n\n<p class=\"wp-block-paragraph\">La Fiscal\u00eda confirm\u00f3 que existen elementos que respaldan la hip\u00f3tesis de <strong>leg\u00edtima defensa <\/strong>, lo que llev\u00f3 a que uno de los involucrados en el homicidio quedara en libertad.<\/p>\n\n\n\n<blockquote class=\"wp-block-quote is-layout-flow wp-block-quote-is-layout-flow\">\n<p class=\"wp-block-paragraph\">&#8220;Este caso subraya la complejidad de los hechos y c\u00f3mo, en un principio, parec\u00eda tratarse de un enfrentamiento, pero termin\u00f3 siendo un acto de defensa propia frente a un intento de robo,&#8221; explic\u00f3 un vocero de la Fiscal\u00eda.<\/p>\n<\/blockquote>\n\n\n\n<hr class=\"wp-block-separator has-alpha-channel-opacity\"\/>\n\n\n\n<h3 class=\"wp-block-heading\"><strong>Reflexi\u00f3n sobre Seguridad y Consecuencias<\/strong><\/h3>\n\n\n\n<p class=\"wp-block-paragraph\">Este tr\u00e1gico desenlace pone en evidencia los desaf\u00edos relacionados con la seguridad en espacios p\u00fablicos y las consecuencias de actos impulsivos. Adem\u00e1s, resalta la problem\u00e1tica que enfrentan adolescentes en situaci\u00f3n de vulnerabilidad, especialmente aquellos vinculados al <strong>Servicio Mejor Ni\u00f1ez <\/strong>, quienes a menudo carecen de orientaci\u00f3n y apoyo adecuado para evitar situaciones peligrosas.<\/p>\n","protected":false},"excerpt":{"rendered":"<p>El caso del adolescente de 16 a\u00f1os asesinado en el Parque Ecuador de Concepci\u00f3n , regi\u00f3n del Biob\u00edo,<\/p>\n","protected":false},"author":5,"featured_media":7030,"comment_status":"open","ping_status":"open","sticky":false,"template":"","format":"standard","meta":{"_crdt_document":"","_uag_custom_page_level_css":"","_sitemap_exclude":false,"_sitemap_priority":"","_sitemap_frequency":"","_joinchat":[],"footnotes":""},"categories":[226,14,409],"tags":[],"class_list":["post-7029","post","type-post","status-publish","format-standard","has-post-thumbnail","hentry","category-concepcion","category-nacional","category-ultimo-minuto"],"featured_image_urls":{"full":["https:\/\/www.koncevisiontv.cl\/web\/wp-content\/uploads\/2025\/04\/Concepcion.jpg",1920,1080,false],"thumbnail":["https:\/\/www.koncevisiontv.cl\/web\/wp-content\/uploads\/2025\/04\/Concepcion-150x150.jpg",150,150,true],"medium":["https:\/\/www.koncevisiontv.cl\/web\/wp-content\/uploads\/2025\/04\/Concepcion-300x169.jpg",300,169,true],"medium_large":["https:\/\/www.koncevisiontv.cl\/web\/wp-content\/uploads\/2025\/04\/Concepcion-768x432.jpg",640,360,true],"large":["https:\/\/www.koncevisiontv.cl\/web\/wp-content\/uploads\/2025\/04\/Concepcion-1024x576.jpg",640,360,true],"1536x1536":["https:\/\/www.koncevisiontv.cl\/web\/wp-content\/uploads\/2025\/04\/Concepcion-1536x864.jpg",1536,864,true],"2048x2048":["https:\/\/www.koncevisiontv.cl\/web\/wp-content\/uploads\/2025\/04\/Concepcion.jpg",1920,1080,false],"darknews-featured":["https:\/\/www.koncevisiontv.cl\/web\/wp-content\/uploads\/2025\/04\/Concepcion-1024x576.jpg",1024,576,true],"darknews-large":["https:\/\/www.koncevisiontv.cl\/web\/wp-content\/uploads\/2025\/04\/Concepcion-825x575.jpg",825,575,true],"darknews-medium":["https:\/\/www.koncevisiontv.cl\/web\/wp-content\/uploads\/2025\/04\/Concepcion-590x410.jpg",590,410,true]},"author_info":{"info":["Web-Master"]},"category_info":"<a href=\"https:\/\/www.koncevisiontv.cl\/web\/category\/concepcion\/\" rel=\"category tag\">Concepcion<\/a> <a href=\"https:\/\/www.koncevisiontv.cl\/web\/category\/nacional\/\" rel=\"category tag\">Nacional<\/a> <a href=\"https:\/\/www.koncevisiontv.cl\/web\/category\/ultimo-minuto\/\" rel=\"category tag\">Ultimo MInuto<\/a>","tag_info":"Ultimo MInuto","comment_count":"0","uagb_featured_image_src":{"full":["https:\/\/www.koncevisiontv.cl\/web\/wp-content\/uploads\/2025\/04\/Concepcion.jpg",1920,1080,false],"thumbnail":["https:\/\/www.koncevisiontv.cl\/web\/wp-content\/uploads\/2025\/04\/Concepcion-150x150.jpg",150,150,true],"medium":["https:\/\/www.koncevisiontv.cl\/web\/wp-content\/uploads\/2025\/04\/Concepcion-300x169.jpg",300,169,true],"medium_large":["https:\/\/www.koncevisiontv.cl\/web\/wp-content\/uploads\/2025\/04\/Concepcion-768x432.jpg",640,360,true],"large":["https:\/\/www.koncevisiontv.cl\/web\/wp-content\/uploads\/2025\/04\/Concepcion-1024x576.jpg",640,360,true],"1536x1536":["https:\/\/www.koncevisiontv.cl\/web\/wp-content\/uploads\/2025\/04\/Concepcion-1536x864.jpg",1536,864,true],"2048x2048":["https:\/\/www.koncevisiontv.cl\/web\/wp-content\/uploads\/2025\/04\/Concepcion.jpg",1920,1080,false],"darknews-featured":["https:\/\/www.koncevisiontv.cl\/web\/wp-content\/uploads\/2025\/04\/Concepcion-1024x576.jpg",1024,576,true],"darknews-large":["https:\/\/www.koncevisiontv.cl\/web\/wp-content\/uploads\/2025\/04\/Concepcion-825x575.jpg",825,575,true],"darknews-medium":["https:\/\/www.koncevisiontv.cl\/web\/wp-content\/uploads\/2025\/04\/Concepcion-590x410.jpg",590,410,true]},"uagb_author_info":{"display_name":"Web-Master","author_link":"https:\/\/www.koncevisiontv.cl\/web\/author\/koncevision\/"},"uagb_comment_info":0,"uagb_excerpt":"El caso del adolescente de 16 a\u00f1os asesinado en el Parque Ecuador de Concepci\u00f3n , regi\u00f3n del Biob\u00edo,","_links":{"self":[{"href":"https:\/\/www.koncevisiontv.cl\/web\/wp-json\/wp\/v2\/posts\/7029","targetHints":{"allow":["GET"]}}],"collection":[{"href":"https:\/\/www.koncevisiontv.cl\/web\/wp-json\/wp\/v2\/posts"}],"about":[{"href":"https:\/\/www.koncevisiontv.cl\/web\/wp-json\/wp\/v2\/types\/post"}],"author":[{"embeddable":true,"href":"https:\/\/www.koncevisiontv.cl\/web\/wp-json\/wp\/v2\/users\/5"}],"replies":[{"embeddable":true,"href":"https:\/\/www.koncevisiontv.cl\/web\/wp-json\/wp\/v2\/comments?post=7029"}],"version-history":[{"count":1,"href":"https:\/\/www.koncevisiontv.cl\/web\/wp-json\/wp\/v2\/posts\/7029\/revisions"}],"predecessor-version":[{"id":7031,"href":"https:\/\/www.koncevisiontv.cl\/web\/wp-json\/wp\/v2\/posts\/7029\/revisions\/7031"}],"wp:featuredmedia":[{"embeddable":true,"href":"https:\/\/www.koncevisiontv.cl\/web\/wp-json\/wp\/v2\/media\/7030"}],"wp:attachment":[{"href":"https:\/\/www.koncevisiontv.cl\/web\/wp-json\/wp\/v2\/media?parent=7029"}],"wp:term":[{"taxonomy":"category","embeddable":true,"href":"https:\/\/www.koncevisiontv.cl\/web\/wp-json\/wp\/v2\/categories?post=7029"},{"taxonomy":"post_tag","embeddable":true,"href":"https:\/\/www.koncevisiontv.cl\/web\/wp-json\/wp\/v2\/tags?post=7029"}],"curies":[{"name":"wp","href":"https:\/\/api.w.org\/{rel}","templated":true}]}}