{"id":7033,"date":"2025-04-04T14:06:07","date_gmt":"2025-04-04T17:06:07","guid":{"rendered":"https:\/\/www.koncevisiontv.cl\/web\/?p=7033"},"modified":"2025-04-04T14:06:10","modified_gmt":"2025-04-04T17:06:10","slug":"boric-defiende-isabel-allende-destitucion-tc","status":"publish","type":"post","link":"https:\/\/www.koncevisiontv.cl\/web\/boric-defiende-isabel-allende-destitucion-tc\/","title":{"rendered":"Boric Rompe el Silencio Sobre la Destituci\u00f3n de Isabel Allende: &#8220;Jam\u00e1s Ha Intentado Sacar Ventajas Peque\u00f1as&#8221;"},"content":{"rendered":"\n<p class=\"wp-block-paragraph\">El Presidente <strong>Gabriel Boric <\/strong>se pronunci\u00f3 por primera vez sobre la in\u00e9dita y pol\u00e9mica destituci\u00f3n de la senadora socialista <strong>Isabel Allende <\/strong>, ocurrida tras un fallo del <strong>Tribunal Constitucional (TC) <\/strong>que puso fin a m\u00e1s de 30 a\u00f1os de carrera parlamentaria de la hist\u00f3rica congresista. El caso, relacionado con la fallida compra-venta de la casa de su padre, el ex Presidente <strong>Salvador Allende <\/strong>, ha generado fuertes reacciones en el \u00e1mbito pol\u00edtico y social.<\/p>\n\n\n\n<p class=\"wp-block-paragraph\">En una publicaci\u00f3n en redes sociales, Boric defendi\u00f3 a Allende, destacando su trayectoria y negando cualquier conducta irregular por parte de la exsenadora. Adem\u00e1s, envi\u00f3 un mensaje de respaldo al <strong>Partido Socialista (PS) <\/strong>y reivindic\u00f3 la figura de la familia Allende frente a los cuestionamientos p\u00fablicos.<\/p>\n\n\n\n<figure class=\"wp-block-embed is-type-rich is-provider-twitter wp-block-embed-twitter\"><div class=\"wp-block-embed__wrapper\">\n<blockquote class=\"twitter-tweet\" data-width=\"550\" data-dnt=\"true\"><p lang=\"es\" dir=\"ltr\">El pueblo de Chile le debe mucho a Isabel Allende. En la recuperaci\u00f3n de la democracia, en los avances de los derechos de las mujeres, en la institucionalidad ambiental, en la protecci\u00f3n de los trabajadores, en el resguardo de la memoria hist\u00f3rica y en tantas otras materias.\u2026<\/p>&mdash; Gabriel Boric Font (@GabrielBoric) <a href=\"https:\/\/twitter.com\/GabrielBoric\/status\/1908195545937535093?ref_src=twsrc%5Etfw\" target=\"_blank\" rel=\"noopener\">April 4, 2025<\/a><\/blockquote><script async src=\"https:\/\/platform.twitter.com\/widgets.js\" charset=\"utf-8\"><\/script>\n<\/div><\/figure>\n\n\n\n<h3 class=\"wp-block-heading\"><strong>El Elogio de Boric a Isabel Allende<\/strong><\/h3>\n\n\n\n<p class=\"wp-block-paragraph\">El mandatario inici\u00f3 su declaraci\u00f3n reconociendo las contribuciones de Isabel Allende al pa\u00eds durante d\u00e9cadas:<\/p>\n\n\n\n<blockquote class=\"wp-block-quote is-layout-flow wp-block-quote-is-layout-flow\">\n<p class=\"wp-block-paragraph\">\u201cEl pueblo de Chile le debe mucho a Isabel Allende. En la recuperaci\u00f3n de la democracia, en los avances de los derechos de las mujeres, en la institucionalidad ambiental, en la protecci\u00f3n de los trabajadores, en el resguardo de la memoria hist\u00f3rica y en tantas otras materias.\u201d<\/p>\n<\/blockquote>\n\n\n\n<p class=\"wp-block-paragraph\">Luego, Boric fue enf\u00e1tico al desestimar cualquier acusaci\u00f3n de mala pr\u00e1ctica en contra de la senadora:<\/p>\n\n\n\n<blockquote class=\"wp-block-quote is-layout-flow wp-block-quote-is-layout-flow\">\n<p class=\"wp-block-paragraph\">\u201cRespetando las instituciones como me corresponde, puedo afirmar que tengo plena certeza de su integridad, y que jam\u00e1s, jam\u00e1s ha intentado sacar ventajas peque\u00f1as. Siempre ha tenido a Chile por delante. Mi sincero cari\u00f1o y eterno respeto en estos momentos duros.\u201d<\/p>\n<\/blockquote>\n\n\n\n<hr class=\"wp-block-separator has-alpha-channel-opacity\"\/>\n\n\n\n<h3 class=\"wp-block-heading\"><strong>Defensa de la Familia Allende y Mensaje al PS<\/strong><\/h3>\n\n\n\n<p class=\"wp-block-paragraph\">El Presidente tambi\u00e9n aprovech\u00f3 la ocasi\u00f3n para defender la imagen de la familia Allende, se\u00f1alando que su legado no puede ser mancillado por controversias pol\u00edticas:<\/p>\n\n\n\n<blockquote class=\"wp-block-quote is-layout-flow wp-block-quote-is-layout-flow\">\n<p class=\"wp-block-paragraph\">\u201cPor cierto, la figura de su padre, ex Presidente de la Rep\u00fablica que muri\u00f3 en defensa de nuestra democracia, de Tencha, Beatriz y toda su familia son universales y jam\u00e1s ser\u00e1n mancilladas.\u201d<\/p>\n<\/blockquote>\n\n\n\n<p class=\"wp-block-paragraph\">Finalmente, Boric extendi\u00f3 un mensaje de apoyo al <strong>Partido Socialista <\/strong>, asegurando que seguir\u00e1 caminando junto a ellos en la lucha por la justicia e igualdad en Chile:<\/p>\n\n\n\n<blockquote class=\"wp-block-quote is-layout-flow wp-block-quote-is-layout-flow\">\n<p class=\"wp-block-paragraph\">\u201cUn abrazo fraterno tambi\u00e9n a todos los compa\u00f1eros y compa\u00f1eras del Partido Socialista de Chile. Seguiremos caminando juntos por la justicia e igualdad en nuestra patria, tal como lo ha hecho durante toda su vida Isabel.\u201d<\/p>\n<\/blockquote>\n\n\n\n<hr class=\"wp-block-separator has-alpha-channel-opacity\"\/>\n\n\n\n<h3 class=\"wp-block-heading\"><strong>Contexto de la Destituci\u00f3n<\/strong><\/h3>\n\n\n\n<p class=\"wp-block-paragraph\">La destituci\u00f3n de Isabel Allende fue confirmada tras un fallo del <strong>Tribunal Constitucional <\/strong>, que determin\u00f3 que incurri\u00f3 en una falta grave al omitir informaci\u00f3n financiera en su declaraci\u00f3n de patrimonio, vinculada a la fallida transacci\u00f3n de la casa de Salvador Allende. Este caso marc\u00f3 un hito hist\u00f3rico, ya que nunca antes un senador hab\u00eda sido removido de su cargo bajo estas circunstancias.<\/p>\n\n\n\n<p class=\"wp-block-paragraph\">Aunque la decisi\u00f3n del TC gener\u00f3 apoyo en algunos sectores pol\u00edticos, tambi\u00e9n provoc\u00f3 cr\u00edticas por considerarla injusta o desproporcionada, especialmente entre quienes valoran la trayectoria de Allende como defensora de los derechos humanos y la democracia.<\/p>\n","protected":false},"excerpt":{"rendered":"<p>El Presidente Gabriel Boric se pronunci\u00f3 por primera vez sobre la in\u00e9dita y pol\u00e9mica destituci\u00f3n de la senadora<\/p>\n","protected":false},"author":5,"featured_media":7035,"comment_status":"open","ping_status":"open","sticky":false,"template":"","format":"standard","meta":{"_crdt_document":"","_uag_custom_page_level_css":"","_sitemap_exclude":false,"_sitemap_priority":"","_sitemap_frequency":"","_joinchat":[],"footnotes":""},"categories":[14],"tags":[],"class_list":["post-7033","post","type-post","status-publish","format-standard","has-post-thumbnail","hentry","category-nacional"],"featured_image_urls":{"full":["https:\/\/www.koncevisiontv.cl\/web\/wp-content\/uploads\/2025\/04\/WL2PJ55QKBCWNF53HKIND32POI.avif",1023,682,false],"thumbnail":["https:\/\/www.koncevisiontv.cl\/web\/wp-content\/uploads\/2025\/04\/WL2PJ55QKBCWNF53HKIND32POI-150x150.avif",150,150,true],"medium":["https:\/\/www.koncevisiontv.cl\/web\/wp-content\/uploads\/2025\/04\/WL2PJ55QKBCWNF53HKIND32POI-300x200.avif",300,200,true],"medium_large":["https:\/\/www.koncevisiontv.cl\/web\/wp-content\/uploads\/2025\/04\/WL2PJ55QKBCWNF53HKIND32POI-768x512.avif",640,427,true],"large":["https:\/\/www.koncevisiontv.cl\/web\/wp-content\/uploads\/2025\/04\/WL2PJ55QKBCWNF53HKIND32POI.avif",640,427,false],"1536x1536":["https:\/\/www.koncevisiontv.cl\/web\/wp-content\/uploads\/2025\/04\/WL2PJ55QKBCWNF53HKIND32POI.avif",1023,682,false],"2048x2048":["https:\/\/www.koncevisiontv.cl\/web\/wp-content\/uploads\/2025\/04\/WL2PJ55QKBCWNF53HKIND32POI.avif",1023,682,false],"darknews-featured":["https:\/\/www.koncevisiontv.cl\/web\/wp-content\/uploads\/2025\/04\/WL2PJ55QKBCWNF53HKIND32POI.avif",1023,682,false],"darknews-large":["https:\/\/www.koncevisiontv.cl\/web\/wp-content\/uploads\/2025\/04\/WL2PJ55QKBCWNF53HKIND32POI-825x575.avif",825,575,true],"darknews-medium":["https:\/\/www.koncevisiontv.cl\/web\/wp-content\/uploads\/2025\/04\/WL2PJ55QKBCWNF53HKIND32POI-590x410.avif",590,410,true]},"author_info":{"info":["Web-Master"]},"category_info":"<a href=\"https:\/\/www.koncevisiontv.cl\/web\/category\/nacional\/\" rel=\"category tag\">Nacional<\/a>","tag_info":"Nacional","comment_count":"0","uagb_featured_image_src":{"full":["https:\/\/www.koncevisiontv.cl\/web\/wp-content\/uploads\/2025\/04\/WL2PJ55QKBCWNF53HKIND32POI.avif",1023,682,false],"thumbnail":["https:\/\/www.koncevisiontv.cl\/web\/wp-content\/uploads\/2025\/04\/WL2PJ55QKBCWNF53HKIND32POI-150x150.avif",150,150,true],"medium":["https:\/\/www.koncevisiontv.cl\/web\/wp-content\/uploads\/2025\/04\/WL2PJ55QKBCWNF53HKIND32POI-300x200.avif",300,200,true],"medium_large":["https:\/\/www.koncevisiontv.cl\/web\/wp-content\/uploads\/2025\/04\/WL2PJ55QKBCWNF53HKIND32POI-768x512.avif",640,427,true],"large":["https:\/\/www.koncevisiontv.cl\/web\/wp-content\/uploads\/2025\/04\/WL2PJ55QKBCWNF53HKIND32POI.avif",640,427,false],"1536x1536":["https:\/\/www.koncevisiontv.cl\/web\/wp-content\/uploads\/2025\/04\/WL2PJ55QKBCWNF53HKIND32POI.avif",1023,682,false],"2048x2048":["https:\/\/www.koncevisiontv.cl\/web\/wp-content\/uploads\/2025\/04\/WL2PJ55QKBCWNF53HKIND32POI.avif",1023,682,false],"darknews-featured":["https:\/\/www.koncevisiontv.cl\/web\/wp-content\/uploads\/2025\/04\/WL2PJ55QKBCWNF53HKIND32POI.avif",1023,682,false],"darknews-large":["https:\/\/www.koncevisiontv.cl\/web\/wp-content\/uploads\/2025\/04\/WL2PJ55QKBCWNF53HKIND32POI-825x575.avif",825,575,true],"darknews-medium":["https:\/\/www.koncevisiontv.cl\/web\/wp-content\/uploads\/2025\/04\/WL2PJ55QKBCWNF53HKIND32POI-590x410.avif",590,410,true]},"uagb_author_info":{"display_name":"Web-Master","author_link":"https:\/\/www.koncevisiontv.cl\/web\/author\/koncevision\/"},"uagb_comment_info":0,"uagb_excerpt":"El Presidente Gabriel Boric se pronunci\u00f3 por primera vez sobre la in\u00e9dita y pol\u00e9mica destituci\u00f3n de la senadora","_links":{"self":[{"href":"https:\/\/www.koncevisiontv.cl\/web\/wp-json\/wp\/v2\/posts\/7033","targetHints":{"allow":["GET"]}}],"collection":[{"href":"https:\/\/www.koncevisiontv.cl\/web\/wp-json\/wp\/v2\/posts"}],"about":[{"href":"https:\/\/www.koncevisiontv.cl\/web\/wp-json\/wp\/v2\/types\/post"}],"author":[{"embeddable":true,"href":"https:\/\/www.koncevisiontv.cl\/web\/wp-json\/wp\/v2\/users\/5"}],"replies":[{"embeddable":true,"href":"https:\/\/www.koncevisiontv.cl\/web\/wp-json\/wp\/v2\/comments?post=7033"}],"version-history":[{"count":1,"href":"https:\/\/www.koncevisiontv.cl\/web\/wp-json\/wp\/v2\/posts\/7033\/revisions"}],"predecessor-version":[{"id":7036,"href":"https:\/\/www.koncevisiontv.cl\/web\/wp-json\/wp\/v2\/posts\/7033\/revisions\/7036"}],"wp:featuredmedia":[{"embeddable":true,"href":"https:\/\/www.koncevisiontv.cl\/web\/wp-json\/wp\/v2\/media\/7035"}],"wp:attachment":[{"href":"https:\/\/www.koncevisiontv.cl\/web\/wp-json\/wp\/v2\/media?parent=7033"}],"wp:term":[{"taxonomy":"category","embeddable":true,"href":"https:\/\/www.koncevisiontv.cl\/web\/wp-json\/wp\/v2\/categories?post=7033"},{"taxonomy":"post_tag","embeddable":true,"href":"https:\/\/www.koncevisiontv.cl\/web\/wp-json\/wp\/v2\/tags?post=7033"}],"curies":[{"name":"wp","href":"https:\/\/api.w.org\/{rel}","templated":true}]}}