{"id":7044,"date":"2025-04-04T19:24:19","date_gmt":"2025-04-04T22:24:19","guid":{"rendered":"https:\/\/www.koncevisiontv.cl\/web\/?p=7044"},"modified":"2025-04-04T19:24:22","modified_gmt":"2025-04-04T22:24:22","slug":"roban-vehiculo-centro-concepcion-seguridad-comerciantes","status":"publish","type":"post","link":"https:\/\/www.koncevisiontv.cl\/web\/roban-vehiculo-centro-concepcion-seguridad-comerciantes\/","title":{"rendered":"Roban Veh\u00edculo Frente a Cuidador Informal en Concepci\u00f3n: Comerciantes Claman por M\u00e1s Seguridad"},"content":{"rendered":"\n<p class=\"wp-block-paragraph\">Los comerciantes de la calle <strong>Caupolic\u00e1n <\/strong>, en el centro de <strong>Concepci\u00f3n <\/strong>, se encuentran en alerta tras una serie de robos que han afectado tanto a locales comerciales como a veh\u00edculos estacionados en el sector. El \u00faltimo incidente ocurri\u00f3 hace solo d\u00edas, cuando desconocidos robaron una camioneta frente a un cuidador informal de autos, dejando al descubierto la creciente inseguridad en la zona.<\/p>\n\n\n\n<hr class=\"wp-block-separator has-alpha-channel-opacity\"\/>\n\n\n\n<h3 class=\"wp-block-heading\"><strong>El Robo de la Camioneta: Un Acto R\u00e1pido y Atrevido<\/strong><\/h3>\n\n\n\n<p class=\"wp-block-paragraph\">El hecho ocurri\u00f3 en la esquina de las calles <strong>Exeter con Caupolic\u00e1n <\/strong>, donde una camioneta fue sustra\u00edda en cuesti\u00f3n de segundos. Seg\u00fan relatos de testigos, los due\u00f1os del veh\u00edculo llegaron justo en el momento del robo, pero no pudieron evitarlo. Lo m\u00e1s llamativo es que el delito ocurri\u00f3 a plena vista de uno de los cuidadores informales que habitualmente vigilan los autos en el lugar.<\/p>\n\n\n\n<blockquote class=\"wp-block-quote is-layout-flow wp-block-quote-is-layout-flow\">\n<p class=\"wp-block-paragraph\">&#8220;Fue algo incre\u00edble. Los due\u00f1os llegaron corriendo, pero ya era tarde. Todo pas\u00f3 tan r\u00e1pido que ni siquiera el cuidador pudo hacer algo,&#8221; coment\u00f3 <strong>Catalina Caro <\/strong>, trabajadora del local <strong>\u201cVerde Lim\u00f3n\u201d <\/strong>, quien presenci\u00f3 parte del incidente.<\/p>\n<\/blockquote>\n\n\n\n<p class=\"wp-block-paragraph\">Las c\u00e1maras de seguridad captaron el momento exacto del robo, lo que ha servido como evidencia para destacar la vulnerabilidad del sector. Los comerciantes aseguran que este tipo de hechos no solo afecta a quienes pierden sus bienes, sino que tambi\u00e9n genera temor entre clientes y trabajadores.<\/p>\n\n\n\n<hr class=\"wp-block-separator has-alpha-channel-opacity\"\/>\n\n\n\n<h3 class=\"wp-block-heading\"><strong>Robos a Locales Comerciales: Una Amenaza Constante<\/strong><\/h3>\n\n\n\n<p class=\"wp-block-paragraph\">Adem\u00e1s de los robos de veh\u00edculos, los locales comerciales tambi\u00e9n han sido blanco de los delincuentes. La semana pasada, desconocidos intentaron forzar la cortina del restaurante <strong>\u201cVerde Lim\u00f3n\u201d <\/strong>, aunque no lograron ingresar. Sin embargo, el negocio vecino, <strong>\u201cLa Pasta de La Nonna\u201d <\/strong>, no tuvo la misma suerte y fue v\u00edctima de un robo.<\/p>\n\n\n\n<blockquote class=\"wp-block-quote is-layout-flow wp-block-quote-is-layout-flow\">\n<p class=\"wp-block-paragraph\">&#8220;Es desesperante. Nos sentimos vulnerables todo el tiempo. Ya hemos invertido en c\u00e1maras, alarmas y rejas, pero parece que nada es suficiente,&#8221; expres\u00f3 Catalina Caro.<\/p>\n<\/blockquote>\n\n\n\n<p class=\"wp-block-paragraph\">Este patr\u00f3n de ataques ha llevado a los comerciantes a pedir medidas urgentes para mejorar la seguridad en el \u00e1rea.<\/p>\n\n\n\n<hr class=\"wp-block-separator has-alpha-channel-opacity\"\/>\n\n\n\n<h3 class=\"wp-block-heading\"><strong>Piden M\u00e1s Patrullajes y Seguridad Ciudadana<\/strong><\/h3>\n\n\n\n<p class=\"wp-block-paragraph\">Ante la ola de delitos, los locatarios de la zona est\u00e1n exigiendo mayor presencia policial y patrullajes preventivos. Seg\u00fan ellos, la falta de vigilancia est\u00e1 permitiendo que los delincuentes act\u00faen con total impunidad.<\/p>\n\n\n\n<blockquote class=\"wp-block-quote is-layout-flow wp-block-quote-is-layout-flow\">\n<p class=\"wp-block-paragraph\">&#8220;Necesitamos patrullajes constantes de Carabineros y de Seguridad Ciudadana. No podemos seguir as\u00ed, viviendo con miedo a que nos roben o lastimen,&#8221; afirm\u00f3 otro comerciante de la zona.<\/p>\n<\/blockquote>\n\n\n\n<p class=\"wp-block-paragraph\">Por su parte, el municipio de Concepci\u00f3n se comprometi\u00f3 a aumentar los patrullajes preventivos en el sector, aunque a\u00fan no se han anunciado detalles espec\u00edficos sobre c\u00f3mo se implementar\u00e1 esta medida.<\/p>\n\n\n\n<hr class=\"wp-block-separator has-alpha-channel-opacity\"\/>\n\n\n\n<h3 class=\"wp-block-heading\"><strong>Medidas de Autoprotecci\u00f3n: Ventanas Blindadas y C\u00e1maras<\/strong><\/h3>\n\n\n\n<p class=\"wp-block-paragraph\">Mientras esperan una respuesta efectiva de las autoridades, los comerciantes han tomado medidas propias para proteger sus negocios. Entre ellas, destacan la instalaci\u00f3n de <strong>ventanas blindadas <\/strong>, <strong>c\u00e1maras de seguridad <\/strong>, <strong>alarmas <\/strong>y rejas adicionales. Sin embargo, estas soluciones representan una inversi\u00f3n significativa que no todos pueden costear.<\/p>\n\n\n\n<blockquote class=\"wp-block-quote is-layout-flow wp-block-quote-is-layout-flow\">\n<p class=\"wp-block-paragraph\">&#8220;Estamos haciendo lo posible para protegernos, pero esto no deber\u00eda ser responsabilidad nuestra. Necesitamos que las autoridades tomen cartas en el asunto,&#8221; a\u00f1adi\u00f3 Catalina Caro.<\/p>\n<\/blockquote>\n\n\n\n<p class=\"wp-block-paragraph\"><\/p>\n","protected":false},"excerpt":{"rendered":"<p>Los comerciantes de la calle Caupolic\u00e1n , en el centro de Concepci\u00f3n , se encuentran en alerta tras<\/p>\n","protected":false},"author":5,"featured_media":7045,"comment_status":"open","ping_status":"open","sticky":false,"template":"","format":"standard","meta":{"_crdt_document":"","_uag_custom_page_level_css":"","_sitemap_exclude":false,"_sitemap_priority":"","_sitemap_frequency":"","_joinchat":[],"footnotes":""},"categories":[226,14,409],"tags":[],"class_list":["post-7044","post","type-post","status-publish","format-standard","has-post-thumbnail","hentry","category-concepcion","category-nacional","category-ultimo-minuto"],"featured_image_urls":{"full":["https:\/\/www.koncevisiontv.cl\/web\/wp-content\/uploads\/2025\/04\/roban-camioneta.webp",1200,633,false],"thumbnail":["https:\/\/www.koncevisiontv.cl\/web\/wp-content\/uploads\/2025\/04\/roban-camioneta-150x150.webp",150,150,true],"medium":["https:\/\/www.koncevisiontv.cl\/web\/wp-content\/uploads\/2025\/04\/roban-camioneta-300x158.webp",300,158,true],"medium_large":["https:\/\/www.koncevisiontv.cl\/web\/wp-content\/uploads\/2025\/04\/roban-camioneta-768x405.webp",640,338,true],"large":["https:\/\/www.koncevisiontv.cl\/web\/wp-content\/uploads\/2025\/04\/roban-camioneta-1024x540.webp",640,338,true],"1536x1536":["https:\/\/www.koncevisiontv.cl\/web\/wp-content\/uploads\/2025\/04\/roban-camioneta.webp",1200,633,false],"2048x2048":["https:\/\/www.koncevisiontv.cl\/web\/wp-content\/uploads\/2025\/04\/roban-camioneta.webp",1200,633,false],"darknews-featured":["https:\/\/www.koncevisiontv.cl\/web\/wp-content\/uploads\/2025\/04\/roban-camioneta-1024x540.webp",1024,540,true],"darknews-large":["https:\/\/www.koncevisiontv.cl\/web\/wp-content\/uploads\/2025\/04\/roban-camioneta-825x575.webp",825,575,true],"darknews-medium":["https:\/\/www.koncevisiontv.cl\/web\/wp-content\/uploads\/2025\/04\/roban-camioneta-590x410.webp",590,410,true]},"author_info":{"info":["Web-Master"]},"category_info":"<a href=\"https:\/\/www.koncevisiontv.cl\/web\/category\/concepcion\/\" rel=\"category tag\">Concepcion<\/a> <a href=\"https:\/\/www.koncevisiontv.cl\/web\/category\/nacional\/\" rel=\"category tag\">Nacional<\/a> <a href=\"https:\/\/www.koncevisiontv.cl\/web\/category\/ultimo-minuto\/\" rel=\"category tag\">Ultimo MInuto<\/a>","tag_info":"Ultimo MInuto","comment_count":"0","uagb_featured_image_src":{"full":["https:\/\/www.koncevisiontv.cl\/web\/wp-content\/uploads\/2025\/04\/roban-camioneta.webp",1200,633,false],"thumbnail":["https:\/\/www.koncevisiontv.cl\/web\/wp-content\/uploads\/2025\/04\/roban-camioneta-150x150.webp",150,150,true],"medium":["https:\/\/www.koncevisiontv.cl\/web\/wp-content\/uploads\/2025\/04\/roban-camioneta-300x158.webp",300,158,true],"medium_large":["https:\/\/www.koncevisiontv.cl\/web\/wp-content\/uploads\/2025\/04\/roban-camioneta-768x405.webp",640,338,true],"large":["https:\/\/www.koncevisiontv.cl\/web\/wp-content\/uploads\/2025\/04\/roban-camioneta-1024x540.webp",640,338,true],"1536x1536":["https:\/\/www.koncevisiontv.cl\/web\/wp-content\/uploads\/2025\/04\/roban-camioneta.webp",1200,633,false],"2048x2048":["https:\/\/www.koncevisiontv.cl\/web\/wp-content\/uploads\/2025\/04\/roban-camioneta.webp",1200,633,false],"darknews-featured":["https:\/\/www.koncevisiontv.cl\/web\/wp-content\/uploads\/2025\/04\/roban-camioneta-1024x540.webp",1024,540,true],"darknews-large":["https:\/\/www.koncevisiontv.cl\/web\/wp-content\/uploads\/2025\/04\/roban-camioneta-825x575.webp",825,575,true],"darknews-medium":["https:\/\/www.koncevisiontv.cl\/web\/wp-content\/uploads\/2025\/04\/roban-camioneta-590x410.webp",590,410,true]},"uagb_author_info":{"display_name":"Web-Master","author_link":"https:\/\/www.koncevisiontv.cl\/web\/author\/koncevision\/"},"uagb_comment_info":0,"uagb_excerpt":"Los comerciantes de la calle Caupolic\u00e1n , en el centro de Concepci\u00f3n , se encuentran en alerta tras","_links":{"self":[{"href":"https:\/\/www.koncevisiontv.cl\/web\/wp-json\/wp\/v2\/posts\/7044","targetHints":{"allow":["GET"]}}],"collection":[{"href":"https:\/\/www.koncevisiontv.cl\/web\/wp-json\/wp\/v2\/posts"}],"about":[{"href":"https:\/\/www.koncevisiontv.cl\/web\/wp-json\/wp\/v2\/types\/post"}],"author":[{"embeddable":true,"href":"https:\/\/www.koncevisiontv.cl\/web\/wp-json\/wp\/v2\/users\/5"}],"replies":[{"embeddable":true,"href":"https:\/\/www.koncevisiontv.cl\/web\/wp-json\/wp\/v2\/comments?post=7044"}],"version-history":[{"count":1,"href":"https:\/\/www.koncevisiontv.cl\/web\/wp-json\/wp\/v2\/posts\/7044\/revisions"}],"predecessor-version":[{"id":7046,"href":"https:\/\/www.koncevisiontv.cl\/web\/wp-json\/wp\/v2\/posts\/7044\/revisions\/7046"}],"wp:featuredmedia":[{"embeddable":true,"href":"https:\/\/www.koncevisiontv.cl\/web\/wp-json\/wp\/v2\/media\/7045"}],"wp:attachment":[{"href":"https:\/\/www.koncevisiontv.cl\/web\/wp-json\/wp\/v2\/media?parent=7044"}],"wp:term":[{"taxonomy":"category","embeddable":true,"href":"https:\/\/www.koncevisiontv.cl\/web\/wp-json\/wp\/v2\/categories?post=7044"},{"taxonomy":"post_tag","embeddable":true,"href":"https:\/\/www.koncevisiontv.cl\/web\/wp-json\/wp\/v2\/tags?post=7044"}],"curies":[{"name":"wp","href":"https:\/\/api.w.org\/{rel}","templated":true}]}}