{"id":7047,"date":"2025-04-04T21:16:21","date_gmt":"2025-04-05T00:16:21","guid":{"rendered":"https:\/\/www.koncevisiontv.cl\/web\/?p=7047"},"modified":"2025-04-04T21:16:25","modified_gmt":"2025-04-05T00:16:25","slug":"naufragio-coronel-balsa-siete-pescadores-desaparecidos","status":"publish","type":"post","link":"https:\/\/www.koncevisiontv.cl\/web\/naufragio-coronel-balsa-siete-pescadores-desaparecidos\/","title":{"rendered":"Hallazgo de Balsa Sin Activar Apaga Esperanzas por Siete Pescadores Desaparecidos en Coronel"},"content":{"rendered":"\n<p class=\"wp-block-paragraph\">Las esperanzas de encontrar con vida a los siete pescadores desaparecidos frente a las costas de <strong>Coronel <\/strong>, en la <strong>Regi\u00f3n del Biob\u00edo <\/strong>, se desvanecieron tras el hallazgo de la <strong>balsa de emergencia <\/strong>que podr\u00eda haberles salvado la vida. La balsa fue encontrada cerrada y sin activar, lo que confirma que nunca fue utilizada tras el naufragio de la lancha <strong>\u201cBruma\u201d <\/strong>, ocurrido la madrugada del domingo 30 de marzo.<\/p>\n\n\n\n<hr class=\"wp-block-separator has-alpha-channel-opacity\"\/>\n\n\n\n<h3 class=\"wp-block-heading\"><strong>El Hallazgo Que Apag\u00f3 Las Esperanzas<\/strong><\/h3>\n\n\n\n<p class=\"wp-block-paragraph\">La noticia fue entregada por la <strong>Armada <\/strong>a las familias de los desaparecidos y confirmada por <strong>Erick Letelier <\/strong>, dirigente de los pescadores de <strong>Constituci\u00f3n <\/strong>, quien lament\u00f3 profundamente el desenlace. Seg\u00fan sus declaraciones recogidas por <strong>T13 <\/strong>, la balsa era la principal esperanza para encontrar a los tripulantes con vida.<\/p>\n\n\n\n<blockquote class=\"wp-block-quote is-layout-flow wp-block-quote-is-layout-flow\">\n<p class=\"wp-block-paragraph\">\u201cEra la esperanza que ten\u00edamos. La balsa se encontr\u00f3, est\u00e1 cerrada. Es terrible para la pesca artesanal, para sus familias,\u201d expres\u00f3 Letelier, visiblemente afectado por la situaci\u00f3n.<\/p>\n<\/blockquote>\n\n\n\n<p class=\"wp-block-paragraph\">El dirigente destac\u00f3 que, aunque este descubrimiento es devastador, la b\u00fasqueda continuar\u00e1 hasta dar con los cuerpos o rastros de los pescadores desaparecidos.<\/p>\n\n\n\n<hr class=\"wp-block-separator has-alpha-channel-opacity\"\/>\n\n\n\n<h3 class=\"wp-block-heading\"><strong>\u00bfQu\u00e9 Es Una Balsa de Emergencia?<\/strong><\/h3>\n\n\n\n<p class=\"wp-block-paragraph\">Las embarcaciones como la <strong>\u201cBruma\u201d <\/strong>est\u00e1n obligadas a llevar una <strong>balsa de salvamento <\/strong>como medida de seguridad para situaciones de emergencia. Este dispositivo est\u00e1 dise\u00f1ado para ser utilizado en caso de naufragio y contiene agua, alimentos y otros elementos esenciales para garantizar la sobrevivencia de quienes logren acceder a ella durante varios d\u00edas.<\/p>\n\n\n\n<p class=\"wp-block-paragraph\">Tras el hallazgo de los restos destruidos de la lancha bacaladera el domingo 30 de marzo, no hab\u00eda se\u00f1ales de la balsa, lo que aliment\u00f3 la esperanza de que los trabajadores hubieran logrado utilizarla para salvarse. Sin embargo, cinco d\u00edas despu\u00e9s, el hallazgo de la balsa intacta confirm\u00f3 que esta nunca fue empleada.<\/p>\n\n\n\n<hr class=\"wp-block-separator has-alpha-channel-opacity\"\/>\n\n\n\n<h3 class=\"wp-block-heading\"><strong>Investigaci\u00f3n en Curso: \u00bfUna Colisi\u00f3n Fatal?<\/strong><\/h3>\n\n\n\n<p class=\"wp-block-paragraph\">En paralelo, la <strong>Fiscal\u00eda <\/strong>y la <strong>Armada <\/strong>avanzan en la investigaci\u00f3n para determinar las causas del naufragio. Todo apunta a que el accidente pudo haber sido provocado por una <strong>colisi\u00f3n violenta <\/strong>con otro buque. En ese contexto, la justicia orden\u00f3 este viernes la incautaci\u00f3n del barco <strong>\u201cCobra\u201d <\/strong>, perteneciente a la empresa <strong>Blumar <\/strong>, debido a su posible responsabilidad en el incidente.<\/p>\n\n\n\n<p class=\"wp-block-paragraph\">Este caso ha generado preocupaci\u00f3n en el sector pesquero artesanal, ya que evidencia la falta de medidas de seguridad adecuadas y los riesgos extremos que enfrentan los trabajadores en alta mar.<\/p>\n\n\n\n<hr class=\"wp-block-separator has-alpha-channel-opacity\"\/>\n\n\n\n<h3 class=\"wp-block-heading\"><strong>Impacto en Las Familias y El Sector Pesquero<\/strong><\/h3>\n\n\n\n<p class=\"wp-block-paragraph\">El naufragio de la <strong>\u201cBruma\u201d <\/strong>no solo ha dejado a siete familias en duelo, sino que tambi\u00e9n ha expuesto las precarias condiciones laborales de los pescadores artesanales. Para muchos, estos hombres eran compa\u00f1eros, amigos y pilares de sus comunidades.<\/p>\n\n\n\n<blockquote class=\"wp-block-quote is-layout-flow wp-block-quote-is-layout-flow\">\n<p class=\"wp-block-paragraph\">\u201cEs terrible para la pesca artesanal, para sus familias,\u201d reiter\u00f3 Erick Letelier, destacando el impacto emocional y econ\u00f3mico que deja este tr\u00e1gico evento.<\/p>\n<\/blockquote>\n","protected":false},"excerpt":{"rendered":"<p>Las esperanzas de encontrar con vida a los siete pescadores desaparecidos frente a las costas de Coronel ,<\/p>\n","protected":false},"author":5,"featured_media":7048,"comment_status":"open","ping_status":"open","sticky":false,"template":"","format":"standard","meta":{"_crdt_document":"","_uag_custom_page_level_css":"","_sitemap_exclude":false,"_sitemap_priority":"","_sitemap_frequency":"","_joinchat":[],"footnotes":""},"categories":[14],"tags":[],"class_list":["post-7047","post","type-post","status-publish","format-standard","has-post-thumbnail","hentry","category-nacional"],"featured_image_urls":{"full":["https:\/\/www.koncevisiontv.cl\/web\/wp-content\/uploads\/2025\/04\/VHAREWKXCJHUBN3CUBT7Q4YH6E.avif",1023,682,false],"thumbnail":["https:\/\/www.koncevisiontv.cl\/web\/wp-content\/uploads\/2025\/04\/VHAREWKXCJHUBN3CUBT7Q4YH6E-150x150.avif",150,150,true],"medium":["https:\/\/www.koncevisiontv.cl\/web\/wp-content\/uploads\/2025\/04\/VHAREWKXCJHUBN3CUBT7Q4YH6E-300x200.avif",300,200,true],"medium_large":["https:\/\/www.koncevisiontv.cl\/web\/wp-content\/uploads\/2025\/04\/VHAREWKXCJHUBN3CUBT7Q4YH6E-768x512.avif",640,427,true],"large":["https:\/\/www.koncevisiontv.cl\/web\/wp-content\/uploads\/2025\/04\/VHAREWKXCJHUBN3CUBT7Q4YH6E.avif",640,427,false],"1536x1536":["https:\/\/www.koncevisiontv.cl\/web\/wp-content\/uploads\/2025\/04\/VHAREWKXCJHUBN3CUBT7Q4YH6E.avif",1023,682,false],"2048x2048":["https:\/\/www.koncevisiontv.cl\/web\/wp-content\/uploads\/2025\/04\/VHAREWKXCJHUBN3CUBT7Q4YH6E.avif",1023,682,false],"darknews-featured":["https:\/\/www.koncevisiontv.cl\/web\/wp-content\/uploads\/2025\/04\/VHAREWKXCJHUBN3CUBT7Q4YH6E.avif",1023,682,false],"darknews-large":["https:\/\/www.koncevisiontv.cl\/web\/wp-content\/uploads\/2025\/04\/VHAREWKXCJHUBN3CUBT7Q4YH6E-825x575.avif",825,575,true],"darknews-medium":["https:\/\/www.koncevisiontv.cl\/web\/wp-content\/uploads\/2025\/04\/VHAREWKXCJHUBN3CUBT7Q4YH6E-590x410.avif",590,410,true]},"author_info":{"info":["Web-Master"]},"category_info":"<a href=\"https:\/\/www.koncevisiontv.cl\/web\/category\/nacional\/\" rel=\"category tag\">Nacional<\/a>","tag_info":"Nacional","comment_count":"0","uagb_featured_image_src":{"full":["https:\/\/www.koncevisiontv.cl\/web\/wp-content\/uploads\/2025\/04\/VHAREWKXCJHUBN3CUBT7Q4YH6E.avif",1023,682,false],"thumbnail":["https:\/\/www.koncevisiontv.cl\/web\/wp-content\/uploads\/2025\/04\/VHAREWKXCJHUBN3CUBT7Q4YH6E-150x150.avif",150,150,true],"medium":["https:\/\/www.koncevisiontv.cl\/web\/wp-content\/uploads\/2025\/04\/VHAREWKXCJHUBN3CUBT7Q4YH6E-300x200.avif",300,200,true],"medium_large":["https:\/\/www.koncevisiontv.cl\/web\/wp-content\/uploads\/2025\/04\/VHAREWKXCJHUBN3CUBT7Q4YH6E-768x512.avif",640,427,true],"large":["https:\/\/www.koncevisiontv.cl\/web\/wp-content\/uploads\/2025\/04\/VHAREWKXCJHUBN3CUBT7Q4YH6E.avif",640,427,false],"1536x1536":["https:\/\/www.koncevisiontv.cl\/web\/wp-content\/uploads\/2025\/04\/VHAREWKXCJHUBN3CUBT7Q4YH6E.avif",1023,682,false],"2048x2048":["https:\/\/www.koncevisiontv.cl\/web\/wp-content\/uploads\/2025\/04\/VHAREWKXCJHUBN3CUBT7Q4YH6E.avif",1023,682,false],"darknews-featured":["https:\/\/www.koncevisiontv.cl\/web\/wp-content\/uploads\/2025\/04\/VHAREWKXCJHUBN3CUBT7Q4YH6E.avif",1023,682,false],"darknews-large":["https:\/\/www.koncevisiontv.cl\/web\/wp-content\/uploads\/2025\/04\/VHAREWKXCJHUBN3CUBT7Q4YH6E-825x575.avif",825,575,true],"darknews-medium":["https:\/\/www.koncevisiontv.cl\/web\/wp-content\/uploads\/2025\/04\/VHAREWKXCJHUBN3CUBT7Q4YH6E-590x410.avif",590,410,true]},"uagb_author_info":{"display_name":"Web-Master","author_link":"https:\/\/www.koncevisiontv.cl\/web\/author\/koncevision\/"},"uagb_comment_info":0,"uagb_excerpt":"Las esperanzas de encontrar con vida a los siete pescadores desaparecidos frente a las costas de Coronel ,","_links":{"self":[{"href":"https:\/\/www.koncevisiontv.cl\/web\/wp-json\/wp\/v2\/posts\/7047","targetHints":{"allow":["GET"]}}],"collection":[{"href":"https:\/\/www.koncevisiontv.cl\/web\/wp-json\/wp\/v2\/posts"}],"about":[{"href":"https:\/\/www.koncevisiontv.cl\/web\/wp-json\/wp\/v2\/types\/post"}],"author":[{"embeddable":true,"href":"https:\/\/www.koncevisiontv.cl\/web\/wp-json\/wp\/v2\/users\/5"}],"replies":[{"embeddable":true,"href":"https:\/\/www.koncevisiontv.cl\/web\/wp-json\/wp\/v2\/comments?post=7047"}],"version-history":[{"count":1,"href":"https:\/\/www.koncevisiontv.cl\/web\/wp-json\/wp\/v2\/posts\/7047\/revisions"}],"predecessor-version":[{"id":7049,"href":"https:\/\/www.koncevisiontv.cl\/web\/wp-json\/wp\/v2\/posts\/7047\/revisions\/7049"}],"wp:featuredmedia":[{"embeddable":true,"href":"https:\/\/www.koncevisiontv.cl\/web\/wp-json\/wp\/v2\/media\/7048"}],"wp:attachment":[{"href":"https:\/\/www.koncevisiontv.cl\/web\/wp-json\/wp\/v2\/media?parent=7047"}],"wp:term":[{"taxonomy":"category","embeddable":true,"href":"https:\/\/www.koncevisiontv.cl\/web\/wp-json\/wp\/v2\/categories?post=7047"},{"taxonomy":"post_tag","embeddable":true,"href":"https:\/\/www.koncevisiontv.cl\/web\/wp-json\/wp\/v2\/tags?post=7047"}],"curies":[{"name":"wp","href":"https:\/\/api.w.org\/{rel}","templated":true}]}}