{"id":7050,"date":"2025-04-04T21:28:23","date_gmt":"2025-04-05T00:28:23","guid":{"rendered":"https:\/\/www.koncevisiontv.cl\/web\/?p=7050"},"modified":"2025-04-04T21:28:29","modified_gmt":"2025-04-05T00:28:29","slug":"cortes-de-luz-chiguayante-talcahuano-cge","status":"publish","type":"post","link":"https:\/\/www.koncevisiontv.cl\/web\/cortes-de-luz-chiguayante-talcahuano-cge\/","title":{"rendered":"Cortes de Luz en Chiguayante y Talcahuano: Interrupciones Programadas para el Lunes 7 de Abril"},"content":{"rendered":"\n<p class=\"wp-block-paragraph\">La <strong>Compa\u00f1\u00eda General de Electricidad (CGE) <\/strong>anunci\u00f3 que realizar\u00e1 cortes de luz programados el pr\u00f3ximo <strong>lunes 7 de abril <\/strong>en los sectores de <strong>Chiguayante <\/strong>y <strong>Talcahuano <\/strong>, en la Regi\u00f3n del Biob\u00edo. Estas interrupciones se suman a otras previamente informadas en el <strong>Gran Concepci\u00f3n <\/strong>y tienen como objetivo realizar trabajos de mejoramiento en la red el\u00e9ctrica.<\/p>\n\n\n\n<hr class=\"wp-block-separator has-alpha-channel-opacity\"\/>\n\n\n\n<h3 class=\"wp-block-heading\"><strong>Detalles de los Cortes de Luz<\/strong><\/h3>\n\n\n\n<p class=\"wp-block-paragraph\">Seg\u00fan lo reportado por CGE, las suspensiones del servicio tendr\u00e1n una duraci\u00f3n de <strong>6 horas <\/strong>en cada sector afectado. Los detalles son los siguientes<\/p>\n\n\n\n<h4 class=\"wp-block-heading\"><strong>Chiguayante<\/strong><\/h4>\n\n\n\n<ul class=\"wp-block-list\">\n<li><strong>Fecha: <\/strong>Lunes 7 de abril<\/li>\n\n\n\n<li><strong>Horario: <\/strong>Desde las <strong>9:00 hasta las 15:00 horas<\/strong><\/li>\n\n\n\n<li><strong>Sector afectado: <\/strong>Avenida Col\u00f3n<\/li>\n<\/ul>\n\n\n\n<figure class=\"wp-block-embed is-type-rich is-provider-twitter wp-block-embed-twitter\"><div class=\"wp-block-embed__wrapper\">\n<blockquote class=\"twitter-tweet\" data-width=\"550\" data-dnt=\"true\"><p lang=\"es\" dir=\"ltr\">Para mejorar la calidad del suministro de nuestros clientes de <a href=\"https:\/\/twitter.com\/hashtag\/Chiguayante?src=hash&amp;ref_src=twsrc%5Etfw\" target=\"_blank\" rel=\"noopener\">#Chiguayante<\/a>, este lunes, entre 09:00 y 15:00 horas, se realizar\u00e1 una <a href=\"https:\/\/twitter.com\/hashtag\/Interrupci%C3%B3nProgramada?src=hash&amp;ref_src=twsrc%5Etfw\" target=\"_blank\" rel=\"noopener\">#Interrupci\u00f3nProgramada<\/a> (sectores en la imagen \ud83d\udc47) debido a trabajos de mejoras. Recuerda desconectar tus artefactos \ud83d\udd0c <a href=\"https:\/\/t.co\/UdwiZqlhDu\">pic.twitter.com\/UdwiZqlhDu<\/a><\/p>&mdash; CGE Clientes (@CGE_Clientes) <a href=\"https:\/\/twitter.com\/CGE_Clientes\/status\/1908151665489756283?ref_src=twsrc%5Etfw\" target=\"_blank\" rel=\"noopener\">April 4, 2025<\/a><\/blockquote><script async src=\"https:\/\/platform.twitter.com\/widgets.js\" charset=\"utf-8\"><\/script>\n<\/div><\/figure>\n\n\n\n<h4 class=\"wp-block-heading\"><strong>Talcahuano<\/strong><\/h4>\n\n\n\n<ul class=\"wp-block-list\">\n<li><strong>Fecha: <\/strong>Lunes 7 de abril<\/li>\n\n\n\n<li><strong>Horario: <\/strong>Desde las <strong>10:00 hasta las 16:00 horas<\/strong><\/li>\n\n\n\n<li><strong>Sector afectado: <\/strong>Nuressa (calle interior)<\/li>\n<\/ul>\n\n\n\n<figure class=\"wp-block-embed is-type-rich is-provider-twitter wp-block-embed-twitter\"><div class=\"wp-block-embed__wrapper\">\n<blockquote class=\"twitter-tweet\" data-width=\"550\" data-dnt=\"true\"><p lang=\"es\" dir=\"ltr\">Para mejorar la calidad del suministro de nuestros clientes de <a href=\"https:\/\/twitter.com\/hashtag\/Talcahuano?src=hash&amp;ref_src=twsrc%5Etfw\" target=\"_blank\" rel=\"noopener\">#Talcahuano<\/a>, este lunes, entre 10:00 y 16:00 horas, se realizar\u00e1 una <a href=\"https:\/\/twitter.com\/hashtag\/Interrupci%C3%B3nProgramada?src=hash&amp;ref_src=twsrc%5Etfw\" target=\"_blank\" rel=\"noopener\">#Interrupci\u00f3nProgramada<\/a> (sectores en la imagen \ud83d\udc47) debido a trabajos de mejoras. Recuerda desconectar tus artefactos \ud83d\udd0c <a href=\"https:\/\/t.co\/ndlNr9rC35\">pic.twitter.com\/ndlNr9rC35<\/a><\/p>&mdash; CGE Clientes (@CGE_Clientes) <a href=\"https:\/\/twitter.com\/CGE_Clientes\/status\/1908177900131455209?ref_src=twsrc%5Etfw\" target=\"_blank\" rel=\"noopener\">April 4, 2025<\/a><\/blockquote><script async src=\"https:\/\/platform.twitter.com\/widgets.js\" charset=\"utf-8\"><\/script>\n<\/div><\/figure>\n\n\n\n<p class=\"wp-block-paragraph\">La empresa explic\u00f3 que estos cortes forman parte de un plan de <strong>mejoramiento de la infraestructura el\u00e9ctrica <\/strong>en la regi\u00f3n. Los trabajos buscan garantizar un servicio m\u00e1s seguro y eficiente a largo plazo.<\/p>\n\n\n\n<p class=\"wp-block-paragraph\">Adem\u00e1s, CGE record\u00f3 a los clientes afectados la importancia de <strong>desconectar sus artefactos el\u00e9ctricos <\/strong>antes del inicio de los cortes para evitar da\u00f1os o accidentes al momento de la reposici\u00f3n del servicio.<\/p>\n\n\n\n<hr class=\"wp-block-separator has-alpha-channel-opacity\"\/>\n\n\n\n<h3 class=\"wp-block-heading\"><strong>Canales de Atenci\u00f3n para Consultas<\/strong><\/h3>\n\n\n\n<p class=\"wp-block-paragraph\">Quienes necesiten mayor informaci\u00f3n o deseen realizar consultas pueden comunicarse con CGE a trav\u00e9s de sus canales oficiales de atenci\u00f3n:<\/p>\n\n\n\n<ul class=\"wp-block-list\">\n<li><strong>Tel\u00e9fono gratuito: <\/strong>800 800 767<\/li>\n\n\n\n<li><strong>WhatsApp: <\/strong>+569 8956 8479<\/li>\n<\/ul>\n\n\n\n<p class=\"wp-block-paragraph\">Estos medios estar\u00e1n disponibles para resolver dudas y brindar asistencia durante el per\u00edodo de los cortes.<\/p>\n\n\n\n<hr class=\"wp-block-separator has-alpha-channel-opacity\"\/>\n\n\n\n<h3 class=\"wp-block-heading\"><strong>Impacto en la Comunidad<\/strong><\/h3>\n\n\n\n<p class=\"wp-block-paragraph\">Los cortes programados han generado preocupaci\u00f3n entre los habitantes de <strong>Chiguayante <\/strong>y <strong>Talcahuano <\/strong>, especialmente debido a la dependencia de la electricidad en actividades diarias como el trabajo remoto, el funcionamiento de equipos m\u00e9dicos y la operaci\u00f3n de peque\u00f1os negocios.<\/p>\n\n\n\n<p class=\"wp-block-paragraph\">Sin embargo, CGE ha pedido comprensi\u00f3n a la comunidad, destacando que estas intervenciones son esenciales para mejorar la calidad del servicio el\u00e9ctrico en la regi\u00f3n.<\/p>\n","protected":false},"excerpt":{"rendered":"<p>La Compa\u00f1\u00eda General de Electricidad (CGE) anunci\u00f3 que realizar\u00e1 cortes de luz programados el pr\u00f3ximo lunes 7 de<\/p>\n","protected":false},"author":5,"featured_media":6914,"comment_status":"open","ping_status":"open","sticky":false,"template":"","format":"standard","meta":{"_crdt_document":"","_uag_custom_page_level_css":"","_sitemap_exclude":false,"_sitemap_priority":"","_sitemap_frequency":"","_joinchat":[],"footnotes":""},"categories":[421],"tags":[],"class_list":["post-7050","post","type-post","status-publish","format-standard","has-post-thumbnail","hentry","category-cortes-de-luz"],"featured_image_urls":{"full":["https:\/\/www.koncevisiontv.cl\/web\/wp-content\/uploads\/2025\/04\/cortes-de-luz.jpg",872,670,false],"thumbnail":["https:\/\/www.koncevisiontv.cl\/web\/wp-content\/uploads\/2025\/04\/cortes-de-luz-150x150.jpg",150,150,true],"medium":["https:\/\/www.koncevisiontv.cl\/web\/wp-content\/uploads\/2025\/04\/cortes-de-luz-300x231.jpg",300,231,true],"medium_large":["https:\/\/www.koncevisiontv.cl\/web\/wp-content\/uploads\/2025\/04\/cortes-de-luz-768x590.jpg",640,492,true],"large":["https:\/\/www.koncevisiontv.cl\/web\/wp-content\/uploads\/2025\/04\/cortes-de-luz.jpg",640,492,false],"1536x1536":["https:\/\/www.koncevisiontv.cl\/web\/wp-content\/uploads\/2025\/04\/cortes-de-luz.jpg",872,670,false],"2048x2048":["https:\/\/www.koncevisiontv.cl\/web\/wp-content\/uploads\/2025\/04\/cortes-de-luz.jpg",872,670,false],"darknews-featured":["https:\/\/www.koncevisiontv.cl\/web\/wp-content\/uploads\/2025\/04\/cortes-de-luz.jpg",872,670,false],"darknews-large":["https:\/\/www.koncevisiontv.cl\/web\/wp-content\/uploads\/2025\/04\/cortes-de-luz-825x575.jpg",825,575,true],"darknews-medium":["https:\/\/www.koncevisiontv.cl\/web\/wp-content\/uploads\/2025\/04\/cortes-de-luz-590x410.jpg",590,410,true]},"author_info":{"info":["Web-Master"]},"category_info":"<a href=\"https:\/\/www.koncevisiontv.cl\/web\/category\/cortes-de-luz\/\" rel=\"category tag\">Cortes De Luz<\/a>","tag_info":"Cortes De Luz","comment_count":"0","uagb_featured_image_src":{"full":["https:\/\/www.koncevisiontv.cl\/web\/wp-content\/uploads\/2025\/04\/cortes-de-luz.jpg",872,670,false],"thumbnail":["https:\/\/www.koncevisiontv.cl\/web\/wp-content\/uploads\/2025\/04\/cortes-de-luz-150x150.jpg",150,150,true],"medium":["https:\/\/www.koncevisiontv.cl\/web\/wp-content\/uploads\/2025\/04\/cortes-de-luz-300x231.jpg",300,231,true],"medium_large":["https:\/\/www.koncevisiontv.cl\/web\/wp-content\/uploads\/2025\/04\/cortes-de-luz-768x590.jpg",640,492,true],"large":["https:\/\/www.koncevisiontv.cl\/web\/wp-content\/uploads\/2025\/04\/cortes-de-luz.jpg",640,492,false],"1536x1536":["https:\/\/www.koncevisiontv.cl\/web\/wp-content\/uploads\/2025\/04\/cortes-de-luz.jpg",872,670,false],"2048x2048":["https:\/\/www.koncevisiontv.cl\/web\/wp-content\/uploads\/2025\/04\/cortes-de-luz.jpg",872,670,false],"darknews-featured":["https:\/\/www.koncevisiontv.cl\/web\/wp-content\/uploads\/2025\/04\/cortes-de-luz.jpg",872,670,false],"darknews-large":["https:\/\/www.koncevisiontv.cl\/web\/wp-content\/uploads\/2025\/04\/cortes-de-luz-825x575.jpg",825,575,true],"darknews-medium":["https:\/\/www.koncevisiontv.cl\/web\/wp-content\/uploads\/2025\/04\/cortes-de-luz-590x410.jpg",590,410,true]},"uagb_author_info":{"display_name":"Web-Master","author_link":"https:\/\/www.koncevisiontv.cl\/web\/author\/koncevision\/"},"uagb_comment_info":0,"uagb_excerpt":"La Compa\u00f1\u00eda General de Electricidad (CGE) anunci\u00f3 que realizar\u00e1 cortes de luz programados el pr\u00f3ximo lunes 7 de","_links":{"self":[{"href":"https:\/\/www.koncevisiontv.cl\/web\/wp-json\/wp\/v2\/posts\/7050","targetHints":{"allow":["GET"]}}],"collection":[{"href":"https:\/\/www.koncevisiontv.cl\/web\/wp-json\/wp\/v2\/posts"}],"about":[{"href":"https:\/\/www.koncevisiontv.cl\/web\/wp-json\/wp\/v2\/types\/post"}],"author":[{"embeddable":true,"href":"https:\/\/www.koncevisiontv.cl\/web\/wp-json\/wp\/v2\/users\/5"}],"replies":[{"embeddable":true,"href":"https:\/\/www.koncevisiontv.cl\/web\/wp-json\/wp\/v2\/comments?post=7050"}],"version-history":[{"count":1,"href":"https:\/\/www.koncevisiontv.cl\/web\/wp-json\/wp\/v2\/posts\/7050\/revisions"}],"predecessor-version":[{"id":7053,"href":"https:\/\/www.koncevisiontv.cl\/web\/wp-json\/wp\/v2\/posts\/7050\/revisions\/7053"}],"wp:featuredmedia":[{"embeddable":true,"href":"https:\/\/www.koncevisiontv.cl\/web\/wp-json\/wp\/v2\/media\/6914"}],"wp:attachment":[{"href":"https:\/\/www.koncevisiontv.cl\/web\/wp-json\/wp\/v2\/media?parent=7050"}],"wp:term":[{"taxonomy":"category","embeddable":true,"href":"https:\/\/www.koncevisiontv.cl\/web\/wp-json\/wp\/v2\/categories?post=7050"},{"taxonomy":"post_tag","embeddable":true,"href":"https:\/\/www.koncevisiontv.cl\/web\/wp-json\/wp\/v2\/tags?post=7050"}],"curies":[{"name":"wp","href":"https:\/\/api.w.org\/{rel}","templated":true}]}}