{"id":7055,"date":"2025-04-04T21:33:44","date_gmt":"2025-04-05T00:33:44","guid":{"rendered":"https:\/\/www.koncevisiontv.cl\/web\/?p=7055"},"modified":"2025-04-04T21:33:47","modified_gmt":"2025-04-05T00:33:47","slug":"hallazgo-cadaver-vina-del-mar-pdi","status":"publish","type":"post","link":"https:\/\/www.koncevisiontv.cl\/web\/hallazgo-cadaver-vina-del-mar-pdi\/","title":{"rendered":"PDI Investiga Hallazgo de Cad\u00e1ver en Veh\u00edculo en Vi\u00f1a del Mar"},"content":{"rendered":"\n<p class=\"wp-block-paragraph\">La <strong>Polic\u00eda de Investigaciones (PDI) <\/strong>se encuentra investigando el hallazgo de un cad\u00e1ver en la ciudad de <strong>Vi\u00f1a del Mar <\/strong>, regi\u00f3n de Valpara\u00edso. Seg\u00fan los antecedentes preliminares, el cuerpo fue encontrado dentro de un veh\u00edculo en el sector de <strong>El Salto <\/strong>, al ingresar a <strong>Las Palmas <\/strong>.<\/p>\n\n\n\n<hr class=\"wp-block-separator has-alpha-channel-opacity\"\/>\n\n\n\n<h3 class=\"wp-block-heading\"><strong>Descubrimiento del Cuerpo y Actuaci\u00f3n Inicial<\/strong><\/h3>\n\n\n\n<p class=\"wp-block-paragraph\">El macabro hallazgo ocurri\u00f3 aproximadamente a las <strong>19:40 horas <\/strong>, momento en que el <strong>Ministerio P\u00fablico <\/strong>instruy\u00f3 la concurrencia de la <strong>Brigada de Homicidios (BH) <\/strong>de la PDI para realizar las primeras diligencias en el lugar.<\/p>\n\n\n\n<p class=\"wp-block-paragraph\">El equipo especializado de la polic\u00eda civil lleg\u00f3 al sitio para iniciar las pericias correspondientes, con el objetivo de determinar la identidad del fallecido y esclarecer las circunstancias de su muerte.<\/p>\n\n\n\n<hr class=\"wp-block-separator has-alpha-channel-opacity\"\/>\n\n\n\n<h3 class=\"wp-block-heading\"><strong>Ubicaci\u00f3n y Contexto del Hallazgo<\/strong><\/h3>\n\n\n\n<p class=\"wp-block-paragraph\">El cuerpo fue descubierto en el interior de un veh\u00edculo, ubicado en el sector de <strong>El Salto <\/strong>, una zona residencial cercana a <strong>Las Palmas <\/strong>, en Vi\u00f1a del Mar. Las autoridades no han entregado mayores detalles sobre el sexo o edad de la v\u00edctima, ni si existen signos evidentes de violencia en el lugar.<\/p>\n\n\n\n<hr class=\"wp-block-separator has-alpha-channel-opacity\"\/>\n\n\n\n<h3 class=\"wp-block-heading\"><strong>Diligencias en Curso<\/strong><\/h3>\n\n\n\n<p class=\"wp-block-paragraph\">La <strong>Brigada de Homicidios <\/strong>est\u00e1 trabajando en el sitio del hallazgo para recopilar evidencia y reconstruir la din\u00e1mica de los hechos. Entre las tareas prioritarias se encuentran:<\/p>\n\n\n\n<ul class=\"wp-block-list\">\n<li>Identificar al fallecido.<\/li>\n\n\n\n<li>Determinar la causa de la muerte.<\/li>\n\n\n\n<li>Establecer si el veh\u00edculo estaba estacionado en el lugar desde hace alg\u00fan tiempo.<\/li>\n\n\n\n<li>Recabar testimonios de testigos o vecinos.<\/li>\n<\/ul>\n\n\n\n<hr class=\"wp-block-separator has-alpha-channel-opacity\"\/>\n\n\n\n<h3 class=\"wp-block-heading\"><strong>Noticia en Desarrollo<\/strong><\/h3>\n\n\n\n<p class=\"wp-block-paragraph\">Hasta el momento, las autoridades mantienen hermetismo sobre los detalles del caso, ya que se encuentran en la etapa inicial de la investigaci\u00f3n. Se espera que en las pr\u00f3ximas horas se entreguen m\u00e1s antecedentes sobre la identidad de la v\u00edctima y las posibles causas de su deceso.<\/p>\n\n\n\n<p class=\"wp-block-paragraph\">Quedamos atentos a las actualizaciones oficiales por parte de la <strong>PDI <\/strong>y el <strong>Ministerio P\u00fablico <\/strong>.<\/p>\n","protected":false},"excerpt":{"rendered":"<p>La Polic\u00eda de Investigaciones (PDI) se encuentra investigando el hallazgo de un cad\u00e1ver en la ciudad de Vi\u00f1a<\/p>\n","protected":false},"author":5,"featured_media":5657,"comment_status":"open","ping_status":"open","sticky":false,"template":"","format":"standard","meta":{"_crdt_document":"","_uag_custom_page_level_css":"","_sitemap_exclude":false,"_sitemap_priority":"","_sitemap_frequency":"","_joinchat":[],"footnotes":""},"categories":[14],"tags":[],"class_list":["post-7055","post","type-post","status-publish","format-standard","has-post-thumbnail","hentry","category-nacional"],"featured_image_urls":{"full":["https:\/\/www.koncevisiontv.cl\/web\/wp-content\/uploads\/2025\/02\/WhatsApp-Image-2024-08-13-at-08.45.24.jpeg",960,502,false],"thumbnail":["https:\/\/www.koncevisiontv.cl\/web\/wp-content\/uploads\/2025\/02\/WhatsApp-Image-2024-08-13-at-08.45.24-150x150.jpeg",150,150,true],"medium":["https:\/\/www.koncevisiontv.cl\/web\/wp-content\/uploads\/2025\/02\/WhatsApp-Image-2024-08-13-at-08.45.24-300x157.jpeg",300,157,true],"medium_large":["https:\/\/www.koncevisiontv.cl\/web\/wp-content\/uploads\/2025\/02\/WhatsApp-Image-2024-08-13-at-08.45.24-768x402.jpeg",640,335,true],"large":["https:\/\/www.koncevisiontv.cl\/web\/wp-content\/uploads\/2025\/02\/WhatsApp-Image-2024-08-13-at-08.45.24.jpeg",640,335,false],"1536x1536":["https:\/\/www.koncevisiontv.cl\/web\/wp-content\/uploads\/2025\/02\/WhatsApp-Image-2024-08-13-at-08.45.24.jpeg",960,502,false],"2048x2048":["https:\/\/www.koncevisiontv.cl\/web\/wp-content\/uploads\/2025\/02\/WhatsApp-Image-2024-08-13-at-08.45.24.jpeg",960,502,false],"darknews-featured":["https:\/\/www.koncevisiontv.cl\/web\/wp-content\/uploads\/2025\/02\/WhatsApp-Image-2024-08-13-at-08.45.24.jpeg",960,502,false],"darknews-large":["https:\/\/www.koncevisiontv.cl\/web\/wp-content\/uploads\/2025\/02\/WhatsApp-Image-2024-08-13-at-08.45.24-825x502.jpeg",825,502,true],"darknews-medium":["https:\/\/www.koncevisiontv.cl\/web\/wp-content\/uploads\/2025\/02\/WhatsApp-Image-2024-08-13-at-08.45.24-590x410.jpeg",590,410,true]},"author_info":{"info":["Web-Master"]},"category_info":"<a href=\"https:\/\/www.koncevisiontv.cl\/web\/category\/nacional\/\" rel=\"category tag\">Nacional<\/a>","tag_info":"Nacional","comment_count":"0","uagb_featured_image_src":{"full":["https:\/\/www.koncevisiontv.cl\/web\/wp-content\/uploads\/2025\/02\/WhatsApp-Image-2024-08-13-at-08.45.24.jpeg",960,502,false],"thumbnail":["https:\/\/www.koncevisiontv.cl\/web\/wp-content\/uploads\/2025\/02\/WhatsApp-Image-2024-08-13-at-08.45.24-150x150.jpeg",150,150,true],"medium":["https:\/\/www.koncevisiontv.cl\/web\/wp-content\/uploads\/2025\/02\/WhatsApp-Image-2024-08-13-at-08.45.24-300x157.jpeg",300,157,true],"medium_large":["https:\/\/www.koncevisiontv.cl\/web\/wp-content\/uploads\/2025\/02\/WhatsApp-Image-2024-08-13-at-08.45.24-768x402.jpeg",640,335,true],"large":["https:\/\/www.koncevisiontv.cl\/web\/wp-content\/uploads\/2025\/02\/WhatsApp-Image-2024-08-13-at-08.45.24.jpeg",640,335,false],"1536x1536":["https:\/\/www.koncevisiontv.cl\/web\/wp-content\/uploads\/2025\/02\/WhatsApp-Image-2024-08-13-at-08.45.24.jpeg",960,502,false],"2048x2048":["https:\/\/www.koncevisiontv.cl\/web\/wp-content\/uploads\/2025\/02\/WhatsApp-Image-2024-08-13-at-08.45.24.jpeg",960,502,false],"darknews-featured":["https:\/\/www.koncevisiontv.cl\/web\/wp-content\/uploads\/2025\/02\/WhatsApp-Image-2024-08-13-at-08.45.24.jpeg",960,502,false],"darknews-large":["https:\/\/www.koncevisiontv.cl\/web\/wp-content\/uploads\/2025\/02\/WhatsApp-Image-2024-08-13-at-08.45.24-825x502.jpeg",825,502,true],"darknews-medium":["https:\/\/www.koncevisiontv.cl\/web\/wp-content\/uploads\/2025\/02\/WhatsApp-Image-2024-08-13-at-08.45.24-590x410.jpeg",590,410,true]},"uagb_author_info":{"display_name":"Web-Master","author_link":"https:\/\/www.koncevisiontv.cl\/web\/author\/koncevision\/"},"uagb_comment_info":0,"uagb_excerpt":"La Polic\u00eda de Investigaciones (PDI) se encuentra investigando el hallazgo de un cad\u00e1ver en la ciudad de Vi\u00f1a","_links":{"self":[{"href":"https:\/\/www.koncevisiontv.cl\/web\/wp-json\/wp\/v2\/posts\/7055","targetHints":{"allow":["GET"]}}],"collection":[{"href":"https:\/\/www.koncevisiontv.cl\/web\/wp-json\/wp\/v2\/posts"}],"about":[{"href":"https:\/\/www.koncevisiontv.cl\/web\/wp-json\/wp\/v2\/types\/post"}],"author":[{"embeddable":true,"href":"https:\/\/www.koncevisiontv.cl\/web\/wp-json\/wp\/v2\/users\/5"}],"replies":[{"embeddable":true,"href":"https:\/\/www.koncevisiontv.cl\/web\/wp-json\/wp\/v2\/comments?post=7055"}],"version-history":[{"count":1,"href":"https:\/\/www.koncevisiontv.cl\/web\/wp-json\/wp\/v2\/posts\/7055\/revisions"}],"predecessor-version":[{"id":7056,"href":"https:\/\/www.koncevisiontv.cl\/web\/wp-json\/wp\/v2\/posts\/7055\/revisions\/7056"}],"wp:featuredmedia":[{"embeddable":true,"href":"https:\/\/www.koncevisiontv.cl\/web\/wp-json\/wp\/v2\/media\/5657"}],"wp:attachment":[{"href":"https:\/\/www.koncevisiontv.cl\/web\/wp-json\/wp\/v2\/media?parent=7055"}],"wp:term":[{"taxonomy":"category","embeddable":true,"href":"https:\/\/www.koncevisiontv.cl\/web\/wp-json\/wp\/v2\/categories?post=7055"},{"taxonomy":"post_tag","embeddable":true,"href":"https:\/\/www.koncevisiontv.cl\/web\/wp-json\/wp\/v2\/tags?post=7055"}],"curies":[{"name":"wp","href":"https:\/\/api.w.org\/{rel}","templated":true}]}}