{"id":7058,"date":"2025-04-05T22:35:20","date_gmt":"2025-04-06T01:35:20","guid":{"rendered":"https:\/\/www.koncevisiontv.cl\/web\/?p=7058"},"modified":"2025-04-05T22:45:51","modified_gmt":"2025-04-06T01:45:51","slug":"angie-graciano-apunalada-antofagasta-desaparecida","status":"publish","type":"post","link":"https:\/\/www.koncevisiontv.cl\/web\/angie-graciano-apunalada-antofagasta-desaparecida\/","title":{"rendered":"HORROR: Encuentran Apu\u00f1alada y Golpeada a Joven Madre Desaparecida en Antofagasta"},"content":{"rendered":"\n<p class=\"wp-block-paragraph\">El hallazgo del cuerpo sin vida de <strong>Angie Tatiana Graciano <\/strong>, una joven colombiana de <strong>24 a\u00f1os <\/strong>que estaba desaparecida, ha conmocionado a la comunidad de <strong>Antofagasta <\/strong>. La v\u00edctima fue encontrada apu\u00f1alada y golpeada dentro de una residencia ubicada en la calle <strong>Rendic <\/strong>, donde actualmente trabajan autoridades policiales para esclarecer los hechos.<\/p>\n\n\n\n<p class=\"wp-block-paragraph\"><\/p>\n\n\n\n<figure class=\"wp-block-video\"><video height=\"1280\" style=\"aspect-ratio: 720 \/ 1280;\" width=\"720\" controls src=\"https:\/\/www.koncevisiontv.cl\/web\/wp-content\/uploads\/2025\/04\/ANTOFAGASTA-El-Fiscal-Regional-de-Antofagasta-Juan-Castro-Bekios-entrego-detalles-a-nuestro-medio-respecto-al-hallazgo.mp4\"><\/video><\/figure>\n\n\n\n<hr class=\"wp-block-separator has-alpha-channel-opacity\"\/>\n\n\n\n<h3 class=\"wp-block-heading\"><strong>Joven Madre Encontrada Muerta: Las Primeras Indagaciones<\/strong><\/h3>\n\n\n\n<p class=\"wp-block-paragraph\">De acuerdo con informaci\u00f3n preliminar recopilada por <strong>Timeline <\/strong>, el cuerpo de Angie fue descubierto al interior de una habitaci\u00f3n en dicha direcci\u00f3n. Seg\u00fan las autoridades, presentaba <strong>heridas cortopunzantes <\/strong>y <strong>golpes visibles en su rostro y cuerpo <\/strong>, lesiones que apuntan a la participaci\u00f3n de terceros en su muerte.<\/p>\n\n\n\n<p class=\"wp-block-paragraph\">El fiscal <strong>Juan Castro Bekios <\/strong>, quien lidera la investigaci\u00f3n, confirm\u00f3 que el cad\u00e1ver encontrado corresponde presumiblemente a la mujer reportada como desaparecida el pasado mi\u00e9rcoles.<\/p>\n\n\n\n<blockquote class=\"wp-block-quote is-layout-flow wp-block-quote-is-layout-flow\">\n<p class=\"wp-block-paragraph\">\u00abSe recibi\u00f3 una denuncia por presunta desgracia de una joven colombiana (\u2026) Paralelamente, se recibe informaci\u00f3n de un hallazgo de un cuerpo femenino al interior de un domicilio (\u2026) De acuerdo a antecedentes que tenemos hasta ahora, y que est\u00e1n por verificarse cient\u00edficamente, se tratar\u00eda del cuerpo de la persona denunciada como desaparecida\u00bb, declar\u00f3 el persecutor.<\/p>\n<\/blockquote>\n\n\n\n<hr class=\"wp-block-separator has-alpha-channel-opacity\"\/>\n\n\n\n<h3 class=\"wp-block-heading\"><strong>La V\u00edctima: Una Joven Madre<\/strong><\/h3>\n\n\n\n<p class=\"wp-block-paragraph\">Angie Tatiana Graciano era madre de una <strong>ni\u00f1a menor de edad <\/strong>, quien fue encontrada sana y salva el mismo d\u00eda en que se perdi\u00f3 el rastro de la joven. Seg\u00fan confirmaron fuentes cercanas, la menor qued\u00f3 bajo el cuidado de su padre tras la desaparici\u00f3n de Angie.<\/p>\n\n\n\n<p class=\"wp-block-paragraph\">La noticia de su muerte ha generado profunda consternaci\u00f3n entre familiares, amigos y vecinos, quienes hab\u00edan organizado campa\u00f1as de b\u00fasqueda durante los d\u00edas previos a su desaparici\u00f3n.<\/p>\n\n\n\n<hr class=\"wp-block-separator has-alpha-channel-opacity\"\/>\n\n\n\n<h3 class=\"wp-block-heading\"><strong>Investigaci\u00f3n en Curso: \u00bfParticipaci\u00f3n de Terceros?<\/strong><\/h3>\n\n\n\n<p class=\"wp-block-paragraph\">Las primeras diligencias realizadas por personal policial sugieren que el crimen pudo haber sido cometido por una o m\u00e1s personas. Las autoridades trabajan para determinar:<\/p>\n\n\n\n<ul class=\"wp-block-list\">\n<li>Si existen testigos clave en el sector.<\/li>\n\n\n\n<li>El m\u00f3vil del asesinato.<\/li>\n\n\n\n<li>La identidad de posibles responsables.<\/li>\n<\/ul>\n\n\n\n<p class=\"wp-block-paragraph\">Adem\u00e1s, se espera que los resultados de la autopsia y otros an\u00e1lisis forenses confirmen oficialmente la causa de la muerte y ayuden a reconstruir la din\u00e1mica del crimen.<\/p>\n\n\n\n<hr class=\"wp-block-separator has-alpha-channel-opacity\"\/>\n\n\n\n<h3 class=\"wp-block-heading\"><strong>Impacto en la Comunidad<\/strong><\/h3>\n\n\n\n<p class=\"wp-block-paragraph\">El caso ha generado indignaci\u00f3n y preocupaci\u00f3n en <strong>Antofagasta <\/strong>, especialmente debido a la brutalidad de los hechos y la vulnerabilidad de la v\u00edctima como madre joven y extranjera. Organizaciones locales han pedido justicia y mayor seguridad para prevenir este tipo de tragedias.<\/p>\n","protected":false},"excerpt":{"rendered":"<p>El hallazgo del cuerpo sin vida de Angie Tatiana Graciano , una joven colombiana de 24 a\u00f1os que<\/p>\n","protected":false},"author":5,"featured_media":7059,"comment_status":"open","ping_status":"open","sticky":false,"template":"","format":"standard","meta":{"_crdt_document":"","_uag_custom_page_level_css":"","_sitemap_exclude":false,"_sitemap_priority":"","_sitemap_frequency":"","_joinchat":[],"footnotes":""},"categories":[14],"tags":[],"class_list":["post-7058","post","type-post","status-publish","format-standard","has-post-thumbnail","hentry","category-nacional"],"featured_image_urls":{"full":["https:\/\/www.koncevisiontv.cl\/web\/wp-content\/uploads\/2025\/04\/FB_IMG_1743901836872.webp",1295,720,false],"thumbnail":["https:\/\/www.koncevisiontv.cl\/web\/wp-content\/uploads\/2025\/04\/FB_IMG_1743901836872-150x150.webp",150,150,true],"medium":["https:\/\/www.koncevisiontv.cl\/web\/wp-content\/uploads\/2025\/04\/FB_IMG_1743901836872-300x167.webp",300,167,true],"medium_large":["https:\/\/www.koncevisiontv.cl\/web\/wp-content\/uploads\/2025\/04\/FB_IMG_1743901836872-768x427.webp",640,356,true],"large":["https:\/\/www.koncevisiontv.cl\/web\/wp-content\/uploads\/2025\/04\/FB_IMG_1743901836872-1024x569.webp",640,356,true],"1536x1536":["https:\/\/www.koncevisiontv.cl\/web\/wp-content\/uploads\/2025\/04\/FB_IMG_1743901836872.webp",1295,720,false],"2048x2048":["https:\/\/www.koncevisiontv.cl\/web\/wp-content\/uploads\/2025\/04\/FB_IMG_1743901836872.webp",1295,720,false],"darknews-featured":["https:\/\/www.koncevisiontv.cl\/web\/wp-content\/uploads\/2025\/04\/FB_IMG_1743901836872-1024x569.webp",1024,569,true],"darknews-large":["https:\/\/www.koncevisiontv.cl\/web\/wp-content\/uploads\/2025\/04\/FB_IMG_1743901836872-825x575.webp",825,575,true],"darknews-medium":["https:\/\/www.koncevisiontv.cl\/web\/wp-content\/uploads\/2025\/04\/FB_IMG_1743901836872-590x410.webp",590,410,true]},"author_info":{"info":["Web-Master"]},"category_info":"<a href=\"https:\/\/www.koncevisiontv.cl\/web\/category\/nacional\/\" rel=\"category tag\">Nacional<\/a>","tag_info":"Nacional","comment_count":"0","uagb_featured_image_src":{"full":["https:\/\/www.koncevisiontv.cl\/web\/wp-content\/uploads\/2025\/04\/FB_IMG_1743901836872.webp",1295,720,false],"thumbnail":["https:\/\/www.koncevisiontv.cl\/web\/wp-content\/uploads\/2025\/04\/FB_IMG_1743901836872-150x150.webp",150,150,true],"medium":["https:\/\/www.koncevisiontv.cl\/web\/wp-content\/uploads\/2025\/04\/FB_IMG_1743901836872-300x167.webp",300,167,true],"medium_large":["https:\/\/www.koncevisiontv.cl\/web\/wp-content\/uploads\/2025\/04\/FB_IMG_1743901836872-768x427.webp",640,356,true],"large":["https:\/\/www.koncevisiontv.cl\/web\/wp-content\/uploads\/2025\/04\/FB_IMG_1743901836872-1024x569.webp",640,356,true],"1536x1536":["https:\/\/www.koncevisiontv.cl\/web\/wp-content\/uploads\/2025\/04\/FB_IMG_1743901836872.webp",1295,720,false],"2048x2048":["https:\/\/www.koncevisiontv.cl\/web\/wp-content\/uploads\/2025\/04\/FB_IMG_1743901836872.webp",1295,720,false],"darknews-featured":["https:\/\/www.koncevisiontv.cl\/web\/wp-content\/uploads\/2025\/04\/FB_IMG_1743901836872-1024x569.webp",1024,569,true],"darknews-large":["https:\/\/www.koncevisiontv.cl\/web\/wp-content\/uploads\/2025\/04\/FB_IMG_1743901836872-825x575.webp",825,575,true],"darknews-medium":["https:\/\/www.koncevisiontv.cl\/web\/wp-content\/uploads\/2025\/04\/FB_IMG_1743901836872-590x410.webp",590,410,true]},"uagb_author_info":{"display_name":"Web-Master","author_link":"https:\/\/www.koncevisiontv.cl\/web\/author\/koncevision\/"},"uagb_comment_info":0,"uagb_excerpt":"El hallazgo del cuerpo sin vida de Angie Tatiana Graciano , una joven colombiana de 24 a\u00f1os que","_links":{"self":[{"href":"https:\/\/www.koncevisiontv.cl\/web\/wp-json\/wp\/v2\/posts\/7058","targetHints":{"allow":["GET"]}}],"collection":[{"href":"https:\/\/www.koncevisiontv.cl\/web\/wp-json\/wp\/v2\/posts"}],"about":[{"href":"https:\/\/www.koncevisiontv.cl\/web\/wp-json\/wp\/v2\/types\/post"}],"author":[{"embeddable":true,"href":"https:\/\/www.koncevisiontv.cl\/web\/wp-json\/wp\/v2\/users\/5"}],"replies":[{"embeddable":true,"href":"https:\/\/www.koncevisiontv.cl\/web\/wp-json\/wp\/v2\/comments?post=7058"}],"version-history":[{"count":2,"href":"https:\/\/www.koncevisiontv.cl\/web\/wp-json\/wp\/v2\/posts\/7058\/revisions"}],"predecessor-version":[{"id":7063,"href":"https:\/\/www.koncevisiontv.cl\/web\/wp-json\/wp\/v2\/posts\/7058\/revisions\/7063"}],"wp:featuredmedia":[{"embeddable":true,"href":"https:\/\/www.koncevisiontv.cl\/web\/wp-json\/wp\/v2\/media\/7059"}],"wp:attachment":[{"href":"https:\/\/www.koncevisiontv.cl\/web\/wp-json\/wp\/v2\/media?parent=7058"}],"wp:term":[{"taxonomy":"category","embeddable":true,"href":"https:\/\/www.koncevisiontv.cl\/web\/wp-json\/wp\/v2\/categories?post=7058"},{"taxonomy":"post_tag","embeddable":true,"href":"https:\/\/www.koncevisiontv.cl\/web\/wp-json\/wp\/v2\/tags?post=7058"}],"curies":[{"name":"wp","href":"https:\/\/api.w.org\/{rel}","templated":true}]}}