{"id":7064,"date":"2025-04-05T22:55:47","date_gmt":"2025-04-06T01:55:47","guid":{"rendered":"https:\/\/www.koncevisiontv.cl\/web\/?p=7064"},"modified":"2025-04-05T22:55:50","modified_gmt":"2025-04-06T01:55:50","slug":"trafico-migrantes-arica-prision-preventiva","status":"publish","type":"post","link":"https:\/\/www.koncevisiontv.cl\/web\/trafico-migrantes-arica-prision-preventiva\/","title":{"rendered":"Qued\u00f3 en Prisi\u00f3n Preventiva por Tr\u00e1fico de Migrantes: Cobraba $400 Mil por Ingresarlos a Chile"},"content":{"rendered":"\n<p class=\"wp-block-paragraph\">Un tribunal de <strong>Arica <\/strong>dict\u00f3 <strong>prisi\u00f3n preventiva <\/strong>para <strong>Nilton Zacarias Gonz\u00e1lez Cuevas <\/strong>, un hombre imputado por el delito consumado de <strong>tr\u00e1fico de migrantes <\/strong>. Seg\u00fan los antecedentes presentados por el <strong>Ministerio P\u00fablico <\/strong>, el acusado trasladaba a <strong>12 migrantes irregulares <\/strong>, incluidos <strong>cuatro menores de edad <\/strong>, desde la frontera entre <strong>Chile y Bolivia <\/strong>hasta <strong>Arica <\/strong>, cobrando <strong>$400 mil por persona <\/strong>.<\/p>\n\n\n\n<hr class=\"wp-block-separator has-alpha-channel-opacity\"\/>\n\n\n\n<h3 class=\"wp-block-heading\"><strong>Los Hechos Denunciados<\/strong><\/h3>\n\n\n\n<p class=\"wp-block-paragraph\">El caso fue descubierto la tarde del <strong>2 de abril <\/strong>en el kil\u00f3metro 63 de la <strong>Ruta A-93 <\/strong>, en la comuna de <strong>General Lagos <\/strong>, donde personal de <strong>Carabineros <\/strong>detuvo al imputado mientras intentaba transportar a los migrantes. Seg\u00fan inform\u00f3 la <strong>Fiscal\u00eda <\/strong>, Gonz\u00e1lez Cuevas coordinaba estas operaciones junto a sujetos de nacionalidad peruana, quienes habr\u00edan facilitado el ingreso ilegal al pa\u00eds.<\/p>\n\n\n\n<blockquote class=\"wp-block-quote is-layout-flow wp-block-quote-is-layout-flow\">\n<p class=\"wp-block-paragraph\">\u201cEste individuo se dedicaba a explotar a personas vulnerables, cobrando sumas elevadas por un servicio que pone en riesgo sus vidas,\u201d se\u00f1al\u00f3 un vocero del Ministerio P\u00fablico.<\/p>\n<\/blockquote>\n\n\n\n<hr class=\"wp-block-separator has-alpha-channel-opacity\"\/>\n\n\n\n<h3 class=\"wp-block-heading\"><strong>Resoluci\u00f3n Judicial<\/strong><\/h3>\n\n\n\n<p class=\"wp-block-paragraph\">La <strong>Segunda Sala de la Corte de Apelaciones de Arica <\/strong>resolvi\u00f3 de forma un\u00e1nime enviar al imputado al <strong>Complejo Penitenciario de Acha <\/strong>, considerando que su libertad representaba un peligro para la seguridad p\u00fablica. Seg\u00fan consigna <em>La Tercera <\/em>, los jueces destacaron la gravedad del delito y el impacto negativo que estas pr\u00e1cticas tienen en la sociedad.<\/p>\n\n\n\n<p class=\"wp-block-paragraph\">El tribunal tambi\u00e9n subray\u00f3 que Gonz\u00e1lez Cuevas podr\u00eda intentar obstaculizar la investigaci\u00f3n si permanec\u00eda en libertad, adem\u00e1s de reiterar conductas similares.<\/p>\n\n\n\n<hr class=\"wp-block-separator has-alpha-channel-opacity\"\/>\n\n\n\n<h3 class=\"wp-block-heading\"><strong>Detalles del Caso<\/strong><\/h3>\n\n\n\n<ul class=\"wp-block-list\">\n<li><strong>N\u00famero de migrantes involucrados: <\/strong>12 (incluyendo cuatro menores de edad).<\/li>\n\n\n\n<li><strong>Monto cobrado por persona: <\/strong>$400 mil.<\/li>\n\n\n\n<li><strong>Lugar de detenci\u00f3n: <\/strong>Ruta A-93, en la comuna de General Lagos.<\/li>\n\n\n\n<li><strong>Colaboradores: <\/strong>Sujetos de nacionalidad peruana, quienes estar\u00edan vinculados al ingreso ilegal.<\/li>\n<\/ul>\n\n\n\n<p class=\"wp-block-paragraph\">La Fiscal\u00eda ha iniciado una investigaci\u00f3n m\u00e1s amplia para identificar a otros posibles implicados en esta red de tr\u00e1fico de personas, que opera en zonas fronterizas y explota la precaria situaci\u00f3n de migrantes en busca de mejores condiciones de vida.<\/p>\n\n\n\n<hr class=\"wp-block-separator has-alpha-channel-opacity\"\/>\n\n\n\n<h3 class=\"wp-block-heading\"><strong>Impacto Social y Preocupaci\u00f3n<\/strong><\/h3>\n\n\n\n<p class=\"wp-block-paragraph\">Este caso ha generado preocupaci\u00f3n en la regi\u00f3n, especialmente debido al aumento de redes de tr\u00e1fico de migrantes que operan en las fronteras norte\u00f1as de Chile. Las autoridades han advertido sobre los riesgos que enfrentan los migrantes que caen en manos de estas organizaciones, incluyendo abusos, explotaci\u00f3n laboral y condiciones inhumanas durante el traslado.<\/p>\n\n\n\n<p class=\"wp-block-paragraph\">El gobierno regional ha reiterado la necesidad de reforzar los controles fronterizos y promover pol\u00edticas p\u00fablicas que regulen el flujo migratorio de manera segura y ordenada.<\/p>\n","protected":false},"excerpt":{"rendered":"<p>Un tribunal de Arica dict\u00f3 prisi\u00f3n preventiva para Nilton Zacarias Gonz\u00e1lez Cuevas , un hombre imputado por el<\/p>\n","protected":false},"author":5,"featured_media":7065,"comment_status":"open","ping_status":"open","sticky":false,"template":"","format":"standard","meta":{"_crdt_document":"","_uag_custom_page_level_css":"","_sitemap_exclude":false,"_sitemap_priority":"","_sitemap_frequency":"","_joinchat":[],"footnotes":""},"categories":[14],"tags":[],"class_list":["post-7064","post","type-post","status-publish","format-standard","has-post-thumbnail","hentry","category-nacional"],"featured_image_urls":{"full":["https:\/\/www.koncevisiontv.cl\/web\/wp-content\/uploads\/2025\/04\/a_uno_1456777_c1b89-1200x630-1.jpg",1200,630,false],"thumbnail":["https:\/\/www.koncevisiontv.cl\/web\/wp-content\/uploads\/2025\/04\/a_uno_1456777_c1b89-1200x630-1-150x150.jpg",150,150,true],"medium":["https:\/\/www.koncevisiontv.cl\/web\/wp-content\/uploads\/2025\/04\/a_uno_1456777_c1b89-1200x630-1-300x158.jpg",300,158,true],"medium_large":["https:\/\/www.koncevisiontv.cl\/web\/wp-content\/uploads\/2025\/04\/a_uno_1456777_c1b89-1200x630-1-768x403.jpg",640,336,true],"large":["https:\/\/www.koncevisiontv.cl\/web\/wp-content\/uploads\/2025\/04\/a_uno_1456777_c1b89-1200x630-1-1024x538.jpg",640,336,true],"1536x1536":["https:\/\/www.koncevisiontv.cl\/web\/wp-content\/uploads\/2025\/04\/a_uno_1456777_c1b89-1200x630-1.jpg",1200,630,false],"2048x2048":["https:\/\/www.koncevisiontv.cl\/web\/wp-content\/uploads\/2025\/04\/a_uno_1456777_c1b89-1200x630-1.jpg",1200,630,false],"darknews-featured":["https:\/\/www.koncevisiontv.cl\/web\/wp-content\/uploads\/2025\/04\/a_uno_1456777_c1b89-1200x630-1-1024x538.jpg",1024,538,true],"darknews-large":["https:\/\/www.koncevisiontv.cl\/web\/wp-content\/uploads\/2025\/04\/a_uno_1456777_c1b89-1200x630-1-825x575.jpg",825,575,true],"darknews-medium":["https:\/\/www.koncevisiontv.cl\/web\/wp-content\/uploads\/2025\/04\/a_uno_1456777_c1b89-1200x630-1-590x410.jpg",590,410,true]},"author_info":{"info":["Web-Master"]},"category_info":"<a href=\"https:\/\/www.koncevisiontv.cl\/web\/category\/nacional\/\" rel=\"category tag\">Nacional<\/a>","tag_info":"Nacional","comment_count":"0","uagb_featured_image_src":{"full":["https:\/\/www.koncevisiontv.cl\/web\/wp-content\/uploads\/2025\/04\/a_uno_1456777_c1b89-1200x630-1.jpg",1200,630,false],"thumbnail":["https:\/\/www.koncevisiontv.cl\/web\/wp-content\/uploads\/2025\/04\/a_uno_1456777_c1b89-1200x630-1-150x150.jpg",150,150,true],"medium":["https:\/\/www.koncevisiontv.cl\/web\/wp-content\/uploads\/2025\/04\/a_uno_1456777_c1b89-1200x630-1-300x158.jpg",300,158,true],"medium_large":["https:\/\/www.koncevisiontv.cl\/web\/wp-content\/uploads\/2025\/04\/a_uno_1456777_c1b89-1200x630-1-768x403.jpg",640,336,true],"large":["https:\/\/www.koncevisiontv.cl\/web\/wp-content\/uploads\/2025\/04\/a_uno_1456777_c1b89-1200x630-1-1024x538.jpg",640,336,true],"1536x1536":["https:\/\/www.koncevisiontv.cl\/web\/wp-content\/uploads\/2025\/04\/a_uno_1456777_c1b89-1200x630-1.jpg",1200,630,false],"2048x2048":["https:\/\/www.koncevisiontv.cl\/web\/wp-content\/uploads\/2025\/04\/a_uno_1456777_c1b89-1200x630-1.jpg",1200,630,false],"darknews-featured":["https:\/\/www.koncevisiontv.cl\/web\/wp-content\/uploads\/2025\/04\/a_uno_1456777_c1b89-1200x630-1-1024x538.jpg",1024,538,true],"darknews-large":["https:\/\/www.koncevisiontv.cl\/web\/wp-content\/uploads\/2025\/04\/a_uno_1456777_c1b89-1200x630-1-825x575.jpg",825,575,true],"darknews-medium":["https:\/\/www.koncevisiontv.cl\/web\/wp-content\/uploads\/2025\/04\/a_uno_1456777_c1b89-1200x630-1-590x410.jpg",590,410,true]},"uagb_author_info":{"display_name":"Web-Master","author_link":"https:\/\/www.koncevisiontv.cl\/web\/author\/koncevision\/"},"uagb_comment_info":0,"uagb_excerpt":"Un tribunal de Arica dict\u00f3 prisi\u00f3n preventiva para Nilton Zacarias Gonz\u00e1lez Cuevas , un hombre imputado por el","_links":{"self":[{"href":"https:\/\/www.koncevisiontv.cl\/web\/wp-json\/wp\/v2\/posts\/7064","targetHints":{"allow":["GET"]}}],"collection":[{"href":"https:\/\/www.koncevisiontv.cl\/web\/wp-json\/wp\/v2\/posts"}],"about":[{"href":"https:\/\/www.koncevisiontv.cl\/web\/wp-json\/wp\/v2\/types\/post"}],"author":[{"embeddable":true,"href":"https:\/\/www.koncevisiontv.cl\/web\/wp-json\/wp\/v2\/users\/5"}],"replies":[{"embeddable":true,"href":"https:\/\/www.koncevisiontv.cl\/web\/wp-json\/wp\/v2\/comments?post=7064"}],"version-history":[{"count":1,"href":"https:\/\/www.koncevisiontv.cl\/web\/wp-json\/wp\/v2\/posts\/7064\/revisions"}],"predecessor-version":[{"id":7066,"href":"https:\/\/www.koncevisiontv.cl\/web\/wp-json\/wp\/v2\/posts\/7064\/revisions\/7066"}],"wp:featuredmedia":[{"embeddable":true,"href":"https:\/\/www.koncevisiontv.cl\/web\/wp-json\/wp\/v2\/media\/7065"}],"wp:attachment":[{"href":"https:\/\/www.koncevisiontv.cl\/web\/wp-json\/wp\/v2\/media?parent=7064"}],"wp:term":[{"taxonomy":"category","embeddable":true,"href":"https:\/\/www.koncevisiontv.cl\/web\/wp-json\/wp\/v2\/categories?post=7064"},{"taxonomy":"post_tag","embeddable":true,"href":"https:\/\/www.koncevisiontv.cl\/web\/wp-json\/wp\/v2\/tags?post=7064"}],"curies":[{"name":"wp","href":"https:\/\/api.w.org\/{rel}","templated":true}]}}