{"id":7071,"date":"2025-04-06T20:23:42","date_gmt":"2025-04-07T00:23:42","guid":{"rendered":"https:\/\/www.koncevisiontv.cl\/web\/?p=7071"},"modified":"2025-04-06T20:23:45","modified_gmt":"2025-04-07T00:23:45","slug":"accidente-automovilistico-providencia","status":"publish","type":"post","link":"https:\/\/www.koncevisiontv.cl\/web\/accidente-automovilistico-providencia\/","title":{"rendered":"Impactante accidente automovil\u00edstico se registr\u00f3 la madrugada de este domingo en la comuna de\u00a0Providencia"},"content":{"rendered":"\n<p class=\"wp-block-paragraph\"><\/p>\n\n\n\n<p class=\"wp-block-paragraph\">Un impactante accidente automovil\u00edstico se produjo en la comuna de Providencia &#8211; Santiago. Todo ocurri\u00f3 cerca de las 03:50 horas, en la intersecci\u00f3n de<strong>\u00a0Avenida El Cerro con Av. Los Conquistadores.<\/strong><\/p>\n\n\n\n<figure class=\"wp-block-video\"><video height=\"1024\" style=\"aspect-ratio: 576 \/ 1024;\" width=\"576\" controls src=\"https:\/\/www.koncevisiontv.cl\/web\/wp-content\/uploads\/2025\/04\/ssstik.io_@24horastvn_1743976137377.mp4\"><\/video><\/figure>\n\n\n\n<p class=\"wp-block-paragraph\">Un video captur\u00f3 el momento en que un veh\u00edculo transitaba a gran velocidad por la calle,<strong>\u00a0choc\u00f3, y vol\u00f3 por los aires, cayendo posteriormente sobre una vivienda<\/strong>, la cual habr\u00eda estado deshabitada.<\/p>\n\n\n\n<p class=\"wp-block-paragraph\">El conductor del veh\u00edculo, que manejaba en estado de ebriedad, sali\u00f3 caminando tras el accidente, pero fue posteriormente detenido.<\/p>\n","protected":false},"excerpt":{"rendered":"<p>Un impactante accidente automovil\u00edstico se produjo en la comuna de Providencia &#8211; Santiago. Todo ocurri\u00f3 cerca de las<\/p>\n","protected":false},"author":5,"featured_media":7072,"comment_status":"open","ping_status":"open","sticky":false,"template":"","format":"standard","meta":{"_crdt_document":"","_uag_custom_page_level_css":"","_sitemap_exclude":false,"_sitemap_priority":"","_sitemap_frequency":"","_joinchat":[],"footnotes":""},"categories":[14],"tags":[],"class_list":["post-7071","post","type-post","status-publish","format-standard","has-post-thumbnail","hentry","category-nacional"],"featured_image_urls":{"full":["https:\/\/www.koncevisiontv.cl\/web\/wp-content\/uploads\/2025\/04\/VUVPGWRIKFHIHCTIG66N6O7HNM.avif",1023,682,false],"thumbnail":["https:\/\/www.koncevisiontv.cl\/web\/wp-content\/uploads\/2025\/04\/VUVPGWRIKFHIHCTIG66N6O7HNM-150x150.avif",150,150,true],"medium":["https:\/\/www.koncevisiontv.cl\/web\/wp-content\/uploads\/2025\/04\/VUVPGWRIKFHIHCTIG66N6O7HNM-300x200.avif",300,200,true],"medium_large":["https:\/\/www.koncevisiontv.cl\/web\/wp-content\/uploads\/2025\/04\/VUVPGWRIKFHIHCTIG66N6O7HNM-768x512.avif",640,427,true],"large":["https:\/\/www.koncevisiontv.cl\/web\/wp-content\/uploads\/2025\/04\/VUVPGWRIKFHIHCTIG66N6O7HNM.avif",640,427,false],"1536x1536":["https:\/\/www.koncevisiontv.cl\/web\/wp-content\/uploads\/2025\/04\/VUVPGWRIKFHIHCTIG66N6O7HNM.avif",1023,682,false],"2048x2048":["https:\/\/www.koncevisiontv.cl\/web\/wp-content\/uploads\/2025\/04\/VUVPGWRIKFHIHCTIG66N6O7HNM.avif",1023,682,false],"darknews-featured":["https:\/\/www.koncevisiontv.cl\/web\/wp-content\/uploads\/2025\/04\/VUVPGWRIKFHIHCTIG66N6O7HNM.avif",1023,682,false],"darknews-large":["https:\/\/www.koncevisiontv.cl\/web\/wp-content\/uploads\/2025\/04\/VUVPGWRIKFHIHCTIG66N6O7HNM-825x575.avif",825,575,true],"darknews-medium":["https:\/\/www.koncevisiontv.cl\/web\/wp-content\/uploads\/2025\/04\/VUVPGWRIKFHIHCTIG66N6O7HNM-590x410.avif",590,410,true]},"author_info":{"info":["Web-Master"]},"category_info":"<a href=\"https:\/\/www.koncevisiontv.cl\/web\/category\/nacional\/\" rel=\"category tag\">Nacional<\/a>","tag_info":"Nacional","comment_count":"0","uagb_featured_image_src":{"full":["https:\/\/www.koncevisiontv.cl\/web\/wp-content\/uploads\/2025\/04\/VUVPGWRIKFHIHCTIG66N6O7HNM.avif",1023,682,false],"thumbnail":["https:\/\/www.koncevisiontv.cl\/web\/wp-content\/uploads\/2025\/04\/VUVPGWRIKFHIHCTIG66N6O7HNM-150x150.avif",150,150,true],"medium":["https:\/\/www.koncevisiontv.cl\/web\/wp-content\/uploads\/2025\/04\/VUVPGWRIKFHIHCTIG66N6O7HNM-300x200.avif",300,200,true],"medium_large":["https:\/\/www.koncevisiontv.cl\/web\/wp-content\/uploads\/2025\/04\/VUVPGWRIKFHIHCTIG66N6O7HNM-768x512.avif",640,427,true],"large":["https:\/\/www.koncevisiontv.cl\/web\/wp-content\/uploads\/2025\/04\/VUVPGWRIKFHIHCTIG66N6O7HNM.avif",640,427,false],"1536x1536":["https:\/\/www.koncevisiontv.cl\/web\/wp-content\/uploads\/2025\/04\/VUVPGWRIKFHIHCTIG66N6O7HNM.avif",1023,682,false],"2048x2048":["https:\/\/www.koncevisiontv.cl\/web\/wp-content\/uploads\/2025\/04\/VUVPGWRIKFHIHCTIG66N6O7HNM.avif",1023,682,false],"darknews-featured":["https:\/\/www.koncevisiontv.cl\/web\/wp-content\/uploads\/2025\/04\/VUVPGWRIKFHIHCTIG66N6O7HNM.avif",1023,682,false],"darknews-large":["https:\/\/www.koncevisiontv.cl\/web\/wp-content\/uploads\/2025\/04\/VUVPGWRIKFHIHCTIG66N6O7HNM-825x575.avif",825,575,true],"darknews-medium":["https:\/\/www.koncevisiontv.cl\/web\/wp-content\/uploads\/2025\/04\/VUVPGWRIKFHIHCTIG66N6O7HNM-590x410.avif",590,410,true]},"uagb_author_info":{"display_name":"Web-Master","author_link":"https:\/\/www.koncevisiontv.cl\/web\/author\/koncevision\/"},"uagb_comment_info":0,"uagb_excerpt":"Un impactante accidente automovil\u00edstico se produjo en la comuna de Providencia &#8211; Santiago. Todo ocurri\u00f3 cerca de las","_links":{"self":[{"href":"https:\/\/www.koncevisiontv.cl\/web\/wp-json\/wp\/v2\/posts\/7071","targetHints":{"allow":["GET"]}}],"collection":[{"href":"https:\/\/www.koncevisiontv.cl\/web\/wp-json\/wp\/v2\/posts"}],"about":[{"href":"https:\/\/www.koncevisiontv.cl\/web\/wp-json\/wp\/v2\/types\/post"}],"author":[{"embeddable":true,"href":"https:\/\/www.koncevisiontv.cl\/web\/wp-json\/wp\/v2\/users\/5"}],"replies":[{"embeddable":true,"href":"https:\/\/www.koncevisiontv.cl\/web\/wp-json\/wp\/v2\/comments?post=7071"}],"version-history":[{"count":1,"href":"https:\/\/www.koncevisiontv.cl\/web\/wp-json\/wp\/v2\/posts\/7071\/revisions"}],"predecessor-version":[{"id":7074,"href":"https:\/\/www.koncevisiontv.cl\/web\/wp-json\/wp\/v2\/posts\/7071\/revisions\/7074"}],"wp:featuredmedia":[{"embeddable":true,"href":"https:\/\/www.koncevisiontv.cl\/web\/wp-json\/wp\/v2\/media\/7072"}],"wp:attachment":[{"href":"https:\/\/www.koncevisiontv.cl\/web\/wp-json\/wp\/v2\/media?parent=7071"}],"wp:term":[{"taxonomy":"category","embeddable":true,"href":"https:\/\/www.koncevisiontv.cl\/web\/wp-json\/wp\/v2\/categories?post=7071"},{"taxonomy":"post_tag","embeddable":true,"href":"https:\/\/www.koncevisiontv.cl\/web\/wp-json\/wp\/v2\/tags?post=7071"}],"curies":[{"name":"wp","href":"https:\/\/api.w.org\/{rel}","templated":true}]}}