{"id":7075,"date":"2025-04-07T14:59:35","date_gmt":"2025-04-07T18:59:35","guid":{"rendered":"https:\/\/www.koncevisiontv.cl\/web\/?p=7075"},"modified":"2025-04-07T14:59:38","modified_gmt":"2025-04-07T18:59:38","slug":"naufragio-bruma-pescadores-desaparecidos-biobio","status":"publish","type":"post","link":"https:\/\/www.koncevisiontv.cl\/web\/naufragio-bruma-pescadores-desaparecidos-biobio\/","title":{"rendered":"Tragedia en el Mar \u2013 Naufragio de la Lancha Bruma y la Lucha por Justicia"},"content":{"rendered":"\n<p class=\"wp-block-paragraph\"><strong>Naufragio Bruma: <\/strong>La regi\u00f3n del B\u00edo B\u00edo ha sido testigo de una de las tragedias m\u00e1s desgarradoras en su historia pesquera. Hace ocho d\u00edas, siete pescadores artesanales desaparecieron en las fr\u00edas aguas frente a las costas de Coronel tras el naufragio de la lancha Bruma, un incidente que ha dejado a sus familias sumidas en una angustia inimaginable y ha capturado la atenci\u00f3n del pa\u00eds entero. Este evento no solo evidencia los riesgos inherentes a la actividad pesquera, sino tambi\u00e9n la necesidad de mejorar las condiciones laborales y de seguridad en este sector.<\/p>\n\n\n\n<h4 class=\"wp-block-heading\"><strong>El Impacto de Ver lo Irreparable<\/strong><\/h4>\n\n\n\n<p class=\"wp-block-paragraph\">En los \u00faltimos d\u00edas, la proa de la embarcaci\u00f3n fue remolcada hasta la Gobernaci\u00f3n Mar\u00edtima de Talcahuano, donde los familiares de los tripulantes desaparecidos se acercaron para conocer el estado de la lancha. Lo que encontraron fue devastador. Catalina Medel, hija del piloto y hermana de uno de los pescadores, expres\u00f3 con profunda tristeza c\u00f3mo el da\u00f1o estructural de la Bruma refleja la magnitud de la tragedia.<\/p>\n\n\n\n<p class=\"wp-block-paragraph\">\u201cNo es lo mismo ver una foto que estar frente al barco y observar con tus propios ojos lo que pas\u00f3. Yo conoc\u00eda la Bruma perfectamente, y ahora solo queda destrucci\u00f3n. La partieron\u201d, relat\u00f3 Medel, quien adem\u00e1s exigi\u00f3 transparencia y rigurosidad en las investigaciones que buscan determinar qu\u00e9 ocurri\u00f3 esa fat\u00eddica noche. Este testimonio subraya la importancia de priorizar la seguridad en la pesca artesanal, un sector que hist\u00f3ricamente ha enfrentado graves desaf\u00edos.<\/p>\n\n\n\n<h4 class=\"wp-block-heading\"><strong>Una Investigaci\u00f3n en Curso<\/strong><\/h4>\n\n\n\n<p class=\"wp-block-paragraph\">El caso est\u00e1 siendo tratado como un cuasidelito de homicidio, y el fiscal nacional design\u00f3 a Marcela Cartagena, fiscal regional del B\u00edo B\u00edo, para liderar la investigaci\u00f3n penal. Esta decisi\u00f3n ha generado diversas reacciones entre los familiares y dirigentes del sector pesquero. Claudia Urrutia, presidenta de los Bacaladeros del Maule y vocera de las familias afectadas, se\u00f1al\u00f3: \u201cNo s\u00e9 si ser\u00e1 la persona m\u00e1s id\u00f3nea o no, pero esperamos justicia\u201d.<\/p>\n\n\n\n<p class=\"wp-block-paragraph\">El naufragio de la Bruma ha puesto sobre la mesa interrogantes sobre las condiciones de seguridad en la pesca artesanal, as\u00ed como la necesidad de implementar medidas m\u00e1s rigurosas para prevenir futuras tragedias. Seg\u00fan expertos en seguridad mar\u00edtima, muchos de estos accidentes podr\u00edan evitarse si se establecieran protocolos m\u00e1s estrictos y se proporcionara capacitaci\u00f3n adecuada a los pescadores.<\/p>\n\n\n\n<h4 class=\"wp-block-heading\"><strong>Una Angustia Compartida: La Desaparici\u00f3n en Tumbes<\/strong><\/h4>\n\n\n\n<p class=\"wp-block-paragraph\">Mientras tanto, en el Parque Tumbes, otra b\u00fasqueda mantiene en vilo a la comunidad. Juan Roberto Sanhueza, un tripulante de la embarcaci\u00f3n Cobra, desapareci\u00f3 el pasado viernes en circunstancias a\u00fan desconocidas. Equipos especializados, incluidos perros rastreadores, han sido desplegados para localizarlo. Sin embargo, la falta de apoyo inicial denunciada por su hijo ha generado controversia.<\/p>\n\n\n\n<p class=\"wp-block-paragraph\">Desde Blumar, empresa relacionada con la zona, aseguraron haber brindado recursos significativos para colaborar en la b\u00fasqueda, incluyendo buses, lanchas y personal capacitado. No obstante, la percepci\u00f3n de insuficiencia en la respuesta inicial persiste entre los familiares. Este caso refuerza la necesidad de que las empresas involucradas en actividades mar\u00edtimas asuman una mayor responsabilidad social hacia sus trabajadores.<\/p>\n\n\n\n<h4 class=\"wp-block-heading\"><strong>Un Llamado a la Uni\u00f3n y Solidaridad<\/strong><\/h4>\n\n\n\n<p class=\"wp-block-paragraph\">Eduardo Pacheco, delegado presidencial del B\u00edo B\u00edo, destac\u00f3 que ambas situaciones han dejado a familias sumidas en el dolor y la incertidumbre. \u201cQueremos que pronto se d\u00e9 con los desaparecidos y que las investigaciones arrojen luz sobre lo sucedido. En estos momentos dif\u00edciles, la solidaridad y el apoyo mutuo son clave\u201d, afirm\u00f3.<\/p>\n\n\n\n<p class=\"wp-block-paragraph\">Las familias de los desaparecidos merecen respuestas claras y contundentes. Adem\u00e1s, estas tragedias deben servir como un llamado de atenci\u00f3n para implementar pol\u00edticas p\u00fablicas que protejan a los trabajadores del mar. Seg\u00fan datos del Ministerio de Econom\u00eda, la pesca artesanal representa el 80% de la flota pesquera chilena, pero carece de regulaciones adecuadas para garantizar su seguridad.<\/p>\n\n\n\n<h4 class=\"wp-block-heading\"><strong>Reflexiones Sobre Seguridad y Futuro<\/strong><\/h4>\n\n\n\n<p class=\"wp-block-paragraph\">Este doble drama mar\u00edtimo no solo evidencia los riesgos inherentes a la actividad pesquera, sino tambi\u00e9n la urgente necesidad de mejorar las condiciones laborales y de seguridad en este sector. Las familias de los desaparecidos merecen respuestas claras y contundentes, mientras el pa\u00eds espera que tragedias como esta sirvan de lecci\u00f3n para evitar futuras p\u00e9rdidas humanas en nuestras costas.<\/p>\n\n\n\n<p class=\"wp-block-paragraph\">Es fundamental que el Estado, junto con las empresas privadas, trabajen en conjunto para desarrollar programas de capacitaci\u00f3n, dotar a los pescadores de equipos de seguridad modernos y establecer normativas claras que regulen las operaciones mar\u00edtimas. Solo as\u00ed se podr\u00e1 reducir el n\u00famero de accidentes fatales en el mar.<\/p>\n","protected":false},"excerpt":{"rendered":"<p>Naufragio Bruma: La regi\u00f3n del B\u00edo B\u00edo ha sido testigo de una de las tragedias m\u00e1s desgarradoras en<\/p>\n","protected":false},"author":5,"featured_media":7077,"comment_status":"open","ping_status":"open","sticky":false,"template":"","format":"standard","meta":{"_crdt_document":"","_uag_custom_page_level_css":"","_sitemap_exclude":false,"_sitemap_priority":"","_sitemap_frequency":"","_joinchat":[],"footnotes":""},"categories":[14],"tags":[],"class_list":["post-7075","post","type-post","status-publish","format-standard","has-post-thumbnail","hentry","category-nacional"],"featured_image_urls":{"full":["https:\/\/www.koncevisiontv.cl\/web\/wp-content\/uploads\/2025\/04\/bruma-familiares-observa-proa-lancha.webp",768,405,false],"thumbnail":["https:\/\/www.koncevisiontv.cl\/web\/wp-content\/uploads\/2025\/04\/bruma-familiares-observa-proa-lancha-150x150.webp",150,150,true],"medium":["https:\/\/www.koncevisiontv.cl\/web\/wp-content\/uploads\/2025\/04\/bruma-familiares-observa-proa-lancha-300x158.webp",300,158,true],"medium_large":["https:\/\/www.koncevisiontv.cl\/web\/wp-content\/uploads\/2025\/04\/bruma-familiares-observa-proa-lancha.webp",640,338,false],"large":["https:\/\/www.koncevisiontv.cl\/web\/wp-content\/uploads\/2025\/04\/bruma-familiares-observa-proa-lancha.webp",640,338,false],"1536x1536":["https:\/\/www.koncevisiontv.cl\/web\/wp-content\/uploads\/2025\/04\/bruma-familiares-observa-proa-lancha.webp",768,405,false],"2048x2048":["https:\/\/www.koncevisiontv.cl\/web\/wp-content\/uploads\/2025\/04\/bruma-familiares-observa-proa-lancha.webp",768,405,false],"darknews-featured":["https:\/\/www.koncevisiontv.cl\/web\/wp-content\/uploads\/2025\/04\/bruma-familiares-observa-proa-lancha.webp",768,405,false],"darknews-large":["https:\/\/www.koncevisiontv.cl\/web\/wp-content\/uploads\/2025\/04\/bruma-familiares-observa-proa-lancha.webp",768,405,false],"darknews-medium":["https:\/\/www.koncevisiontv.cl\/web\/wp-content\/uploads\/2025\/04\/bruma-familiares-observa-proa-lancha-590x405.webp",590,405,true]},"author_info":{"info":["Web-Master"]},"category_info":"<a href=\"https:\/\/www.koncevisiontv.cl\/web\/category\/nacional\/\" rel=\"category tag\">Nacional<\/a>","tag_info":"Nacional","comment_count":"0","uagb_featured_image_src":{"full":["https:\/\/www.koncevisiontv.cl\/web\/wp-content\/uploads\/2025\/04\/bruma-familiares-observa-proa-lancha.webp",768,405,false],"thumbnail":["https:\/\/www.koncevisiontv.cl\/web\/wp-content\/uploads\/2025\/04\/bruma-familiares-observa-proa-lancha-150x150.webp",150,150,true],"medium":["https:\/\/www.koncevisiontv.cl\/web\/wp-content\/uploads\/2025\/04\/bruma-familiares-observa-proa-lancha-300x158.webp",300,158,true],"medium_large":["https:\/\/www.koncevisiontv.cl\/web\/wp-content\/uploads\/2025\/04\/bruma-familiares-observa-proa-lancha.webp",640,338,false],"large":["https:\/\/www.koncevisiontv.cl\/web\/wp-content\/uploads\/2025\/04\/bruma-familiares-observa-proa-lancha.webp",640,338,false],"1536x1536":["https:\/\/www.koncevisiontv.cl\/web\/wp-content\/uploads\/2025\/04\/bruma-familiares-observa-proa-lancha.webp",768,405,false],"2048x2048":["https:\/\/www.koncevisiontv.cl\/web\/wp-content\/uploads\/2025\/04\/bruma-familiares-observa-proa-lancha.webp",768,405,false],"darknews-featured":["https:\/\/www.koncevisiontv.cl\/web\/wp-content\/uploads\/2025\/04\/bruma-familiares-observa-proa-lancha.webp",768,405,false],"darknews-large":["https:\/\/www.koncevisiontv.cl\/web\/wp-content\/uploads\/2025\/04\/bruma-familiares-observa-proa-lancha.webp",768,405,false],"darknews-medium":["https:\/\/www.koncevisiontv.cl\/web\/wp-content\/uploads\/2025\/04\/bruma-familiares-observa-proa-lancha-590x405.webp",590,405,true]},"uagb_author_info":{"display_name":"Web-Master","author_link":"https:\/\/www.koncevisiontv.cl\/web\/author\/koncevision\/"},"uagb_comment_info":0,"uagb_excerpt":"Naufragio Bruma: La regi\u00f3n del B\u00edo B\u00edo ha sido testigo de una de las tragedias m\u00e1s desgarradoras en","_links":{"self":[{"href":"https:\/\/www.koncevisiontv.cl\/web\/wp-json\/wp\/v2\/posts\/7075","targetHints":{"allow":["GET"]}}],"collection":[{"href":"https:\/\/www.koncevisiontv.cl\/web\/wp-json\/wp\/v2\/posts"}],"about":[{"href":"https:\/\/www.koncevisiontv.cl\/web\/wp-json\/wp\/v2\/types\/post"}],"author":[{"embeddable":true,"href":"https:\/\/www.koncevisiontv.cl\/web\/wp-json\/wp\/v2\/users\/5"}],"replies":[{"embeddable":true,"href":"https:\/\/www.koncevisiontv.cl\/web\/wp-json\/wp\/v2\/comments?post=7075"}],"version-history":[{"count":1,"href":"https:\/\/www.koncevisiontv.cl\/web\/wp-json\/wp\/v2\/posts\/7075\/revisions"}],"predecessor-version":[{"id":7078,"href":"https:\/\/www.koncevisiontv.cl\/web\/wp-json\/wp\/v2\/posts\/7075\/revisions\/7078"}],"wp:featuredmedia":[{"embeddable":true,"href":"https:\/\/www.koncevisiontv.cl\/web\/wp-json\/wp\/v2\/media\/7077"}],"wp:attachment":[{"href":"https:\/\/www.koncevisiontv.cl\/web\/wp-json\/wp\/v2\/media?parent=7075"}],"wp:term":[{"taxonomy":"category","embeddable":true,"href":"https:\/\/www.koncevisiontv.cl\/web\/wp-json\/wp\/v2\/categories?post=7075"},{"taxonomy":"post_tag","embeddable":true,"href":"https:\/\/www.koncevisiontv.cl\/web\/wp-json\/wp\/v2\/tags?post=7075"}],"curies":[{"name":"wp","href":"https:\/\/api.w.org\/{rel}","templated":true}]}}