{"id":7079,"date":"2025-04-07T15:20:56","date_gmt":"2025-04-07T19:20:56","guid":{"rendered":"https:\/\/www.koncevisiontv.cl\/web\/?p=7079"},"modified":"2025-04-07T15:23:49","modified_gmt":"2025-04-07T19:23:49","slug":"guardia-de-supermercado-en-copiapo-mechero-trozo-carne-robo-frustrado","status":"publish","type":"post","link":"https:\/\/www.koncevisiontv.cl\/web\/guardia-de-supermercado-en-copiapo-mechero-trozo-carne-robo-frustrado\/","title":{"rendered":"Guardia de Supermercado en Copiap\u00f3 Espanta a Mechero con Trozo de Carne"},"content":{"rendered":"\n<p class=\"wp-block-paragraph\"><strong>Guardia de Supermercado en Copiap\u00f3<\/strong> <strong>enfrenta a mechero con un trozo de carne : <\/strong>En un incidente que ha capturado la atenci\u00f3n nacional, un valiente guardia de seguridad logr\u00f3 repeler a un delincuente armado con un cuchillo utilizando un inesperado recurso: un trozo de carne. Este dram\u00e1tico episodio ocurri\u00f3 en un supermercado de Copiap\u00f3, donde dos antisociales intentaron llevar a cabo un robo que termin\u00f3 siendo frustrado gracias a la r\u00e1pida reacci\u00f3n del trabajador.<\/p>\n\n\n\n<figure class=\"wp-block-video\"><video height=\"1280\" style=\"aspect-ratio: 720 \/ 1280;\" width=\"720\" controls src=\"https:\/\/www.koncevisiontv.cl\/web\/wp-content\/uploads\/2025\/04\/Guardia-de-Supermercado-en-Copiapo.mp4\"><\/video><\/figure>\n\n\n\n<p class=\"wp-block-paragraph\">El hecho no solo destaca por el ingenio y valor demostrado por el guardia, sino tambi\u00e9n porque evidencia los riesgos diarios que enfrentan quienes trabajan en establecimientos comerciales. A continuaci\u00f3n, te contamos todos los detalles de esta historia que combina coraje, violencia y justicia.<\/p>\n\n\n\n<hr class=\"wp-block-separator has-alpha-channel-opacity\"\/>\n\n\n\n<h3 class=\"wp-block-heading\"><strong>El Momento Exacto del Confrontamiento<\/strong><\/h3>\n\n\n\n<p class=\"wp-block-paragraph\">De acuerdo a los antecedentes recopilados por fuentes locales, el incidente ocurri\u00f3 durante las horas pico en un conocido supermercado de Copiap\u00f3. Seg\u00fan testigos, dos sujetos ingresaron al recinto portando armas blancas, listos para intimidar a los empleados y clientes presentes. Su objetivo era sustraer productos de valor, espec\u00edficamente carnes premium, aprovechando la confusi\u00f3n y el miedo generado por sus amenazas.<\/p>\n\n\n\n<p class=\"wp-block-paragraph\">En medio del caos, uno de los delincuentes se acerc\u00f3 al guardia de seguridad con un cuchillo en alto, exigiendo que les permitiera llevarse los productos. Sin embargo, el trabajador, en lugar de rendirse, tom\u00f3 un trozo de carne que estaba cerca y lo utiliz\u00f3 como herramienta defensiva. El enfrentamiento fue breve, pero intenso, y finalmente el mechero huy\u00f3 junto a su c\u00f3mplice sin poder completar el robo.<\/p>\n\n\n\n<p class=\"wp-block-paragraph\">Un cliente que presenci\u00f3 el incidente declar\u00f3: \u201cFue algo incre\u00edble. El guardia ni siquiera dud\u00f3. Agarr\u00f3 lo primero que ten\u00eda a mano y logr\u00f3 espantar al tipo. Todos est\u00e1bamos asustados, pero \u00e9l mantuvo la calma\u201d.<\/p>\n\n\n\n<hr class=\"wp-block-separator has-alpha-channel-opacity\"\/>\n\n\n\n<h3 class=\"wp-block-heading\"><strong>La Respuesta Inmediata de las Autoridades<\/strong><\/h3>\n\n\n\n<p class=\"wp-block-paragraph\">Aunque inicialmente los ladrones lograron escapar, la polic\u00eda actu\u00f3 r\u00e1pidamente tras recibir el reporte del robo. Horas m\u00e1s tarde, tanto el adulto como el adolescente involucrados fueron detenidos en operativos separados.<\/p>\n\n\n\n<p class=\"wp-block-paragraph\">Seg\u00fan confirm\u00f3 el fiscal adjunto de Copiap\u00f3, Ren\u00e1n Gallardo, ambos fueron conducidos ante el Juzgado de Garant\u00eda de la ciudad. \u201cSe trata de un adulto y un menor de edad, quienes est\u00e1n siendo investigados por los delitos de robo y hurto. Estos hechos no quedar\u00e1n impunes\u201d, asegur\u00f3 el fiscal.<\/p>\n\n\n\n<p class=\"wp-block-paragraph\">Adem\u00e1s, se inform\u00f3 que los sujetos ya ten\u00edan antecedentes penales previos, lo que aumenta la preocupaci\u00f3n sobre la reincidencia de actos violentos en la regi\u00f3n. Las autoridades han llamado a reforzar las medidas de seguridad en establecimientos comerciales, especialmente en zonas vulnerables.<\/p>\n\n\n\n<hr class=\"wp-block-separator has-alpha-channel-opacity\"\/>\n\n\n\n<h3 class=\"wp-block-heading\"><strong>Un Acto de Valent\u00eda que Inspir\u00f3 Solidaridad<\/strong><\/h3>\n\n\n\n<p class=\"wp-block-paragraph\">El guardia de seguridad, cuya identidad no ha sido revelada, se ha convertido en un h\u00e9roe local. Su acci\u00f3n no solo evit\u00f3 que el robo escalara a niveles m\u00e1s graves, como potenciales heridos o da\u00f1os mayores, sino que tambi\u00e9n inspir\u00f3 una oleada de solidaridad entre los habitantes de Copiap\u00f3.<\/p>\n\n\n\n<p class=\"wp-block-paragraph\">Clientes del supermercado y vecinos han destacado el profesionalismo y temple del trabajador. \u201cNo cualquiera hace lo que \u00e9l hizo. Puso en riesgo su vida para proteger a los dem\u00e1s. Eso merece reconocimiento\u201d, coment\u00f3 una clienta habitual del recinto.<\/p>\n\n\n\n<p class=\"wp-block-paragraph\">Por su parte, la empresa due\u00f1a del supermercado emiti\u00f3 un comunicado oficial reconociendo el acto heroico del guardia. \u201cValoramos profundamente la valent\u00eda y compromiso de nuestro colaborador, quien actu\u00f3 con rapidez y determinaci\u00f3n para proteger a nuestros clientes y empleados. Estamos trabajando para mejorar a\u00fan m\u00e1s nuestras medidas de seguridad y evitar futuros incidentes\u201d, se\u00f1al\u00f3 un representante de la compa\u00f1\u00eda.<\/p>\n\n\n\n<hr class=\"wp-block-separator has-alpha-channel-opacity\"\/>\n\n\n\n<h3 class=\"wp-block-heading\"><strong>Reflexi\u00f3n Sobre la Violencia y la Seguridad en Chile<\/strong><\/h3>\n\n\n\n<p class=\"wp-block-paragraph\">Este incidente pone de manifiesto un problema creciente en varias regiones del pa\u00eds: el aumento de robos violentos en establecimientos comerciales. Seg\u00fan datos del Ministerio del Interior, los delitos relacionados con hurtos y robos han incrementado en un 15% en los \u00faltimos meses, especialmente en ciudades como Copiap\u00f3, donde la vigilancia suele ser limitada.<\/p>\n\n\n\n<p class=\"wp-block-paragraph\">Expertos en seguridad p\u00fablica han se\u00f1alado que es fundamental implementar pol\u00edticas m\u00e1s efectivas para combatir este tipo de delitos. Entre las propuestas destacadas est\u00e1n:<\/p>\n\n\n\n<ul class=\"wp-block-list\">\n<li>Reforzar la presencia policial en zonas comerciales.<\/li>\n\n\n\n<li>Instalar sistemas de videovigilancia modernos y conectados directamente con las autoridades.<\/li>\n\n\n\n<li>Capacitar a los trabajadores en t\u00e9cnicas de manejo de crisis y primeros auxilios.<\/li>\n<\/ul>\n\n\n\n<p class=\"wp-block-paragraph\">Adem\u00e1s, se ha abierto un debate sobre la necesidad de abordar las causas subyacentes de la delincuencia, como la pobreza, el consumo de drogas y la falta de oportunidades laborales.<\/p>\n\n\n\n<p class=\"wp-block-paragraph\"><\/p>\n","protected":false},"excerpt":{"rendered":"<p>Guardia de Supermercado en Copiap\u00f3 enfrenta a mechero con un trozo de carne : En un incidente que<\/p>\n","protected":false},"author":5,"featured_media":0,"comment_status":"open","ping_status":"open","sticky":false,"template":"","format":"standard","meta":{"_crdt_document":"","_uag_custom_page_level_css":"","_sitemap_exclude":false,"_sitemap_priority":"","_sitemap_frequency":"","_joinchat":[],"footnotes":""},"categories":[14],"tags":[],"class_list":["post-7079","post","type-post","status-publish","format-standard","hentry","category-nacional"],"featured_image_urls":{"full":"","thumbnail":"","medium":"","medium_large":"","large":"","1536x1536":"","2048x2048":"","darknews-featured":"","darknews-large":"","darknews-medium":""},"author_info":{"info":["Web-Master"]},"category_info":"<a href=\"https:\/\/www.koncevisiontv.cl\/web\/category\/nacional\/\" rel=\"category tag\">Nacional<\/a>","tag_info":"Nacional","comment_count":"0","uagb_featured_image_src":{"full":false,"thumbnail":false,"medium":false,"medium_large":false,"large":false,"1536x1536":false,"2048x2048":false,"darknews-featured":false,"darknews-large":false,"darknews-medium":false},"uagb_author_info":{"display_name":"Web-Master","author_link":"https:\/\/www.koncevisiontv.cl\/web\/author\/koncevision\/"},"uagb_comment_info":0,"uagb_excerpt":"Guardia de Supermercado en Copiap\u00f3 enfrenta a mechero con un trozo de carne : En un incidente que","_links":{"self":[{"href":"https:\/\/www.koncevisiontv.cl\/web\/wp-json\/wp\/v2\/posts\/7079","targetHints":{"allow":["GET"]}}],"collection":[{"href":"https:\/\/www.koncevisiontv.cl\/web\/wp-json\/wp\/v2\/posts"}],"about":[{"href":"https:\/\/www.koncevisiontv.cl\/web\/wp-json\/wp\/v2\/types\/post"}],"author":[{"embeddable":true,"href":"https:\/\/www.koncevisiontv.cl\/web\/wp-json\/wp\/v2\/users\/5"}],"replies":[{"embeddable":true,"href":"https:\/\/www.koncevisiontv.cl\/web\/wp-json\/wp\/v2\/comments?post=7079"}],"version-history":[{"count":2,"href":"https:\/\/www.koncevisiontv.cl\/web\/wp-json\/wp\/v2\/posts\/7079\/revisions"}],"predecessor-version":[{"id":7084,"href":"https:\/\/www.koncevisiontv.cl\/web\/wp-json\/wp\/v2\/posts\/7079\/revisions\/7084"}],"wp:attachment":[{"href":"https:\/\/www.koncevisiontv.cl\/web\/wp-json\/wp\/v2\/media?parent=7079"}],"wp:term":[{"taxonomy":"category","embeddable":true,"href":"https:\/\/www.koncevisiontv.cl\/web\/wp-json\/wp\/v2\/categories?post=7079"},{"taxonomy":"post_tag","embeddable":true,"href":"https:\/\/www.koncevisiontv.cl\/web\/wp-json\/wp\/v2\/tags?post=7079"}],"curies":[{"name":"wp","href":"https:\/\/api.w.org\/{rel}","templated":true}]}}