{"id":7088,"date":"2025-04-07T15:44:53","date_gmt":"2025-04-07T19:44:53","guid":{"rendered":"https:\/\/www.koncevisiontv.cl\/web\/?p=7088"},"modified":"2025-04-07T15:44:56","modified_gmt":"2025-04-07T19:44:56","slug":"caso-jorge-valdivia-fiscalia-denuncia-menor-edad","status":"publish","type":"post","link":"https:\/\/www.koncevisiontv.cl\/web\/caso-jorge-valdivia-fiscalia-denuncia-menor-edad\/","title":{"rendered":"Fiscal\u00eda Aclara Estado del Caso Jorge Valdivia Tras Graves Dichos de Denunciante Sobre Menor de Edad"},"content":{"rendered":"\n<p class=\"wp-block-paragraph\"><strong>Fiscal\u00eda se pronuncia en el caso Jorge Valdivia: <\/strong>La Fiscal\u00eda Metropolitana Oriente rompi\u00f3 el silencio tras las declaraciones de una de las denunciantes del exfutbolista, quien asegur\u00f3 la existencia de otras presuntas v\u00edctimas, incluyendo una menor de 16 a\u00f1os. Sin embargo, las autoridades confirmaron que, hasta ahora, solo hay dos denuncias formales en contra del exjugador, conocido como \u201cel Mago\u201d, y que los casos est\u00e1n siendo investigados de manera agrupada.<\/p>\n\n\n\n<p class=\"wp-block-paragraph\">Este nuevo cap\u00edtulo del caso ha generado un intenso debate p\u00fablico, especialmente por las acusaciones relacionadas con una menor de edad y el uso de &#8220;drogas de sumisi\u00f3n&#8221;. A continuaci\u00f3n, te contamos todos los detalles sobre este esc\u00e1ndalo que sigue sacudiendo al mundo del f\u00fatbol chileno.<\/p>\n\n\n\n<hr class=\"wp-block-separator has-alpha-channel-opacity\"\/>\n\n\n\n<h3 class=\"wp-block-heading\"><strong>Las Declaraciones de la Denunciante que Remecieron el Caso<\/strong><\/h3>\n\n\n\n<p class=\"wp-block-paragraph\">La primera denunciante de Jorge Valdivia utiliz\u00f3 sus redes sociales para cuestionar la lentitud de la Fiscal\u00eda y expresar su frustraci\u00f3n por la falta de avances en la investigaci\u00f3n. Seg\u00fan ella, no se han realizado ex\u00e1menes adecuados para detectar &#8220;drogas de sumisi\u00f3n&#8221;, un elemento clave en su testimonio. Pero lo que m\u00e1s llam\u00f3 la atenci\u00f3n fueron sus afirmaciones sobre otras posibles v\u00edctimas.<\/p>\n\n\n\n<p class=\"wp-block-paragraph\">\u201cCon esto tambi\u00e9n establezco que somos cinco v\u00edctimas, para dar cuenta de las ni\u00f1as y mujeres que estamos a la espera de la justicia que se promete. \u00bfY por qu\u00e9 no se est\u00e1 adjuntando el tercer caso que est\u00e1 bajo reserva? \u00bfPor qu\u00e9 llevan escondiendo tanto tiempo que hay dos ni\u00f1as que sufrieron la misma situaci\u00f3n? Una de ellas de tan solo 16 a\u00f1os y la otra de 19, con exactamente los mismos hechos\u201d, afirm\u00f3 la mujer.<\/p>\n\n\n\n<p class=\"wp-block-paragraph\">Estas declaraciones generaron revuelo en redes sociales y pusieron nuevamente al caso en el ojo del hurac\u00e1n. Sin embargo, la Fiscal\u00eda desminti\u00f3 la existencia de nuevas denuncias formales.<\/p>\n\n\n\n<hr class=\"wp-block-separator has-alpha-channel-opacity\"\/>\n\n\n\n<h3 class=\"wp-block-heading\"><strong>La Respuesta Oficial de la Fiscal\u00eda<\/strong><\/h3>\n\n\n\n<p class=\"wp-block-paragraph\">Consultada sobre las acusaciones, la Fiscal\u00eda Metropolitana Oriente emiti\u00f3 un comunicado oficial para aclarar la situaci\u00f3n. Seg\u00fan el organismo, hasta la fecha, solo hay <strong>dos denuncias formales <\/strong>en contra de Jorge Valdivia, y ambas est\u00e1n siendo investigadas conjuntamente.<\/p>\n\n\n\n<p class=\"wp-block-paragraph\">\u201cNo se han recibido nuevas denuncias en contra del imputado Valdivia. Los casos actualmente en investigaci\u00f3n corresponden a dos presuntas v\u00edctimas, y se encuentran bajo an\u00e1lisis\u201d, se\u00f1al\u00f3 la Fiscal\u00eda.<\/p>\n\n\n\n<p class=\"wp-block-paragraph\">Adem\u00e1s, las autoridades destacaron que cualquier nueva informaci\u00f3n o denuncia ser\u00e1 investigada de inmediato, pero insistieron en que, hasta ahora, no existen registros oficiales sobre las supuestas tres v\u00edctimas adicionales mencionadas por la denunciante.<\/p>\n\n\n\n<hr class=\"wp-block-separator has-alpha-channel-opacity\"\/>\n\n\n\n<h3 class=\"wp-block-heading\"><strong>El Rol de las Redes Sociales en el Caso<\/strong><\/h3>\n\n\n\n<p class=\"wp-block-paragraph\">El caso de Jorge Valdivia ha sido ampliamente discutido en redes sociales, donde las denunciantes han utilizado plataformas como Instagram y Twitter para visibilizar sus historias y exigir justicia. Sin embargo, estas publicaciones tambi\u00e9n han generado controversia, ya que algunas acusaciones no han sido respaldadas por pruebas formales o denuncias ante las autoridades.<\/p>\n\n\n\n<p class=\"wp-block-paragraph\">Expertos en derecho penal han se\u00f1alado que, aunque las redes sociales pueden ser una herramienta poderosa para visibilizar casos de abuso, es fundamental que las v\u00edctimas presenten sus denuncias de manera formal para que las autoridades puedan actuar dentro del marco legal.<\/p>\n\n\n\n<hr class=\"wp-block-separator has-alpha-channel-opacity\"\/>\n\n\n\n<h3 class=\"wp-block-heading\"><strong>El Impacto en la Carrera de Jorge Valdivia<\/strong><\/h3>\n\n\n\n<p class=\"wp-block-paragraph\">El caso ha tenido un fuerte impacto en la carrera del exfutbolista, quien actualmente se encuentra alejado de los reflectores deportivos. Conocido por su talento en el campo de juego, Valdivia enfrenta uno de los momentos m\u00e1s dif\u00edciles de su vida personal y profesional.<\/p>\n\n\n\n<p class=\"wp-block-paragraph\">El esc\u00e1ndalo no solo ha afectado su reputaci\u00f3n, sino que tambi\u00e9n ha generado un debate sobre la responsabilidad de las figuras p\u00fablicas y la necesidad de un sistema judicial m\u00e1s eficiente para atender casos de agresi\u00f3n sexual.<\/p>\n\n\n\n<hr class=\"wp-block-separator has-alpha-channel-opacity\"\/>\n\n\n\n<h3 class=\"wp-block-heading\"><strong>Reflexi\u00f3n sobre la Importancia de la Justicia en Casos de Abuso<\/strong><\/h3>\n\n\n\n<p class=\"wp-block-paragraph\">Este caso subraya la necesidad de fortalecer los mecanismos legales para proteger a las v\u00edctimas de abuso sexual. Entre las propuestas destacadas est\u00e1n:<\/p>\n\n\n\n<ul class=\"wp-block-list\">\n<li>Implementar protocolos m\u00e1s r\u00e1pidos para la recolecci\u00f3n de pruebas, especialmente en casos que involucran drogas de sumisi\u00f3n.<\/li>\n\n\n\n<li>Brindar apoyo psicol\u00f3gico y legal a las v\u00edctimas durante todo el proceso judicial.<\/li>\n\n\n\n<li>Fomentar campa\u00f1as de concienciaci\u00f3n para prevenir el abuso sexual y animar a las v\u00edctimas a denunciar.<\/li>\n<\/ul>\n\n\n\n<p class=\"wp-block-paragraph\">Adem\u00e1s, es fundamental recordar que, aunque las redes sociales pueden ser \u00fatiles para visibilizar casos, la justicia solo puede garantizarse a trav\u00e9s de denuncias formales y pruebas s\u00f3lidas.<\/p>\n","protected":false},"excerpt":{"rendered":"<p>Fiscal\u00eda se pronuncia en el caso Jorge Valdivia: La Fiscal\u00eda Metropolitana Oriente rompi\u00f3 el silencio tras las declaraciones<\/p>\n","protected":false},"author":5,"featured_media":7089,"comment_status":"open","ping_status":"open","sticky":false,"template":"","format":"standard","meta":{"_crdt_document":"","_uag_custom_page_level_css":"","_sitemap_exclude":false,"_sitemap_priority":"","_sitemap_frequency":"","_joinchat":[],"footnotes":""},"categories":[14],"tags":[],"class_list":["post-7088","post","type-post","status-publish","format-standard","has-post-thumbnail","hentry","category-nacional"],"featured_image_urls":{"full":["https:\/\/www.koncevisiontv.cl\/web\/wp-content\/uploads\/2025\/04\/MHZQJ775YFBA5FOLB4FSYIO3UY.avif",1023,682,false],"thumbnail":["https:\/\/www.koncevisiontv.cl\/web\/wp-content\/uploads\/2025\/04\/MHZQJ775YFBA5FOLB4FSYIO3UY-150x150.avif",150,150,true],"medium":["https:\/\/www.koncevisiontv.cl\/web\/wp-content\/uploads\/2025\/04\/MHZQJ775YFBA5FOLB4FSYIO3UY-300x200.avif",300,200,true],"medium_large":["https:\/\/www.koncevisiontv.cl\/web\/wp-content\/uploads\/2025\/04\/MHZQJ775YFBA5FOLB4FSYIO3UY-768x512.avif",640,427,true],"large":["https:\/\/www.koncevisiontv.cl\/web\/wp-content\/uploads\/2025\/04\/MHZQJ775YFBA5FOLB4FSYIO3UY.avif",640,427,false],"1536x1536":["https:\/\/www.koncevisiontv.cl\/web\/wp-content\/uploads\/2025\/04\/MHZQJ775YFBA5FOLB4FSYIO3UY.avif",1023,682,false],"2048x2048":["https:\/\/www.koncevisiontv.cl\/web\/wp-content\/uploads\/2025\/04\/MHZQJ775YFBA5FOLB4FSYIO3UY.avif",1023,682,false],"darknews-featured":["https:\/\/www.koncevisiontv.cl\/web\/wp-content\/uploads\/2025\/04\/MHZQJ775YFBA5FOLB4FSYIO3UY.avif",1023,682,false],"darknews-large":["https:\/\/www.koncevisiontv.cl\/web\/wp-content\/uploads\/2025\/04\/MHZQJ775YFBA5FOLB4FSYIO3UY-825x575.avif",825,575,true],"darknews-medium":["https:\/\/www.koncevisiontv.cl\/web\/wp-content\/uploads\/2025\/04\/MHZQJ775YFBA5FOLB4FSYIO3UY-590x410.avif",590,410,true]},"author_info":{"info":["Web-Master"]},"category_info":"<a href=\"https:\/\/www.koncevisiontv.cl\/web\/category\/nacional\/\" rel=\"category tag\">Nacional<\/a>","tag_info":"Nacional","comment_count":"0","uagb_featured_image_src":{"full":["https:\/\/www.koncevisiontv.cl\/web\/wp-content\/uploads\/2025\/04\/MHZQJ775YFBA5FOLB4FSYIO3UY.avif",1023,682,false],"thumbnail":["https:\/\/www.koncevisiontv.cl\/web\/wp-content\/uploads\/2025\/04\/MHZQJ775YFBA5FOLB4FSYIO3UY-150x150.avif",150,150,true],"medium":["https:\/\/www.koncevisiontv.cl\/web\/wp-content\/uploads\/2025\/04\/MHZQJ775YFBA5FOLB4FSYIO3UY-300x200.avif",300,200,true],"medium_large":["https:\/\/www.koncevisiontv.cl\/web\/wp-content\/uploads\/2025\/04\/MHZQJ775YFBA5FOLB4FSYIO3UY-768x512.avif",640,427,true],"large":["https:\/\/www.koncevisiontv.cl\/web\/wp-content\/uploads\/2025\/04\/MHZQJ775YFBA5FOLB4FSYIO3UY.avif",640,427,false],"1536x1536":["https:\/\/www.koncevisiontv.cl\/web\/wp-content\/uploads\/2025\/04\/MHZQJ775YFBA5FOLB4FSYIO3UY.avif",1023,682,false],"2048x2048":["https:\/\/www.koncevisiontv.cl\/web\/wp-content\/uploads\/2025\/04\/MHZQJ775YFBA5FOLB4FSYIO3UY.avif",1023,682,false],"darknews-featured":["https:\/\/www.koncevisiontv.cl\/web\/wp-content\/uploads\/2025\/04\/MHZQJ775YFBA5FOLB4FSYIO3UY.avif",1023,682,false],"darknews-large":["https:\/\/www.koncevisiontv.cl\/web\/wp-content\/uploads\/2025\/04\/MHZQJ775YFBA5FOLB4FSYIO3UY-825x575.avif",825,575,true],"darknews-medium":["https:\/\/www.koncevisiontv.cl\/web\/wp-content\/uploads\/2025\/04\/MHZQJ775YFBA5FOLB4FSYIO3UY-590x410.avif",590,410,true]},"uagb_author_info":{"display_name":"Web-Master","author_link":"https:\/\/www.koncevisiontv.cl\/web\/author\/koncevision\/"},"uagb_comment_info":0,"uagb_excerpt":"Fiscal\u00eda se pronuncia en el caso Jorge Valdivia: La Fiscal\u00eda Metropolitana Oriente rompi\u00f3 el silencio tras las declaraciones","_links":{"self":[{"href":"https:\/\/www.koncevisiontv.cl\/web\/wp-json\/wp\/v2\/posts\/7088","targetHints":{"allow":["GET"]}}],"collection":[{"href":"https:\/\/www.koncevisiontv.cl\/web\/wp-json\/wp\/v2\/posts"}],"about":[{"href":"https:\/\/www.koncevisiontv.cl\/web\/wp-json\/wp\/v2\/types\/post"}],"author":[{"embeddable":true,"href":"https:\/\/www.koncevisiontv.cl\/web\/wp-json\/wp\/v2\/users\/5"}],"replies":[{"embeddable":true,"href":"https:\/\/www.koncevisiontv.cl\/web\/wp-json\/wp\/v2\/comments?post=7088"}],"version-history":[{"count":1,"href":"https:\/\/www.koncevisiontv.cl\/web\/wp-json\/wp\/v2\/posts\/7088\/revisions"}],"predecessor-version":[{"id":7090,"href":"https:\/\/www.koncevisiontv.cl\/web\/wp-json\/wp\/v2\/posts\/7088\/revisions\/7090"}],"wp:featuredmedia":[{"embeddable":true,"href":"https:\/\/www.koncevisiontv.cl\/web\/wp-json\/wp\/v2\/media\/7089"}],"wp:attachment":[{"href":"https:\/\/www.koncevisiontv.cl\/web\/wp-json\/wp\/v2\/media?parent=7088"}],"wp:term":[{"taxonomy":"category","embeddable":true,"href":"https:\/\/www.koncevisiontv.cl\/web\/wp-json\/wp\/v2\/categories?post=7088"},{"taxonomy":"post_tag","embeddable":true,"href":"https:\/\/www.koncevisiontv.cl\/web\/wp-json\/wp\/v2\/tags?post=7088"}],"curies":[{"name":"wp","href":"https:\/\/api.w.org\/{rel}","templated":true}]}}