{"id":7091,"date":"2025-04-07T16:03:14","date_gmt":"2025-04-07T20:03:14","guid":{"rendered":"https:\/\/www.koncevisiontv.cl\/web\/?p=7091"},"modified":"2025-04-07T16:03:17","modified_gmt":"2025-04-07T20:03:17","slug":"operativo-contra-comercio-ilegal-en-concepcion-detenido-lanzazo","status":"publish","type":"post","link":"https:\/\/www.koncevisiontv.cl\/web\/operativo-contra-comercio-ilegal-en-concepcion-detenido-lanzazo\/","title":{"rendered":"Operativo Contra Comercio Ilegal en Concepci\u00f3n Deja Al Menos un Detenido y Decomiso de Especies"},"content":{"rendered":"\n<p class=\"wp-block-paragraph\"><strong>Operativo contra comercio ilegal en Concepci\u00f3n: <\/strong>Un operativo liderado por Carabineros en coordinaci\u00f3n con la Delegaci\u00f3n Presidencial dej\u00f3 al menos una persona detenida y m\u00faltiples decomisos en el centro de Concepci\u00f3n, regi\u00f3n del B\u00edo B\u00edo. La acci\u00f3n buscaba combatir el comercio ilegal, una problem\u00e1tica que afecta la seguridad y orden p\u00fablico en la zona.<\/p>\n\n\n\n<figure class=\"wp-block-video\"><video height=\"720\" style=\"aspect-ratio: 1280 \/ 720;\" width=\"1280\" controls src=\"https:\/\/www.koncevisiontv.cl\/web\/wp-content\/uploads\/2025\/04\/Operativo-contra-comercio-ambulante-en-Concepcion_-al-menos-100-carabineros-coparon-paseo-peatonal-1.mp4\"><\/video><\/figure>\n\n\n\n<p class=\"wp-block-paragraph\">Durante el procedimiento, se incautaron m\u00e1s de <strong>4 toneladas de productos <\/strong>, carros de supermercado utilizados para transportar frutas y verduras, y diversas especies relacionadas con actividades il\u00edcitas. Adem\u00e1s, 10 personas fueron citadas al Juzgado de Polic\u00eda Local, destac\u00e1ndose la detenci\u00f3n de un individuo que cometi\u00f3 un &#8220;lanzazo&#8221; (robo sorpresivo) frente a las autoridades mientras estas entregaban declaraciones.<\/p>\n\n\n\n<p class=\"wp-block-paragraph\">Este operativo forma parte de un esfuerzo continuo por erradicar el comercio ilegal en el sector c\u00e9ntrico de Concepci\u00f3n. A continuaci\u00f3n, te contamos todos los detalles sobre esta intervenci\u00f3n y su impacto en la comunidad.<\/p>\n\n\n\n<hr class=\"wp-block-separator has-alpha-channel-opacity\"\/>\n\n\n\n<h3 class=\"wp-block-heading\"><strong>Detalles del Operativo: Enfrentamientos y Decomisos<\/strong><\/h3>\n\n\n\n<p class=\"wp-block-paragraph\">El operativo se realiz\u00f3 en la intersecci\u00f3n de las calles <strong>Maip\u00fa con Caupolic\u00e1n <\/strong>, una de las zonas m\u00e1s afectadas por el comercio ilegal en el centro de Concepci\u00f3n. Durante la diligencia, se registraron enfrentamientos entre vendedores ilegales y Carabineros, quienes intentaron desalojar a quienes ocupaban espacios p\u00fablicos de manera irregular.<\/p>\n\n\n\n<p class=\"wp-block-paragraph\">Entre los elementos confiscados destacan:<\/p>\n\n\n\n<ul class=\"wp-block-list\">\n<li><strong>M\u00e1s de 4 toneladas de productos alimenticios <\/strong>(frutas, verduras y otros).<\/li>\n\n\n\n<li><strong>Carros de supermercado <\/strong>utilizados para transportar mercanc\u00eda.<\/li>\n\n\n\n<li>Diversas especies vinculadas al comercio informal.<\/li>\n<\/ul>\n\n\n\n<p class=\"wp-block-paragraph\">Adem\u00e1s, durante el operativo se detuvo a un sujeto que cometi\u00f3 un &#8220;lanzazo&#8221;, un robo sorpresivo, frente a las autoridades mientras estas ofrec\u00edan declaraciones a la prensa. Este hecho evidencia la necesidad de mantener una vigilancia constante en zonas cr\u00edticas del centro de la ciudad.<\/p>\n\n\n\n<hr class=\"wp-block-separator has-alpha-channel-opacity\"\/>\n\n\n\n<h3 class=\"wp-block-heading\"><strong>Declaraciones Oficiales: Compromiso con la Seguridad P\u00fablica<\/strong><\/h3>\n\n\n\n<p class=\"wp-block-paragraph\">El delegado presidencial, Eduardo Pacheco, destac\u00f3 el compromiso del Gobierno con la lucha contra el comercio ilegal. Inform\u00f3 que este a\u00f1o se han realizado <strong>3.500 controles <\/strong>al comercio ilegal y al transporte vehicular no autorizado, lo que ha resultado en m\u00e1s de <strong>500 infracciones <\/strong>y <strong>240 detenciones <\/strong>por diversos delitos.<\/p>\n\n\n\n<p class=\"wp-block-paragraph\">Por su parte, la alcaldesa subrogante de Concepci\u00f3n, Sintia Leyton, se\u00f1al\u00f3 que los enfrentamientos entre comerciantes ilegales y Carabineros reflejan la existencia de actos delictuales asociados al comercio informal. &#8220;Esto no es solo un problema de orden p\u00fablico, sino tambi\u00e9n de seguridad para los ciudadanos&#8221;, afirm\u00f3.<\/p>\n\n\n\n<p class=\"wp-block-paragraph\">El seremi de Seguridad interino, Carlos Uslar, valor\u00f3 el uso de tecnolog\u00eda como los drones del Gobierno para monitorear y controlar el orden p\u00fablico durante estos operativos. &#8220;Los drones son una herramienta clave para garantizar la efectividad de estas intervenciones&#8221;, destac\u00f3.<\/p>\n\n\n\n<hr class=\"wp-block-separator has-alpha-channel-opacity\"\/>\n\n\n\n<h3 class=\"wp-block-heading\"><strong>Impacto del Comercio Ilegal en Concepci\u00f3n<\/strong><\/h3>\n\n\n\n<p class=\"wp-block-paragraph\">El comercio ilegal no solo afecta la econom\u00eda formal, sino que tambi\u00e9n genera desorden p\u00fablico y competencia desleal para los comerciantes establecidos. Seg\u00fan datos oficiales, la Vega Monumental de Concepci\u00f3n ha recuperado m\u00e1s de <strong>400 carros de supermercado <\/strong>que eran utilizados por vendedores informales, lo que demuestra la magnitud del problema.<\/p>\n\n\n\n<p class=\"wp-block-paragraph\">Expertos se\u00f1alan que el comercio ilegal fomenta otras actividades il\u00edcitas, como el hurto y el tr\u00e1fico de mercanc\u00edas no reguladas. Por ello, las autoridades han reiterado la importancia de realizar operativos sorpresivos y mantener una pol\u00edtica de tolerancia cero frente a estas pr\u00e1cticas.<\/p>\n\n\n\n<hr class=\"wp-block-separator has-alpha-channel-opacity\"\/>\n\n\n\n<h3 class=\"wp-block-heading\"><strong>Reflexi\u00f3n sobre el Proceso Judicial y \u00c9tica Period\u00edstica<\/strong><\/h3>\n\n\n\n<p class=\"wp-block-paragraph\">Es importante recordar que este art\u00edculo describe un proceso judicial en curso. Seg\u00fan el <strong>Art\u00edculo 04 del C\u00f3digo Procesal Penal <\/strong>, no se debe considerar culpables a los imputados hasta que la Justicia dicte sentencia en su contra. Este principio \u00e9tico es fundamental para garantizar un juicio justo y transparente.<\/p>\n","protected":false},"excerpt":{"rendered":"<p>Operativo contra comercio ilegal en Concepci\u00f3n: Un operativo liderado por Carabineros en coordinaci\u00f3n con la Delegaci\u00f3n Presidencial dej\u00f3<\/p>\n","protected":false},"author":5,"featured_media":7093,"comment_status":"open","ping_status":"open","sticky":false,"template":"","format":"standard","meta":{"_crdt_document":"","_uag_custom_page_level_css":"","_sitemap_exclude":false,"_sitemap_priority":"","_sitemap_frequency":"","_joinchat":[],"footnotes":""},"categories":[14],"tags":[],"class_list":["post-7091","post","type-post","status-publish","format-standard","has-post-thumbnail","hentry","category-nacional"],"featured_image_urls":{"full":["https:\/\/www.koncevisiontv.cl\/web\/wp-content\/uploads\/2025\/04\/Captura-de-pantalla-2025-04-07-155826.png",2408,1030,false],"thumbnail":["https:\/\/www.koncevisiontv.cl\/web\/wp-content\/uploads\/2025\/04\/Captura-de-pantalla-2025-04-07-155826-150x150.png",150,150,true],"medium":["https:\/\/www.koncevisiontv.cl\/web\/wp-content\/uploads\/2025\/04\/Captura-de-pantalla-2025-04-07-155826-300x128.png",300,128,true],"medium_large":["https:\/\/www.koncevisiontv.cl\/web\/wp-content\/uploads\/2025\/04\/Captura-de-pantalla-2025-04-07-155826-768x329.png",640,274,true],"large":["https:\/\/www.koncevisiontv.cl\/web\/wp-content\/uploads\/2025\/04\/Captura-de-pantalla-2025-04-07-155826-1024x438.png",640,274,true],"1536x1536":["https:\/\/www.koncevisiontv.cl\/web\/wp-content\/uploads\/2025\/04\/Captura-de-pantalla-2025-04-07-155826-1536x657.png",1536,657,true],"2048x2048":["https:\/\/www.koncevisiontv.cl\/web\/wp-content\/uploads\/2025\/04\/Captura-de-pantalla-2025-04-07-155826-2048x876.png",2048,876,true],"darknews-featured":["https:\/\/www.koncevisiontv.cl\/web\/wp-content\/uploads\/2025\/04\/Captura-de-pantalla-2025-04-07-155826-1024x438.png",1024,438,true],"darknews-large":["https:\/\/www.koncevisiontv.cl\/web\/wp-content\/uploads\/2025\/04\/Captura-de-pantalla-2025-04-07-155826-825x575.png",825,575,true],"darknews-medium":["https:\/\/www.koncevisiontv.cl\/web\/wp-content\/uploads\/2025\/04\/Captura-de-pantalla-2025-04-07-155826-590x410.png",590,410,true]},"author_info":{"info":["Web-Master"]},"category_info":"<a href=\"https:\/\/www.koncevisiontv.cl\/web\/category\/nacional\/\" rel=\"category tag\">Nacional<\/a>","tag_info":"Nacional","comment_count":"0","uagb_featured_image_src":{"full":["https:\/\/www.koncevisiontv.cl\/web\/wp-content\/uploads\/2025\/04\/Captura-de-pantalla-2025-04-07-155826.png",2408,1030,false],"thumbnail":["https:\/\/www.koncevisiontv.cl\/web\/wp-content\/uploads\/2025\/04\/Captura-de-pantalla-2025-04-07-155826-150x150.png",150,150,true],"medium":["https:\/\/www.koncevisiontv.cl\/web\/wp-content\/uploads\/2025\/04\/Captura-de-pantalla-2025-04-07-155826-300x128.png",300,128,true],"medium_large":["https:\/\/www.koncevisiontv.cl\/web\/wp-content\/uploads\/2025\/04\/Captura-de-pantalla-2025-04-07-155826-768x329.png",640,274,true],"large":["https:\/\/www.koncevisiontv.cl\/web\/wp-content\/uploads\/2025\/04\/Captura-de-pantalla-2025-04-07-155826-1024x438.png",640,274,true],"1536x1536":["https:\/\/www.koncevisiontv.cl\/web\/wp-content\/uploads\/2025\/04\/Captura-de-pantalla-2025-04-07-155826-1536x657.png",1536,657,true],"2048x2048":["https:\/\/www.koncevisiontv.cl\/web\/wp-content\/uploads\/2025\/04\/Captura-de-pantalla-2025-04-07-155826-2048x876.png",2048,876,true],"darknews-featured":["https:\/\/www.koncevisiontv.cl\/web\/wp-content\/uploads\/2025\/04\/Captura-de-pantalla-2025-04-07-155826-1024x438.png",1024,438,true],"darknews-large":["https:\/\/www.koncevisiontv.cl\/web\/wp-content\/uploads\/2025\/04\/Captura-de-pantalla-2025-04-07-155826-825x575.png",825,575,true],"darknews-medium":["https:\/\/www.koncevisiontv.cl\/web\/wp-content\/uploads\/2025\/04\/Captura-de-pantalla-2025-04-07-155826-590x410.png",590,410,true]},"uagb_author_info":{"display_name":"Web-Master","author_link":"https:\/\/www.koncevisiontv.cl\/web\/author\/koncevision\/"},"uagb_comment_info":0,"uagb_excerpt":"Operativo contra comercio ilegal en Concepci\u00f3n: Un operativo liderado por Carabineros en coordinaci\u00f3n con la Delegaci\u00f3n Presidencial dej\u00f3","_links":{"self":[{"href":"https:\/\/www.koncevisiontv.cl\/web\/wp-json\/wp\/v2\/posts\/7091","targetHints":{"allow":["GET"]}}],"collection":[{"href":"https:\/\/www.koncevisiontv.cl\/web\/wp-json\/wp\/v2\/posts"}],"about":[{"href":"https:\/\/www.koncevisiontv.cl\/web\/wp-json\/wp\/v2\/types\/post"}],"author":[{"embeddable":true,"href":"https:\/\/www.koncevisiontv.cl\/web\/wp-json\/wp\/v2\/users\/5"}],"replies":[{"embeddable":true,"href":"https:\/\/www.koncevisiontv.cl\/web\/wp-json\/wp\/v2\/comments?post=7091"}],"version-history":[{"count":1,"href":"https:\/\/www.koncevisiontv.cl\/web\/wp-json\/wp\/v2\/posts\/7091\/revisions"}],"predecessor-version":[{"id":7096,"href":"https:\/\/www.koncevisiontv.cl\/web\/wp-json\/wp\/v2\/posts\/7091\/revisions\/7096"}],"wp:featuredmedia":[{"embeddable":true,"href":"https:\/\/www.koncevisiontv.cl\/web\/wp-json\/wp\/v2\/media\/7093"}],"wp:attachment":[{"href":"https:\/\/www.koncevisiontv.cl\/web\/wp-json\/wp\/v2\/media?parent=7091"}],"wp:term":[{"taxonomy":"category","embeddable":true,"href":"https:\/\/www.koncevisiontv.cl\/web\/wp-json\/wp\/v2\/categories?post=7091"},{"taxonomy":"post_tag","embeddable":true,"href":"https:\/\/www.koncevisiontv.cl\/web\/wp-json\/wp\/v2\/tags?post=7091"}],"curies":[{"name":"wp","href":"https:\/\/api.w.org\/{rel}","templated":true}]}}