{"id":7097,"date":"2025-04-07T16:09:48","date_gmt":"2025-04-07T20:09:48","guid":{"rendered":"https:\/\/www.koncevisiontv.cl\/web\/?p=7097"},"modified":"2025-04-07T16:09:50","modified_gmt":"2025-04-07T20:09:50","slug":"hombre-fallece-chocar-maquinaria-pesada-punta-parra-impacto-bala","status":"publish","type":"post","link":"https:\/\/www.koncevisiontv.cl\/web\/hombre-fallece-chocar-maquinaria-pesada-punta-parra-impacto-bala\/","title":{"rendered":"Hombre Fallece Tras Chocar Contra Maquinaria Pesada en Punta de Parra y Presenta Impacto de Bala"},"content":{"rendered":"\n<p class=\"wp-block-paragraph\"><strong>Hombre fallece tras chocar contra maquinaria pesada en Punta de Parra: <\/strong>Un tr\u00e1gico accidente ocurri\u00f3 la tarde de este lunes en la Ruta 150, camino a Tom\u00e9, a la altura del sector Punta de Parra, donde un hombre perdi\u00f3 la vida tras colisionar a alta velocidad contra maquinaria pesada que se encontraba trabajando en el lugar. Sin embargo, lo que inicialmente parec\u00eda un accidente de tr\u00e1nsito com\u00fan tom\u00f3 un giro inesperado cuando las autoridades confirmaron que el cuerpo del conductor presentaba un impacto de bala.<\/p>\n\n\n\n<p class=\"wp-block-paragraph\">Este hecho ha generado conmoci\u00f3n en la regi\u00f3n del B\u00edo B\u00edo, ya que las circunstancias del incidente a\u00fan no han sido completamente esclarecidas. A continuaci\u00f3n, te contamos todos los detalles de este caso que combina un fatal accidente de tr\u00e1nsito con elementos de violencia armada.<\/p>\n\n\n\n<hr class=\"wp-block-separator has-alpha-channel-opacity\"\/>\n\n\n\n<h3 class=\"wp-block-heading\"><strong>El Accidente en la Ruta 150<\/strong><\/h3>\n\n\n\n<p class=\"wp-block-paragraph\">El siniestro ocurri\u00f3 alrededor de las [hora exacta] en la Ruta 150, una v\u00eda conocida por su alto flujo vehicular y condiciones de riesgo. Seg\u00fan el reporte preliminar entregado por Carabineros, el conductor de un veh\u00edculo menor perdi\u00f3 el control mientras conduc\u00eda a alta velocidad y colision\u00f3 frontalmente con maquinaria pesada que realizaba trabajos de mantenimiento en el lugar.<\/p>\n\n\n\n<p class=\"wp-block-paragraph\">Tras el impacto, el conductor qued\u00f3 atrapado en el veh\u00edculo y fue declarado muerto en el lugar por equipos de emergencia. Sin embargo, durante las primeras inspecciones, las autoridades detectaron algo alarmante: el cuerpo del hombre presentaba un impacto de bala en la zona tor\u00e1cica. Adem\u00e1s, el veh\u00edculo mostraba un da\u00f1o bal\u00edstico en el costado izquierdo, espec\u00edficamente cerca de la puerta del conductor.<\/p>\n\n\n\n<hr class=\"wp-block-separator has-alpha-channel-opacity\"\/>\n\n\n\n<h3 class=\"wp-block-heading\"><strong>Investigaci\u00f3n en Curso: \u00bfAccidente o Tiroteo?<\/strong><\/h3>\n\n\n\n<p class=\"wp-block-paragraph\">Las autoridades est\u00e1n investigando para determinar si el impacto de bala ocurri\u00f3 antes del accidente o si fue parte de un enfrentamiento previo. Seg\u00fan Carabineros, existen dos hip\u00f3tesis principales:<\/p>\n\n\n\n<ol start=\"1\" class=\"wp-block-list\">\n<li><strong>Tiroteo previo al accidente: <\/strong>Es posible que el conductor haya sido v\u00edctima de un ataque armado mientras conduc\u00eda, lo que pudo haber causado la p\u00e9rdida de control del veh\u00edculo.<\/li>\n\n\n\n<li><strong>Disparo durante el accidente: <\/strong>Otra posibilidad es que el impacto bal\u00edstico haya ocurrido durante el choque, aunque esta teor\u00eda a\u00fan est\u00e1 siendo analizada por peritos forenses.<\/li>\n<\/ol>\n\n\n\n<p class=\"wp-block-paragraph\">Por el momento, se han recolectado evidencias clave, como casquillos y restos del veh\u00edculo, que ser\u00e1n sometidos a an\u00e1lisis bal\u00edsticos. Adem\u00e1s, se han revisado c\u00e1maras de seguridad cercanas para reconstruir los hechos.<\/p>\n\n\n\n<hr class=\"wp-block-separator has-alpha-channel-opacity\"\/>\n\n\n\n<h3 class=\"wp-block-heading\"><strong>Impacto en la Comunidad y Medidas de Seguridad<\/strong><\/h3>\n\n\n\n<p class=\"wp-block-paragraph\">El accidente ha generado preocupaci\u00f3n entre los conductores que transitan regularmente por la Ruta 150, una carretera que conecta importantes puntos de la regi\u00f3n. Las autoridades han realizado un llamado a conducir con precauci\u00f3n, especialmente en zonas donde hay presencia de maquinaria pesada o trabajos en curso.<\/p>\n\n\n\n<p class=\"wp-block-paragraph\">Adem\u00e1s, el hallazgo del impacto de bala ha puesto en alerta a la comunidad local, quienes exigen mayor seguridad en las rutas principales debido al aumento de incidentes relacionados con violencia armada.<\/p>\n\n\n\n<hr class=\"wp-block-separator has-alpha-channel-opacity\"\/>\n\n\n\n<h3 class=\"wp-block-heading\"><strong>Reflexi\u00f3n sobre la Violencia Armada en Rutas Principales<\/strong><\/h3>\n\n\n\n<p class=\"wp-block-paragraph\">Este caso subraya la necesidad de reforzar la seguridad en las principales v\u00edas de la regi\u00f3n del B\u00edo B\u00edo. Entre las medidas propuestas destacan:<\/p>\n\n\n\n<ul class=\"wp-block-list\">\n<li>Instalaci\u00f3n de m\u00e1s c\u00e1maras de seguridad en puntos cr\u00edticos de la Ruta 150.<\/li>\n\n\n\n<li>Mayor patrullaje policial en \u00e1reas con alta incidencia de accidentes y violencia.<\/li>\n\n\n\n<li>Campa\u00f1as de concienciaci\u00f3n para prevenir accidentes de tr\u00e1nsito.<\/li>\n<\/ul>\n\n\n\n<p class=\"wp-block-paragraph\">La combinaci\u00f3n de accidentes de tr\u00e1nsito y violencia armada no solo pone en riesgo a los conductores, sino que tambi\u00e9n afecta la tranquilidad de las comunidades cercanas.<\/p>\n","protected":false},"excerpt":{"rendered":"<p>Hombre fallece tras chocar contra maquinaria pesada en Punta de Parra: Un tr\u00e1gico accidente ocurri\u00f3 la tarde de<\/p>\n","protected":false},"author":5,"featured_media":7098,"comment_status":"open","ping_status":"open","sticky":false,"template":"","format":"standard","meta":{"_crdt_document":"","_uag_custom_page_level_css":"","_sitemap_exclude":false,"_sitemap_priority":"","_sitemap_frequency":"","_joinchat":[],"footnotes":""},"categories":[226],"tags":[],"class_list":["post-7097","post","type-post","status-publish","format-standard","has-post-thumbnail","hentry","category-concepcion"],"featured_image_urls":{"full":["https:\/\/www.koncevisiontv.cl\/web\/wp-content\/uploads\/2025\/04\/Screenshot_20250407_145749_com_facebook_katana_ImmersiveActivity.jpg",1200,749,false],"thumbnail":["https:\/\/www.koncevisiontv.cl\/web\/wp-content\/uploads\/2025\/04\/Screenshot_20250407_145749_com_facebook_katana_ImmersiveActivity-150x150.jpg",150,150,true],"medium":["https:\/\/www.koncevisiontv.cl\/web\/wp-content\/uploads\/2025\/04\/Screenshot_20250407_145749_com_facebook_katana_ImmersiveActivity-300x187.jpg",300,187,true],"medium_large":["https:\/\/www.koncevisiontv.cl\/web\/wp-content\/uploads\/2025\/04\/Screenshot_20250407_145749_com_facebook_katana_ImmersiveActivity-768x479.jpg",640,399,true],"large":["https:\/\/www.koncevisiontv.cl\/web\/wp-content\/uploads\/2025\/04\/Screenshot_20250407_145749_com_facebook_katana_ImmersiveActivity-1024x639.jpg",640,399,true],"1536x1536":["https:\/\/www.koncevisiontv.cl\/web\/wp-content\/uploads\/2025\/04\/Screenshot_20250407_145749_com_facebook_katana_ImmersiveActivity.jpg",1200,749,false],"2048x2048":["https:\/\/www.koncevisiontv.cl\/web\/wp-content\/uploads\/2025\/04\/Screenshot_20250407_145749_com_facebook_katana_ImmersiveActivity.jpg",1200,749,false],"darknews-featured":["https:\/\/www.koncevisiontv.cl\/web\/wp-content\/uploads\/2025\/04\/Screenshot_20250407_145749_com_facebook_katana_ImmersiveActivity-1024x639.jpg",1024,639,true],"darknews-large":["https:\/\/www.koncevisiontv.cl\/web\/wp-content\/uploads\/2025\/04\/Screenshot_20250407_145749_com_facebook_katana_ImmersiveActivity-825x575.jpg",825,575,true],"darknews-medium":["https:\/\/www.koncevisiontv.cl\/web\/wp-content\/uploads\/2025\/04\/Screenshot_20250407_145749_com_facebook_katana_ImmersiveActivity-590x410.jpg",590,410,true]},"author_info":{"info":["Web-Master"]},"category_info":"<a href=\"https:\/\/www.koncevisiontv.cl\/web\/category\/concepcion\/\" rel=\"category tag\">Concepcion<\/a>","tag_info":"Concepcion","comment_count":"0","uagb_featured_image_src":{"full":["https:\/\/www.koncevisiontv.cl\/web\/wp-content\/uploads\/2025\/04\/Screenshot_20250407_145749_com_facebook_katana_ImmersiveActivity.jpg",1200,749,false],"thumbnail":["https:\/\/www.koncevisiontv.cl\/web\/wp-content\/uploads\/2025\/04\/Screenshot_20250407_145749_com_facebook_katana_ImmersiveActivity-150x150.jpg",150,150,true],"medium":["https:\/\/www.koncevisiontv.cl\/web\/wp-content\/uploads\/2025\/04\/Screenshot_20250407_145749_com_facebook_katana_ImmersiveActivity-300x187.jpg",300,187,true],"medium_large":["https:\/\/www.koncevisiontv.cl\/web\/wp-content\/uploads\/2025\/04\/Screenshot_20250407_145749_com_facebook_katana_ImmersiveActivity-768x479.jpg",640,399,true],"large":["https:\/\/www.koncevisiontv.cl\/web\/wp-content\/uploads\/2025\/04\/Screenshot_20250407_145749_com_facebook_katana_ImmersiveActivity-1024x639.jpg",640,399,true],"1536x1536":["https:\/\/www.koncevisiontv.cl\/web\/wp-content\/uploads\/2025\/04\/Screenshot_20250407_145749_com_facebook_katana_ImmersiveActivity.jpg",1200,749,false],"2048x2048":["https:\/\/www.koncevisiontv.cl\/web\/wp-content\/uploads\/2025\/04\/Screenshot_20250407_145749_com_facebook_katana_ImmersiveActivity.jpg",1200,749,false],"darknews-featured":["https:\/\/www.koncevisiontv.cl\/web\/wp-content\/uploads\/2025\/04\/Screenshot_20250407_145749_com_facebook_katana_ImmersiveActivity-1024x639.jpg",1024,639,true],"darknews-large":["https:\/\/www.koncevisiontv.cl\/web\/wp-content\/uploads\/2025\/04\/Screenshot_20250407_145749_com_facebook_katana_ImmersiveActivity-825x575.jpg",825,575,true],"darknews-medium":["https:\/\/www.koncevisiontv.cl\/web\/wp-content\/uploads\/2025\/04\/Screenshot_20250407_145749_com_facebook_katana_ImmersiveActivity-590x410.jpg",590,410,true]},"uagb_author_info":{"display_name":"Web-Master","author_link":"https:\/\/www.koncevisiontv.cl\/web\/author\/koncevision\/"},"uagb_comment_info":0,"uagb_excerpt":"Hombre fallece tras chocar contra maquinaria pesada en Punta de Parra: Un tr\u00e1gico accidente ocurri\u00f3 la tarde de","_links":{"self":[{"href":"https:\/\/www.koncevisiontv.cl\/web\/wp-json\/wp\/v2\/posts\/7097","targetHints":{"allow":["GET"]}}],"collection":[{"href":"https:\/\/www.koncevisiontv.cl\/web\/wp-json\/wp\/v2\/posts"}],"about":[{"href":"https:\/\/www.koncevisiontv.cl\/web\/wp-json\/wp\/v2\/types\/post"}],"author":[{"embeddable":true,"href":"https:\/\/www.koncevisiontv.cl\/web\/wp-json\/wp\/v2\/users\/5"}],"replies":[{"embeddable":true,"href":"https:\/\/www.koncevisiontv.cl\/web\/wp-json\/wp\/v2\/comments?post=7097"}],"version-history":[{"count":1,"href":"https:\/\/www.koncevisiontv.cl\/web\/wp-json\/wp\/v2\/posts\/7097\/revisions"}],"predecessor-version":[{"id":7099,"href":"https:\/\/www.koncevisiontv.cl\/web\/wp-json\/wp\/v2\/posts\/7097\/revisions\/7099"}],"wp:featuredmedia":[{"embeddable":true,"href":"https:\/\/www.koncevisiontv.cl\/web\/wp-json\/wp\/v2\/media\/7098"}],"wp:attachment":[{"href":"https:\/\/www.koncevisiontv.cl\/web\/wp-json\/wp\/v2\/media?parent=7097"}],"wp:term":[{"taxonomy":"category","embeddable":true,"href":"https:\/\/www.koncevisiontv.cl\/web\/wp-json\/wp\/v2\/categories?post=7097"},{"taxonomy":"post_tag","embeddable":true,"href":"https:\/\/www.koncevisiontv.cl\/web\/wp-json\/wp\/v2\/tags?post=7097"}],"curies":[{"name":"wp","href":"https:\/\/api.w.org\/{rel}","templated":true}]}}