{"id":7100,"date":"2025-04-07T16:46:10","date_gmt":"2025-04-07T20:46:10","guid":{"rendered":"https:\/\/www.koncevisiontv.cl\/web\/?p=7100"},"modified":"2025-04-07T16:57:07","modified_gmt":"2025-04-07T20:57:07","slug":"incendio-en-paine-videos-explosiones-gases-toxicos","status":"publish","type":"post","link":"https:\/\/www.koncevisiontv.cl\/web\/incendio-en-paine-videos-explosiones-gases-toxicos\/","title":{"rendered":"Impactantes Videos Revelan Origen del Gigantesco Incendio en Paine"},"content":{"rendered":"\n<p class=\"wp-block-paragraph\"><strong>\u201c\u00a1Corran! \u00a1Corran!\u201d: Trabajadores huyen de explosiones y llamas en incendio en Paine: <\/strong>Un gigantesco incendio que devast\u00f3 las instalaciones de una empresa frut\u00edcola en la comuna de Paine, Regi\u00f3n Metropolitana, ha dejado impactantes im\u00e1genes que muestran el terror vivido por los trabajadores. Las grabaciones capturan momentos de caos absoluto mientras empleados intentaban escapar de las llamas y explosiones que emanaban gases t\u00f3xicos.<\/p>\n\n\n\n<figure class=\"wp-block-video\"><video height=\"850\" style=\"aspect-ratio: 392 \/ 850;\" width=\"392\" controls src=\"https:\/\/www.koncevisiontv.cl\/web\/wp-content\/uploads\/2025\/04\/KKgONh2e6I9aqXaJ.mp4\"><\/video><\/figure>\n\n\n\n<p class=\"wp-block-paragraph\">El siniestro, que comenz\u00f3 cerca de las 12:15 horas de este lunes, afect\u00f3 a los galpones de la empresa <strong>Merk\u00e9n <\/strong>, dedicada al procesamiento de frutas y verduras, ubicada a un costado de la Ruta 5 Sur. Afortunadamente, no se reportaron personas lesionadas, aunque bomberos sufrieron fatiga e inhalaci\u00f3n de humo durante su labor. Sin embargo, el incendio dej\u00f3 una devastadora marca en la zona, con la estructura de la empresa pr\u00e1cticamente destruida.<\/p>\n\n\n\n<hr class=\"wp-block-separator has-alpha-channel-opacity\"\/>\n\n\n\n<h3 class=\"wp-block-heading\"><strong>El Momento del Caos: Videos Muestran Explosiones y Terror<\/strong><\/h3>\n\n\n\n<figure class=\"wp-block-video\"><video height=\"864\" style=\"aspect-ratio: 384 \/ 864;\" width=\"384\" controls src=\"https:\/\/www.koncevisiontv.cl\/web\/wp-content\/uploads\/2025\/04\/AQN3onWVGUcvFcPrGCd0f2tkmMJDtRHZy3hVwEMG7c-whyMIGWElKph3KPT9We-yn_0jxOFFU4wYl7jmr8xZr11z.mp4\"><\/video><\/figure>\n\n\n\n<p class=\"wp-block-paragraph\">Impactantes videos difundidos en redes sociales evidencian el nivel de violencia del incendio. En ellos se observa c\u00f3mo <strong>explosiones <\/strong>sacuden las instalaciones mientras trabajadores gritan desesperados: \u201c\u00a1Corran! \u00a1Corran!\u201d. La escena es apocal\u00edptica: columnas de humo negro cubren el cielo, visible desde toda la Regi\u00f3n Metropolitana, y las llamas avanzan r\u00e1pidamente hacia los galpones.<\/p>\n\n\n\n<p class=\"wp-block-paragraph\">Uno de los factores m\u00e1s preocupantes fue la emanaci\u00f3n de <strong>gases t\u00f3xicos <\/strong>, principalmente amon\u00edaco, lo que oblig\u00f3 a evacuar a cerca de <strong>150 trabajadores <\/strong>de la planta. Los testimonios recogidos describen momentos de p\u00e1nico, con empleados corriendo para salvar sus vidas mientras las explosiones segu\u00edan resonando en el lugar.<\/p>\n\n\n\n<figure class=\"wp-block-video\"><video height=\"1280\" style=\"aspect-ratio: 720 \/ 1280;\" width=\"720\" controls src=\"https:\/\/www.koncevisiontv.cl\/web\/wp-content\/uploads\/2025\/04\/eLqphl509Y9gOLLI.mp4\"><\/video><\/figure>\n\n\n\n<p class=\"wp-block-paragraph\">Las autoridades destacaron la r\u00e1pida respuesta de los equipos de emergencia, quienes evitaron que el fuego se propagara a industrias vecinas, como la f\u00e1brica de colchones <strong>Mantahue <\/strong>, ubicada justo al lado.<\/p>\n\n\n\n<hr class=\"wp-block-separator has-alpha-channel-opacity\"\/>\n\n\n\n<h3 class=\"wp-block-heading\"><strong>Respuesta de Emergencia: M\u00e1s de 100 Bomberos en Acci\u00f3n<\/strong><\/h3>\n\n\n\n<p class=\"wp-block-paragraph\">M\u00e1s de <strong>100 voluntarios de distintas compa\u00f1\u00edas de Bomberos de la capital <\/strong>acudieron al lugar para combatir el voraz incendio. Luego de horas de intenso trabajo, lograron contener las llamas, evitando una tragedia a\u00fan mayor. Sin embargo, algunos bomberos resultaron afectados por la inhalaci\u00f3n de humo y la agotadora labor en condiciones extremas.<\/p>\n\n\n\n<figure class=\"wp-block-video\"><video height=\"848\" style=\"aspect-ratio: 480 \/ 848;\" width=\"480\" controls src=\"https:\/\/www.koncevisiontv.cl\/web\/wp-content\/uploads\/2025\/04\/cg5hcGM6K_ZQYxz.mp4\"><\/video><\/figure>\n\n\n\n<p class=\"wp-block-paragraph\">El comandante de Bomberos inform\u00f3 que el fuego consumi\u00f3 casi la totalidad de la estructura afectada, dejando p\u00e9rdidas materiales significativas. Las investigaciones preliminares sugieren que el incendio pudo haberse originado en una falla el\u00e9ctrica o en alg\u00fan equipo industrial, aunque a\u00fan se desconoce la causa exacta.<\/p>\n\n\n\n<hr class=\"wp-block-separator has-alpha-channel-opacity\"\/>\n\n\n\n<h3 class=\"wp-block-heading\"><strong>Suspensi\u00f3n de Clases y Precauciones por Humo T\u00f3xico<\/strong><\/h3>\n\n\n\n<p class=\"wp-block-paragraph\">Debido a la gran cantidad de humo negro que cubri\u00f3 la zona, las autoridades decidieron suspender las clases en todos los establecimientos educacionales de las comunas de <strong>Paine <\/strong>y <strong>Buin <\/strong>. Esta medida fue tomada para proteger la salud de los estudiantes y docentes, ya que la inhalaci\u00f3n de part\u00edculas t\u00f3xicas podr\u00eda representar un riesgo para la poblaci\u00f3n.<\/p>\n\n\n\n<p class=\"wp-block-paragraph\">Adem\u00e1s, se recomend\u00f3 a los habitantes de la zona evitar salir de sus hogares si no es estrictamente necesario y mantener ventanas cerradas para minimizar la exposici\u00f3n al humo.<\/p>\n\n\n\n<hr class=\"wp-block-separator has-alpha-channel-opacity\"\/>\n\n\n\n<h3 class=\"wp-block-heading\"><strong>Reflexi\u00f3n sobre la Prevenci\u00f3n de Desastres Industriales<\/strong><\/h3>\n\n\n\n<p class=\"wp-block-paragraph\">Este incidente subraya la importancia de implementar medidas de seguridad m\u00e1s rigurosas en instalaciones industriales, especialmente aquellas que manejan sustancias peligrosas como el amon\u00edaco. Entre las propuestas destacadas est\u00e1n:<\/p>\n\n\n\n<ul class=\"wp-block-list\">\n<li>Realizar inspecciones regulares de equipos el\u00e9ctricos y maquinaria.<\/li>\n\n\n\n<li>Capacitar a los trabajadores en protocolos de emergencia.<\/li>\n\n\n\n<li>Instalar sistemas de detecci\u00f3n temprana de incendios y fugas de gases.<\/li>\n<\/ul>\n\n\n\n<p class=\"wp-block-paragraph\">El incendio en Paine no solo deja p\u00e9rdidas materiales, sino tambi\u00e9n una lecci\u00f3n sobre la necesidad de priorizar la seguridad en entornos laborales.<\/p>\n\n\n\n<p class=\"wp-block-paragraph\"><\/p>\n","protected":false},"excerpt":{"rendered":"<p>\u201c\u00a1Corran! \u00a1Corran!\u201d: Trabajadores huyen de explosiones y llamas en incendio en Paine: Un gigantesco incendio que devast\u00f3 las<\/p>\n","protected":false},"author":5,"featured_media":7102,"comment_status":"open","ping_status":"open","sticky":false,"template":"","format":"standard","meta":{"_crdt_document":"","_uag_custom_page_level_css":"","_sitemap_exclude":false,"_sitemap_priority":"","_sitemap_frequency":"","_joinchat":[],"footnotes":""},"categories":[14],"tags":[],"class_list":["post-7100","post","type-post","status-publish","format-standard","has-post-thumbnail","hentry","category-nacional"],"featured_image_urls":{"full":["https:\/\/www.koncevisiontv.cl\/web\/wp-content\/uploads\/2025\/04\/IMTKQ7OOKRG3ZLD7HAODP4U4NE.avif",1023,682,false],"thumbnail":["https:\/\/www.koncevisiontv.cl\/web\/wp-content\/uploads\/2025\/04\/IMTKQ7OOKRG3ZLD7HAODP4U4NE-150x150.avif",150,150,true],"medium":["https:\/\/www.koncevisiontv.cl\/web\/wp-content\/uploads\/2025\/04\/IMTKQ7OOKRG3ZLD7HAODP4U4NE-300x200.avif",300,200,true],"medium_large":["https:\/\/www.koncevisiontv.cl\/web\/wp-content\/uploads\/2025\/04\/IMTKQ7OOKRG3ZLD7HAODP4U4NE-768x512.avif",640,427,true],"large":["https:\/\/www.koncevisiontv.cl\/web\/wp-content\/uploads\/2025\/04\/IMTKQ7OOKRG3ZLD7HAODP4U4NE.avif",640,427,false],"1536x1536":["https:\/\/www.koncevisiontv.cl\/web\/wp-content\/uploads\/2025\/04\/IMTKQ7OOKRG3ZLD7HAODP4U4NE.avif",1023,682,false],"2048x2048":["https:\/\/www.koncevisiontv.cl\/web\/wp-content\/uploads\/2025\/04\/IMTKQ7OOKRG3ZLD7HAODP4U4NE.avif",1023,682,false],"darknews-featured":["https:\/\/www.koncevisiontv.cl\/web\/wp-content\/uploads\/2025\/04\/IMTKQ7OOKRG3ZLD7HAODP4U4NE.avif",1023,682,false],"darknews-large":["https:\/\/www.koncevisiontv.cl\/web\/wp-content\/uploads\/2025\/04\/IMTKQ7OOKRG3ZLD7HAODP4U4NE-825x575.avif",825,575,true],"darknews-medium":["https:\/\/www.koncevisiontv.cl\/web\/wp-content\/uploads\/2025\/04\/IMTKQ7OOKRG3ZLD7HAODP4U4NE-590x410.avif",590,410,true]},"author_info":{"info":["Web-Master"]},"category_info":"<a href=\"https:\/\/www.koncevisiontv.cl\/web\/category\/nacional\/\" rel=\"category tag\">Nacional<\/a>","tag_info":"Nacional","comment_count":"0","uagb_featured_image_src":{"full":["https:\/\/www.koncevisiontv.cl\/web\/wp-content\/uploads\/2025\/04\/IMTKQ7OOKRG3ZLD7HAODP4U4NE.avif",1023,682,false],"thumbnail":["https:\/\/www.koncevisiontv.cl\/web\/wp-content\/uploads\/2025\/04\/IMTKQ7OOKRG3ZLD7HAODP4U4NE-150x150.avif",150,150,true],"medium":["https:\/\/www.koncevisiontv.cl\/web\/wp-content\/uploads\/2025\/04\/IMTKQ7OOKRG3ZLD7HAODP4U4NE-300x200.avif",300,200,true],"medium_large":["https:\/\/www.koncevisiontv.cl\/web\/wp-content\/uploads\/2025\/04\/IMTKQ7OOKRG3ZLD7HAODP4U4NE-768x512.avif",640,427,true],"large":["https:\/\/www.koncevisiontv.cl\/web\/wp-content\/uploads\/2025\/04\/IMTKQ7OOKRG3ZLD7HAODP4U4NE.avif",640,427,false],"1536x1536":["https:\/\/www.koncevisiontv.cl\/web\/wp-content\/uploads\/2025\/04\/IMTKQ7OOKRG3ZLD7HAODP4U4NE.avif",1023,682,false],"2048x2048":["https:\/\/www.koncevisiontv.cl\/web\/wp-content\/uploads\/2025\/04\/IMTKQ7OOKRG3ZLD7HAODP4U4NE.avif",1023,682,false],"darknews-featured":["https:\/\/www.koncevisiontv.cl\/web\/wp-content\/uploads\/2025\/04\/IMTKQ7OOKRG3ZLD7HAODP4U4NE.avif",1023,682,false],"darknews-large":["https:\/\/www.koncevisiontv.cl\/web\/wp-content\/uploads\/2025\/04\/IMTKQ7OOKRG3ZLD7HAODP4U4NE-825x575.avif",825,575,true],"darknews-medium":["https:\/\/www.koncevisiontv.cl\/web\/wp-content\/uploads\/2025\/04\/IMTKQ7OOKRG3ZLD7HAODP4U4NE-590x410.avif",590,410,true]},"uagb_author_info":{"display_name":"Web-Master","author_link":"https:\/\/www.koncevisiontv.cl\/web\/author\/koncevision\/"},"uagb_comment_info":0,"uagb_excerpt":"\u201c\u00a1Corran! \u00a1Corran!\u201d: Trabajadores huyen de explosiones y llamas en incendio en Paine: Un gigantesco incendio que devast\u00f3 las","_links":{"self":[{"href":"https:\/\/www.koncevisiontv.cl\/web\/wp-json\/wp\/v2\/posts\/7100","targetHints":{"allow":["GET"]}}],"collection":[{"href":"https:\/\/www.koncevisiontv.cl\/web\/wp-json\/wp\/v2\/posts"}],"about":[{"href":"https:\/\/www.koncevisiontv.cl\/web\/wp-json\/wp\/v2\/types\/post"}],"author":[{"embeddable":true,"href":"https:\/\/www.koncevisiontv.cl\/web\/wp-json\/wp\/v2\/users\/5"}],"replies":[{"embeddable":true,"href":"https:\/\/www.koncevisiontv.cl\/web\/wp-json\/wp\/v2\/comments?post=7100"}],"version-history":[{"count":2,"href":"https:\/\/www.koncevisiontv.cl\/web\/wp-json\/wp\/v2\/posts\/7100\/revisions"}],"predecessor-version":[{"id":7111,"href":"https:\/\/www.koncevisiontv.cl\/web\/wp-json\/wp\/v2\/posts\/7100\/revisions\/7111"}],"wp:featuredmedia":[{"embeddable":true,"href":"https:\/\/www.koncevisiontv.cl\/web\/wp-json\/wp\/v2\/media\/7102"}],"wp:attachment":[{"href":"https:\/\/www.koncevisiontv.cl\/web\/wp-json\/wp\/v2\/media?parent=7100"}],"wp:term":[{"taxonomy":"category","embeddable":true,"href":"https:\/\/www.koncevisiontv.cl\/web\/wp-json\/wp\/v2\/categories?post=7100"},{"taxonomy":"post_tag","embeddable":true,"href":"https:\/\/www.koncevisiontv.cl\/web\/wp-json\/wp\/v2\/tags?post=7100"}],"curies":[{"name":"wp","href":"https:\/\/api.w.org\/{rel}","templated":true}]}}