{"id":7112,"date":"2025-04-07T17:00:45","date_gmt":"2025-04-07T21:00:45","guid":{"rendered":"https:\/\/www.koncevisiontv.cl\/web\/?p=7112"},"modified":"2025-04-07T17:00:48","modified_gmt":"2025-04-07T21:00:48","slug":"cortes-de-luz-en-talcahuano-hualpen-san-pedro-y-tome-este-martes-8-de-abril-duraran-mas-de-6-horas","status":"publish","type":"post","link":"https:\/\/www.koncevisiontv.cl\/web\/cortes-de-luz-en-talcahuano-hualpen-san-pedro-y-tome-este-martes-8-de-abril-duraran-mas-de-6-horas\/","title":{"rendered":"Cortes de Luz en Talcahuano, Hualp\u00e9n, San Pedro y Tom\u00e9 Este Martes 8 de Abril: Durar\u00e1n M\u00e1s de 6 Horas"},"content":{"rendered":"\n<p class=\"wp-block-paragraph\"><strong>Cortes de luz programados en Talcahuano, Hualp\u00e9n, San Pedro y Tom\u00e9: <\/strong>La Compa\u00f1\u00eda General de Electricidad (CGE) anunci\u00f3 interrupciones programadas para este martes 8 de abril en las comunas de Talcahuano, Hualp\u00e9n, San Pedro de la Paz y Tom\u00e9, en la Regi\u00f3n del Biob\u00edo. Estas suspensiones, que se extender\u00e1n por m\u00e1s de 6 horas en algunos sectores, forman parte de los trabajos de mejoramiento el\u00e9ctrico en el Gran Concepci\u00f3n.<\/p>\n\n\n\n<p class=\"wp-block-paragraph\">La empresa explic\u00f3 que estas interrupciones buscan mejorar la infraestructura energ\u00e9tica y garantizar un servicio m\u00e1s confiable a largo plazo. Sin embargo, los cortes afectar\u00e1n a cientos de hogares y comercios durante gran parte del d\u00eda. A continuaci\u00f3n, te entregamos todos los detalles sobre los horarios y sectores involucrados.<\/p>\n\n\n\n<hr class=\"wp-block-separator has-alpha-channel-opacity\"\/>\n\n\n\n<h3 class=\"wp-block-heading\"><strong>Horarios y Sectores Afectados por los Cortes de Luz<\/strong><\/h3>\n\n\n\n<p class=\"wp-block-paragraph\">De acuerdo a lo publicado por CGE, los cortes de luz programados para este martes 8 de abril son los siguientes:<\/p>\n\n\n\n<h4 class=\"wp-block-heading\"><strong>Talcahuano<\/strong><\/h4>\n\n\n\n<ul class=\"wp-block-list\">\n<li><strong>Horario: <\/strong>Desde las 9:00 hasta las 15:00 horas.<\/li>\n\n\n\n<li><strong>Sectores afectados: <\/strong>Av. Gran Breta\u00f1a y Avenida Las Golondrinas.<\/li>\n<\/ul>\n\n\n\n<figure class=\"wp-block-embed is-type-rich is-provider-twitter wp-block-embed-twitter\"><div class=\"wp-block-embed__wrapper\">\n<blockquote class=\"twitter-tweet\" data-width=\"550\" data-dnt=\"true\"><p lang=\"es\" dir=\"ltr\">Para mejorar la calidad del suministro de nuestros clientes de <a href=\"https:\/\/twitter.com\/hashtag\/Talcahuano?src=hash&amp;ref_src=twsrc%5Etfw\" target=\"_blank\" rel=\"noopener\">#Talcahuano<\/a>, este martes, entre 09:00 y 15:00 horas, se realizar\u00e1 una <a href=\"https:\/\/twitter.com\/hashtag\/Interrupci%C3%B3nProgramada?src=hash&amp;ref_src=twsrc%5Etfw\" target=\"_blank\" rel=\"noopener\">#Interrupci\u00f3nProgramada<\/a> (sectores en la imagen \ud83d\udc47) debido a trabajos de mejoras. Recuerda desconectar tus artefactos \ud83d\udd0c <a href=\"https:\/\/t.co\/ch3BiSc4Hx\">pic.twitter.com\/ch3BiSc4Hx<\/a><\/p>&mdash; CGE Clientes (@CGE_Clientes) <a href=\"https:\/\/twitter.com\/CGE_Clientes\/status\/1909295706281484402?ref_src=twsrc%5Etfw\" target=\"_blank\" rel=\"noopener\">April 7, 2025<\/a><\/blockquote><script async src=\"https:\/\/platform.twitter.com\/widgets.js\" charset=\"utf-8\"><\/script>\n<\/div><\/figure>\n\n\n\n<h4 class=\"wp-block-heading\"><strong>Hualp\u00e9n<\/strong><\/h4>\n\n\n\n<ul class=\"wp-block-list\">\n<li><strong>Horario: <\/strong>Desde las 9:30 hasta las 16:00 horas.<\/li>\n\n\n\n<li><strong>Sectores afectados: <\/strong>Avenida Col\u00f3n y Los Conquistadores.<\/li>\n<\/ul>\n\n\n\n<figure class=\"wp-block-embed is-type-rich is-provider-twitter wp-block-embed-twitter\"><div class=\"wp-block-embed__wrapper\">\n<blockquote class=\"twitter-tweet\" data-width=\"550\" data-dnt=\"true\"><p lang=\"es\" dir=\"ltr\">Para mejorar la calidad del suministro de nuestros clientes de <a href=\"https:\/\/twitter.com\/hashtag\/Hualp%C3%A9n?src=hash&amp;ref_src=twsrc%5Etfw\" target=\"_blank\" rel=\"noopener\">#Hualp\u00e9n<\/a>, este martes, entre 09:30 y 16:00 horas, se realizar\u00e1 una <a href=\"https:\/\/twitter.com\/hashtag\/Interrupci%C3%B3nProgramada?src=hash&amp;ref_src=twsrc%5Etfw\" target=\"_blank\" rel=\"noopener\">#Interrupci\u00f3nProgramada<\/a> (sectores en la imagen \ud83d\udc47) debido a trabajos de mejoras. Recuerda desconectar tus artefactos \ud83d\udd0c <a href=\"https:\/\/t.co\/E1e4HxWII3\">pic.twitter.com\/E1e4HxWII3<\/a><\/p>&mdash; CGE Clientes (@CGE_Clientes) <a href=\"https:\/\/twitter.com\/CGE_Clientes\/status\/1909245594255622425?ref_src=twsrc%5Etfw\" target=\"_blank\" rel=\"noopener\">April 7, 2025<\/a><\/blockquote><script async src=\"https:\/\/platform.twitter.com\/widgets.js\" charset=\"utf-8\"><\/script>\n<\/div><\/figure>\n\n\n\n<h4 class=\"wp-block-heading\"><strong>San Pedro de la Paz<\/strong><\/h4>\n\n\n\n<ul class=\"wp-block-list\">\n<li><strong>Horario: <\/strong>Desde las 9:30 hasta las 11:30 horas.<\/li>\n\n\n\n<li><strong>Sectores afectados: <\/strong>Los Boldos y Los Avellanos.<\/li>\n<\/ul>\n\n\n\n<figure class=\"wp-block-embed is-type-rich is-provider-twitter wp-block-embed-twitter\"><div class=\"wp-block-embed__wrapper\">\n<blockquote class=\"twitter-tweet\" data-width=\"550\" data-dnt=\"true\"><p lang=\"es\" dir=\"ltr\">Para mejorar la calidad del suministro de nuestros clientes de <a href=\"https:\/\/twitter.com\/hashtag\/SanPedrodeLaPaz?src=hash&amp;ref_src=twsrc%5Etfw\" target=\"_blank\" rel=\"noopener\">#SanPedrodeLaPaz<\/a>, este martes, entre 09:30 y 11:30 horas, se realizar\u00e1 una <a href=\"https:\/\/twitter.com\/hashtag\/Interrupci%C3%B3nProgramada?src=hash&amp;ref_src=twsrc%5Etfw\" target=\"_blank\" rel=\"noopener\">#Interrupci\u00f3nProgramada<\/a> (sectores en la imagen \ud83d\udc47) debido a trabajos de mejoras. Recuerda desconectar tus artefactos \ud83d\udd0c <a href=\"https:\/\/t.co\/ArUxIyJ2pn\">pic.twitter.com\/ArUxIyJ2pn<\/a><\/p>&mdash; CGE Clientes (@CGE_Clientes) <a href=\"https:\/\/twitter.com\/CGE_Clientes\/status\/1909050367876248022?ref_src=twsrc%5Etfw\" target=\"_blank\" rel=\"noopener\">April 7, 2025<\/a><\/blockquote><script async src=\"https:\/\/platform.twitter.com\/widgets.js\" charset=\"utf-8\"><\/script>\n<\/div><\/figure>\n\n\n\n<h4 class=\"wp-block-heading\"><strong>Tom\u00e9<\/strong><\/h4>\n\n\n\n<ul class=\"wp-block-list\">\n<li><strong>Horario: <\/strong>Desde las 10:00 hasta las 16:00 horas.<\/li>\n\n\n\n<li><strong>Sectores afectados: <\/strong>Rafael y Lloicura.<\/li>\n<\/ul>\n\n\n\n<figure class=\"wp-block-embed is-type-rich is-provider-twitter wp-block-embed-twitter\"><div class=\"wp-block-embed__wrapper\">\n<blockquote class=\"twitter-tweet\" data-width=\"550\" data-dnt=\"true\"><p lang=\"es\" dir=\"ltr\">Para mejorar la calidad del suministro de nuestros clientes de <a href=\"https:\/\/twitter.com\/hashtag\/Tom%C3%A9?src=hash&amp;ref_src=twsrc%5Etfw\" target=\"_blank\" rel=\"noopener\">#Tom\u00e9<\/a>, este martes, entre 10:00 y 16:00 horas, se realizar\u00e1 una <a href=\"https:\/\/twitter.com\/hashtag\/Interrupci%C3%B3nProgramada?src=hash&amp;ref_src=twsrc%5Etfw\" target=\"_blank\" rel=\"noopener\">#Interrupci\u00f3nProgramada<\/a> (sectores en la imagen \ud83d\udc47) debido a trabajos de mejoras. Recuerda desconectar tus artefactos \ud83d\udd0c <a href=\"https:\/\/t.co\/NknQcysUla\">pic.twitter.com\/NknQcysUla<\/a><\/p>&mdash; CGE Clientes (@CGE_Clientes) <a href=\"https:\/\/twitter.com\/CGE_Clientes\/status\/1909264275878649981?ref_src=twsrc%5Etfw\" target=\"_blank\" rel=\"noopener\">April 7, 2025<\/a><\/blockquote><script async src=\"https:\/\/platform.twitter.com\/widgets.js\" charset=\"utf-8\"><\/script>\n<\/div><\/figure>\n\n\n\n<hr class=\"wp-block-separator has-alpha-channel-opacity\"\/>\n\n\n\n<h3 class=\"wp-block-heading\"><strong>Recomendaciones de CGE para los Clientes Afectados<\/strong><\/h3>\n\n\n\n<p class=\"wp-block-paragraph\">CGE record\u00f3 a los clientes afectados desconectar sus artefactos el\u00e9ctricos durante los cortes para evitar da\u00f1os cuando se restablezca el suministro. Adem\u00e1s, la empresa puso a disposici\u00f3n diversos canales de atenci\u00f3n para consultas o emergencias:<\/p>\n\n\n\n<ul class=\"wp-block-list\">\n<li><strong>Tel\u00e9fono gratuito: <\/strong>800 800 767<\/li>\n\n\n\n<li><strong>WhatsApp: <\/strong>+569 8956 8479<\/li>\n<\/ul>\n\n\n\n<p class=\"wp-block-paragraph\">Estos canales permitir\u00e1n a los usuarios informarse sobre el avance de los trabajos o reportar cualquier eventualidad relacionada con los cortes.<\/p>\n\n\n\n<hr class=\"wp-block-separator has-alpha-channel-opacity\"\/>\n\n\n\n<h3 class=\"wp-block-heading\"><strong>Impacto en la Comunidad y Medidas Preventivas<\/strong><\/h3>\n\n\n\n<p class=\"wp-block-paragraph\">Los cortes de luz programados han generado preocupaci\u00f3n entre los habitantes de las comunas afectadas, especialmente por la duraci\u00f3n de las interrupciones, que en algunos casos superar\u00e1n las 6 horas. Esto podr\u00eda afectar actividades cotidianas, como el funcionamiento de electrodom\u00e9sticos, negocios y servicios b\u00e1sicos.<\/p>\n\n\n\n<p class=\"wp-block-paragraph\">Para minimizar los inconvenientes, se recomienda:<\/p>\n\n\n\n<ul class=\"wp-block-list\">\n<li>Cargar dispositivos electr\u00f3nicos antes del inicio de los cortes.<\/li>\n\n\n\n<li>Tener linternas o velas disponibles en caso de necesitar iluminaci\u00f3n.<\/li>\n\n\n\n<li>Planificar actividades cr\u00edticas fuera del horario de los cortes.<\/li>\n<\/ul>\n\n\n\n<p class=\"wp-block-paragraph\">Adem\u00e1s, los comerciantes locales han sido advertidos sobre la importancia de proteger sus productos perecibles, especialmente en sectores donde los cortes ser\u00e1n m\u00e1s prolongados.<\/p>\n\n\n\n<hr class=\"wp-block-separator has-alpha-channel-opacity\"\/>\n\n\n\n<h3 class=\"wp-block-heading\"><strong>Reflexi\u00f3n sobre la Infraestructura Energ\u00e9tica en el Gran Concepci\u00f3n<\/strong><\/h3>\n\n\n\n<p class=\"wp-block-paragraph\">Este anuncio de cortes programados refuerza la necesidad de invertir en una infraestructura el\u00e9ctrica m\u00e1s robusta y moderna en la Regi\u00f3n del Biob\u00edo. Si bien los trabajos de mejoramiento son esenciales para prevenir futuras fallas, las interrupciones prolongadas pueden generar descontento en la comunidad si no se comunican con suficiente anticipaci\u00f3n o no se gestionan adecuadamente.<\/p>\n\n\n\n<p class=\"wp-block-paragraph\">Entre las propuestas destacadas para mejorar la experiencia de los usuarios est\u00e1n:<\/p>\n\n\n\n<ul class=\"wp-block-list\">\n<li>Implementar sistemas de notificaci\u00f3n anticipada mediante mensajes de texto o aplicaciones m\u00f3viles.<\/li>\n\n\n\n<li>Reducir la duraci\u00f3n de los cortes mediante t\u00e9cnicas m\u00e1s eficientes.<\/li>\n\n\n\n<li>Ofrecer compensaciones a clientes afectados por interrupciones prolongadas.<\/li>\n<\/ul>\n","protected":false},"excerpt":{"rendered":"<p>Cortes de luz programados en Talcahuano, Hualp\u00e9n, San Pedro y Tom\u00e9: La Compa\u00f1\u00eda General de Electricidad (CGE) anunci\u00f3<\/p>\n","protected":false},"author":5,"featured_media":6914,"comment_status":"open","ping_status":"open","sticky":false,"template":"","format":"standard","meta":{"_crdt_document":"","_uag_custom_page_level_css":"","_sitemap_exclude":false,"_sitemap_priority":"","_sitemap_frequency":"","_joinchat":[],"footnotes":""},"categories":[14],"tags":[],"class_list":["post-7112","post","type-post","status-publish","format-standard","has-post-thumbnail","hentry","category-nacional"],"featured_image_urls":{"full":["https:\/\/www.koncevisiontv.cl\/web\/wp-content\/uploads\/2025\/04\/cortes-de-luz.jpg",872,670,false],"thumbnail":["https:\/\/www.koncevisiontv.cl\/web\/wp-content\/uploads\/2025\/04\/cortes-de-luz-150x150.jpg",150,150,true],"medium":["https:\/\/www.koncevisiontv.cl\/web\/wp-content\/uploads\/2025\/04\/cortes-de-luz-300x231.jpg",300,231,true],"medium_large":["https:\/\/www.koncevisiontv.cl\/web\/wp-content\/uploads\/2025\/04\/cortes-de-luz-768x590.jpg",640,492,true],"large":["https:\/\/www.koncevisiontv.cl\/web\/wp-content\/uploads\/2025\/04\/cortes-de-luz.jpg",640,492,false],"1536x1536":["https:\/\/www.koncevisiontv.cl\/web\/wp-content\/uploads\/2025\/04\/cortes-de-luz.jpg",872,670,false],"2048x2048":["https:\/\/www.koncevisiontv.cl\/web\/wp-content\/uploads\/2025\/04\/cortes-de-luz.jpg",872,670,false],"darknews-featured":["https:\/\/www.koncevisiontv.cl\/web\/wp-content\/uploads\/2025\/04\/cortes-de-luz.jpg",872,670,false],"darknews-large":["https:\/\/www.koncevisiontv.cl\/web\/wp-content\/uploads\/2025\/04\/cortes-de-luz-825x575.jpg",825,575,true],"darknews-medium":["https:\/\/www.koncevisiontv.cl\/web\/wp-content\/uploads\/2025\/04\/cortes-de-luz-590x410.jpg",590,410,true]},"author_info":{"info":["Web-Master"]},"category_info":"<a href=\"https:\/\/www.koncevisiontv.cl\/web\/category\/nacional\/\" rel=\"category tag\">Nacional<\/a>","tag_info":"Nacional","comment_count":"0","uagb_featured_image_src":{"full":["https:\/\/www.koncevisiontv.cl\/web\/wp-content\/uploads\/2025\/04\/cortes-de-luz.jpg",872,670,false],"thumbnail":["https:\/\/www.koncevisiontv.cl\/web\/wp-content\/uploads\/2025\/04\/cortes-de-luz-150x150.jpg",150,150,true],"medium":["https:\/\/www.koncevisiontv.cl\/web\/wp-content\/uploads\/2025\/04\/cortes-de-luz-300x231.jpg",300,231,true],"medium_large":["https:\/\/www.koncevisiontv.cl\/web\/wp-content\/uploads\/2025\/04\/cortes-de-luz-768x590.jpg",640,492,true],"large":["https:\/\/www.koncevisiontv.cl\/web\/wp-content\/uploads\/2025\/04\/cortes-de-luz.jpg",640,492,false],"1536x1536":["https:\/\/www.koncevisiontv.cl\/web\/wp-content\/uploads\/2025\/04\/cortes-de-luz.jpg",872,670,false],"2048x2048":["https:\/\/www.koncevisiontv.cl\/web\/wp-content\/uploads\/2025\/04\/cortes-de-luz.jpg",872,670,false],"darknews-featured":["https:\/\/www.koncevisiontv.cl\/web\/wp-content\/uploads\/2025\/04\/cortes-de-luz.jpg",872,670,false],"darknews-large":["https:\/\/www.koncevisiontv.cl\/web\/wp-content\/uploads\/2025\/04\/cortes-de-luz-825x575.jpg",825,575,true],"darknews-medium":["https:\/\/www.koncevisiontv.cl\/web\/wp-content\/uploads\/2025\/04\/cortes-de-luz-590x410.jpg",590,410,true]},"uagb_author_info":{"display_name":"Web-Master","author_link":"https:\/\/www.koncevisiontv.cl\/web\/author\/koncevision\/"},"uagb_comment_info":0,"uagb_excerpt":"Cortes de luz programados en Talcahuano, Hualp\u00e9n, San Pedro y Tom\u00e9: La Compa\u00f1\u00eda General de Electricidad (CGE) anunci\u00f3","_links":{"self":[{"href":"https:\/\/www.koncevisiontv.cl\/web\/wp-json\/wp\/v2\/posts\/7112","targetHints":{"allow":["GET"]}}],"collection":[{"href":"https:\/\/www.koncevisiontv.cl\/web\/wp-json\/wp\/v2\/posts"}],"about":[{"href":"https:\/\/www.koncevisiontv.cl\/web\/wp-json\/wp\/v2\/types\/post"}],"author":[{"embeddable":true,"href":"https:\/\/www.koncevisiontv.cl\/web\/wp-json\/wp\/v2\/users\/5"}],"replies":[{"embeddable":true,"href":"https:\/\/www.koncevisiontv.cl\/web\/wp-json\/wp\/v2\/comments?post=7112"}],"version-history":[{"count":1,"href":"https:\/\/www.koncevisiontv.cl\/web\/wp-json\/wp\/v2\/posts\/7112\/revisions"}],"predecessor-version":[{"id":7117,"href":"https:\/\/www.koncevisiontv.cl\/web\/wp-json\/wp\/v2\/posts\/7112\/revisions\/7117"}],"wp:featuredmedia":[{"embeddable":true,"href":"https:\/\/www.koncevisiontv.cl\/web\/wp-json\/wp\/v2\/media\/6914"}],"wp:attachment":[{"href":"https:\/\/www.koncevisiontv.cl\/web\/wp-json\/wp\/v2\/media?parent=7112"}],"wp:term":[{"taxonomy":"category","embeddable":true,"href":"https:\/\/www.koncevisiontv.cl\/web\/wp-json\/wp\/v2\/categories?post=7112"},{"taxonomy":"post_tag","embeddable":true,"href":"https:\/\/www.koncevisiontv.cl\/web\/wp-json\/wp\/v2\/tags?post=7112"}],"curies":[{"name":"wp","href":"https:\/\/api.w.org\/{rel}","templated":true}]}}