{"id":7124,"date":"2025-04-07T17:22:51","date_gmt":"2025-04-07T21:22:51","guid":{"rendered":"https:\/\/www.koncevisiontv.cl\/web\/?p=7124"},"modified":"2025-04-07T17:22:53","modified_gmt":"2025-04-07T21:22:53","slug":"evelyn-matthei-vs-kast-declaraciones-elecciones-2025","status":"publish","type":"post","link":"https:\/\/www.koncevisiontv.cl\/web\/evelyn-matthei-vs-kast-declaraciones-elecciones-2025\/","title":{"rendered":"El M\u00e1s F\u00e1cil de Todos, Gano Lejos\u201d: El Desafiante Comentario de Evelyn Matthei que Jos\u00e9 Antonio Kast Respondi\u00f3 con Prudencia"},"content":{"rendered":"\n<p class=\"wp-block-paragraph\"><strong>Evelyn Matthei lanza dardo a Jos\u00e9 Antonio Kast en posible segunda vuelta: <\/strong>La candidata de Chile Vamos, Evelyn Matthei (UDI), sorprendi\u00f3 con una respuesta contundente al ser consultada sobre c\u00f3mo enfrentar\u00eda una eventual segunda vuelta presidencial frente al abanderado del Partido Republicano, Jos\u00e9 Antonio Kast. Sin titubear, afirm\u00f3 que ser\u00eda &#8220;la m\u00e1s f\u00e1cil de todas&#8221; y asegur\u00f3 que &#8220;ah\u00ed gano lejos&#8221;.<\/p>\n\n\n\n<p class=\"wp-block-paragraph\">Sin embargo, Kast no dej\u00f3 pasar el comentario y respondi\u00f3 con prudencia, recordando que &#8220;la \u00fanica encuesta v\u00e1lida es la de las elecciones&#8221;. Este intercambio ha generado un intenso debate pol\u00edtico a menos de un a\u00f1o de las elecciones presidenciales.<\/p>\n\n\n\n<figure class=\"wp-block-video\"><video height=\"720\" style=\"aspect-ratio: 1280 \/ 720;\" width=\"1280\" controls src=\"https:\/\/www.koncevisiontv.cl\/web\/wp-content\/uploads\/2025\/04\/Lh6geFLN8HiKUdiD.mp4\"><\/video><\/figure>\n\n\n\n<h3 class=\"wp-block-heading\"><strong>La Respuesta Lapidaria de Evelyn Matthei<\/strong><\/h3>\n\n\n\n<p class=\"wp-block-paragraph\">Durante una entrevista en Radio Duna, Evelyn Matthei fue consultada sobre los distintos escenarios posibles para una segunda vuelta presidencial. Aunque reconoci\u00f3 que cada candidato tiene &#8220;sus particularidades, ventajas y desventajas&#8221;, destac\u00f3 su confianza en un hipot\u00e9tico enfrentamiento con Jos\u00e9 Antonio Kast.<\/p>\n\n\n\n<p class=\"wp-block-paragraph\">Cuando el periodista le pregunt\u00f3 si considerar\u00eda m\u00e1s dif\u00edcil una segunda vuelta contra Kast que contra Carolina Toh\u00e1, la candidata respondi\u00f3 sin dudarlo:<br>\u201cNo, (una segunda vuelta frente a Kast) es la m\u00e1s f\u00e1cil de todas. Porque ah\u00ed gano lejos\u201d.<\/p>\n\n\n\n<p class=\"wp-block-paragraph\">Este comentario provoc\u00f3 inmediatamente reacciones en el \u00e1mbito pol\u00edtico, especialmente desde el Partido Republicano, cuyo candidato prefiri\u00f3 responder con mesura, evitando caer en pol\u00e9micas.<\/p>\n\n\n\n<hr class=\"wp-block-separator has-alpha-channel-opacity\"\/>\n\n\n\n<h3 class=\"wp-block-heading\"><strong>La Respuesta de Jos\u00e9 Antonio Kast<\/strong><\/h3>\n\n\n\n<p class=\"wp-block-paragraph\">Consultado por los dichos de Matthei, Jos\u00e9 Antonio Kast opt\u00f3 por mantener la calma y responder con una advertencia sobre la soberbia en pol\u00edtica. Utilizando una met\u00e1fora futbol\u00edstica, declar\u00f3:<br>\u201cDir\u00eda lo mismo que se dice en la jerga futbol\u00edstica, no saquen el cotill\u00f3n todav\u00eda. Creo que la soberbia para todos los candidatos es una mala consejera, creo que la prudencia es lo que tiene que primar en estos d\u00edas\u201d.<\/p>\n\n\n\n<p class=\"wp-block-paragraph\">Kast tambi\u00e9n destac\u00f3 que su campa\u00f1a no se basa en encuestas, sino en el contacto directo con la ciudadan\u00eda:<br>\u201cNosotros al menos no dependemos de una encuesta u otra encuesta, la \u00fanica encuesta v\u00e1lida es la encuesta de las elecciones, en primera vuelta o en segunda vuelta\u201d.<\/p>\n\n\n\n<p class=\"wp-block-paragraph\">Adem\u00e1s, aprovech\u00f3 la oportunidad para llamar a la reflexi\u00f3n:<br>\u201cM\u00e1s que celebrar, m\u00e1s que alegrarse, yo los invito a poner los pies en la tierra y ver cu\u00e1les son de nuevo los reales problemas de la ciudadan\u00eda hoy\u201d.<\/p>\n\n\n\n<hr class=\"wp-block-separator has-alpha-channel-opacity\"\/>\n\n\n\n<h3 class=\"wp-block-heading\"><strong>El Impacto Pol\u00edtico de la Declaraci\u00f3n<\/strong><\/h3>\n\n\n\n<p class=\"wp-block-paragraph\">Este intercambio entre dos figuras clave de la pol\u00edtica chilena refleja la tensi\u00f3n que existe entre los distintos sectores pol\u00edticos de cara a las elecciones presidenciales. Mientras Matthei busca proyectar confianza y fortaleza ante sus potenciales adversarios, Kast responde con un mensaje de prudencia y realismo.<\/p>\n\n\n\n<p class=\"wp-block-paragraph\">Analistas pol\u00edticos han se\u00f1alado que este tipo de declaraciones podr\u00eda polarizar a\u00fan m\u00e1s el panorama electoral, especialmente en un a\u00f1o donde las coaliciones tradicionales buscan consolidar su apoyo frente a opciones emergentes como el Partido Republicano.<\/p>\n\n\n\n<hr class=\"wp-block-separator has-alpha-channel-opacity\"\/>\n\n\n\n<h3 class=\"wp-block-heading\"><strong>Reflexi\u00f3n sobre la Estrategia Electoral<\/strong><\/h3>\n\n\n\n<p class=\"wp-block-paragraph\">Este episodio pone en evidencia la importancia de la ret\u00f3rica en campa\u00f1as pol\u00edticas. Si bien comentarios como el de Matthei pueden generar confianza entre sus seguidores, tambi\u00e9n corren el riesgo de ser percibidos como arrogantes o fuera de lugar por parte de votantes indecisos.<\/p>\n\n\n\n<p class=\"wp-block-paragraph\">Por otro lado, la respuesta de Kast demuestra la importancia de mantener un discurso equilibrado y centrado en los problemas reales de la ciudadan\u00eda. En un a\u00f1o electoral tan competitivo, estas estrategias pueden marcar la diferencia entre ganar o perder apoyo en las urnas.<\/p>\n\n\n\n<p class=\"wp-block-paragraph\"><\/p>\n","protected":false},"excerpt":{"rendered":"<p>Evelyn Matthei lanza dardo a Jos\u00e9 Antonio Kast en posible segunda vuelta: La candidata de Chile Vamos, Evelyn<\/p>\n","protected":false},"author":5,"featured_media":7126,"comment_status":"open","ping_status":"open","sticky":false,"template":"","format":"standard","meta":{"_crdt_document":"","_uag_custom_page_level_css":"","_sitemap_exclude":false,"_sitemap_priority":"","_sitemap_frequency":"","_joinchat":[],"footnotes":""},"categories":[14],"tags":[],"class_list":["post-7124","post","type-post","status-publish","format-standard","has-post-thumbnail","hentry","category-nacional"],"featured_image_urls":{"full":["https:\/\/www.koncevisiontv.cl\/web\/wp-content\/uploads\/2025\/04\/BYSJSZ3AHRB73CAYL6XV623CCI.avif",1023,682,false],"thumbnail":["https:\/\/www.koncevisiontv.cl\/web\/wp-content\/uploads\/2025\/04\/BYSJSZ3AHRB73CAYL6XV623CCI-150x150.avif",150,150,true],"medium":["https:\/\/www.koncevisiontv.cl\/web\/wp-content\/uploads\/2025\/04\/BYSJSZ3AHRB73CAYL6XV623CCI-300x200.avif",300,200,true],"medium_large":["https:\/\/www.koncevisiontv.cl\/web\/wp-content\/uploads\/2025\/04\/BYSJSZ3AHRB73CAYL6XV623CCI-768x512.avif",640,427,true],"large":["https:\/\/www.koncevisiontv.cl\/web\/wp-content\/uploads\/2025\/04\/BYSJSZ3AHRB73CAYL6XV623CCI.avif",640,427,false],"1536x1536":["https:\/\/www.koncevisiontv.cl\/web\/wp-content\/uploads\/2025\/04\/BYSJSZ3AHRB73CAYL6XV623CCI.avif",1023,682,false],"2048x2048":["https:\/\/www.koncevisiontv.cl\/web\/wp-content\/uploads\/2025\/04\/BYSJSZ3AHRB73CAYL6XV623CCI.avif",1023,682,false],"darknews-featured":["https:\/\/www.koncevisiontv.cl\/web\/wp-content\/uploads\/2025\/04\/BYSJSZ3AHRB73CAYL6XV623CCI.avif",1023,682,false],"darknews-large":["https:\/\/www.koncevisiontv.cl\/web\/wp-content\/uploads\/2025\/04\/BYSJSZ3AHRB73CAYL6XV623CCI-825x575.avif",825,575,true],"darknews-medium":["https:\/\/www.koncevisiontv.cl\/web\/wp-content\/uploads\/2025\/04\/BYSJSZ3AHRB73CAYL6XV623CCI-590x410.avif",590,410,true]},"author_info":{"info":["Web-Master"]},"category_info":"<a href=\"https:\/\/www.koncevisiontv.cl\/web\/category\/nacional\/\" rel=\"category tag\">Nacional<\/a>","tag_info":"Nacional","comment_count":"0","uagb_featured_image_src":{"full":["https:\/\/www.koncevisiontv.cl\/web\/wp-content\/uploads\/2025\/04\/BYSJSZ3AHRB73CAYL6XV623CCI.avif",1023,682,false],"thumbnail":["https:\/\/www.koncevisiontv.cl\/web\/wp-content\/uploads\/2025\/04\/BYSJSZ3AHRB73CAYL6XV623CCI-150x150.avif",150,150,true],"medium":["https:\/\/www.koncevisiontv.cl\/web\/wp-content\/uploads\/2025\/04\/BYSJSZ3AHRB73CAYL6XV623CCI-300x200.avif",300,200,true],"medium_large":["https:\/\/www.koncevisiontv.cl\/web\/wp-content\/uploads\/2025\/04\/BYSJSZ3AHRB73CAYL6XV623CCI-768x512.avif",640,427,true],"large":["https:\/\/www.koncevisiontv.cl\/web\/wp-content\/uploads\/2025\/04\/BYSJSZ3AHRB73CAYL6XV623CCI.avif",640,427,false],"1536x1536":["https:\/\/www.koncevisiontv.cl\/web\/wp-content\/uploads\/2025\/04\/BYSJSZ3AHRB73CAYL6XV623CCI.avif",1023,682,false],"2048x2048":["https:\/\/www.koncevisiontv.cl\/web\/wp-content\/uploads\/2025\/04\/BYSJSZ3AHRB73CAYL6XV623CCI.avif",1023,682,false],"darknews-featured":["https:\/\/www.koncevisiontv.cl\/web\/wp-content\/uploads\/2025\/04\/BYSJSZ3AHRB73CAYL6XV623CCI.avif",1023,682,false],"darknews-large":["https:\/\/www.koncevisiontv.cl\/web\/wp-content\/uploads\/2025\/04\/BYSJSZ3AHRB73CAYL6XV623CCI-825x575.avif",825,575,true],"darknews-medium":["https:\/\/www.koncevisiontv.cl\/web\/wp-content\/uploads\/2025\/04\/BYSJSZ3AHRB73CAYL6XV623CCI-590x410.avif",590,410,true]},"uagb_author_info":{"display_name":"Web-Master","author_link":"https:\/\/www.koncevisiontv.cl\/web\/author\/koncevision\/"},"uagb_comment_info":0,"uagb_excerpt":"Evelyn Matthei lanza dardo a Jos\u00e9 Antonio Kast en posible segunda vuelta: La candidata de Chile Vamos, Evelyn","_links":{"self":[{"href":"https:\/\/www.koncevisiontv.cl\/web\/wp-json\/wp\/v2\/posts\/7124","targetHints":{"allow":["GET"]}}],"collection":[{"href":"https:\/\/www.koncevisiontv.cl\/web\/wp-json\/wp\/v2\/posts"}],"about":[{"href":"https:\/\/www.koncevisiontv.cl\/web\/wp-json\/wp\/v2\/types\/post"}],"author":[{"embeddable":true,"href":"https:\/\/www.koncevisiontv.cl\/web\/wp-json\/wp\/v2\/users\/5"}],"replies":[{"embeddable":true,"href":"https:\/\/www.koncevisiontv.cl\/web\/wp-json\/wp\/v2\/comments?post=7124"}],"version-history":[{"count":1,"href":"https:\/\/www.koncevisiontv.cl\/web\/wp-json\/wp\/v2\/posts\/7124\/revisions"}],"predecessor-version":[{"id":7127,"href":"https:\/\/www.koncevisiontv.cl\/web\/wp-json\/wp\/v2\/posts\/7124\/revisions\/7127"}],"wp:featuredmedia":[{"embeddable":true,"href":"https:\/\/www.koncevisiontv.cl\/web\/wp-json\/wp\/v2\/media\/7126"}],"wp:attachment":[{"href":"https:\/\/www.koncevisiontv.cl\/web\/wp-json\/wp\/v2\/media?parent=7124"}],"wp:term":[{"taxonomy":"category","embeddable":true,"href":"https:\/\/www.koncevisiontv.cl\/web\/wp-json\/wp\/v2\/categories?post=7124"},{"taxonomy":"post_tag","embeddable":true,"href":"https:\/\/www.koncevisiontv.cl\/web\/wp-json\/wp\/v2\/tags?post=7124"}],"curies":[{"name":"wp","href":"https:\/\/api.w.org\/{rel}","templated":true}]}}