{"id":7128,"date":"2025-04-08T13:06:18","date_gmt":"2025-04-08T17:06:18","guid":{"rendered":"https:\/\/www.koncevisiontv.cl\/web\/?p=7128"},"modified":"2025-04-08T13:06:21","modified_gmt":"2025-04-08T17:06:21","slug":"brutal-pelea-en-san-vicente-de-tagua-tagua-huaso-caballo-maltrato-animal","status":"publish","type":"post","link":"https:\/\/www.koncevisiontv.cl\/web\/brutal-pelea-en-san-vicente-de-tagua-tagua-huaso-caballo-maltrato-animal\/","title":{"rendered":"Im\u00e1genes Fuertes: Brutal pelea en San Vicente de Tagua Tagua &#8211; Huaso con Instinto Homicida"},"content":{"rendered":"\n<p class=\"wp-block-paragraph\"><strong>\u201cHuaso con instinto homicida\u201d: Video viral muestra brutal pelea en San Vicente de Tagua Tagua, Regi\u00f3n de O\u2019Higgins. <\/strong>Un impactante video grabado por testigos ha generado indignaci\u00f3n en redes sociales tras mostrar una violenta gresca entre jinetes en la medialuna de San Vicente de Tagua Tagua, donde un hombre fue atacado con caballos y rebenques. El hecho ocurri\u00f3 el domingo y ha sido calificado como un acto de maltrato animal y violencia desmedida.<\/p>\n\n\n\n<figure class=\"wp-block-video\"><video height=\"1264\" style=\"aspect-ratio: 720 \/ 1264;\" width=\"720\" controls src=\"https:\/\/www.koncevisiontv.cl\/web\/wp-content\/uploads\/2025\/04\/5DL1C7oHXayBsQVh.mp4\"><\/video><\/figure>\n\n\n\n<p class=\"wp-block-paragraph\"><\/p>\n\n\n\n<p class=\"wp-block-paragraph\">El registro, que incluye im\u00e1genes fuertes, muestra c\u00f3mo uno de los involucrados utiliza su caballo como arma para agredir a otra persona, lo que ha desatado una ola de cr\u00edticas en redes sociales. Aunque no hubo heridos graves, el episodio ha sido ampliamente repudiado por la comunidad, especialmente por el maltrato animal involucrado y la presencia de ni\u00f1os durante la pelea.<\/p>\n\n\n\n<hr class=\"wp-block-separator has-alpha-channel-opacity\"\/>\n\n\n\n<h3 class=\"wp-block-heading\"><strong>El Origen del Conflicto: Novillos Mal Entregados<\/strong><\/h3>\n\n\n\n<p class=\"wp-block-paragraph\">Seg\u00fan informaci\u00f3n policial recogida por medios locales, el conflicto comenz\u00f3 cuando los competidores se mostraron insatisfechos con los novillos entregados para correr durante la actividad. La molestia escal\u00f3 r\u00e1pidamente, llevando a una persona externa a bajar a la arena para confrontar a los jinetes.<\/p>\n\n\n\n<p class=\"wp-block-paragraph\">En respuesta, uno de los huasos mont\u00f3 su caballo y lanz\u00f3 un ataque directo contra el hombre, utilizando al animal como herramienta de agresi\u00f3n. Adem\u00e1s de golpearlo con el caballo, tambi\u00e9n emple\u00f3 un rebenque (l\u00e1tigo) para propinarle m\u00e1s golpes. Pese a la gravedad de las im\u00e1genes, el agredido solo sufri\u00f3 heridas leves.<\/p>\n\n\n\n<hr class=\"wp-block-separator has-alpha-channel-opacity\"\/>\n\n\n\n<h3 class=\"wp-block-heading\"><strong>La Reacci\u00f3n en Redes Sociales: Indignaci\u00f3n Generalizada<\/strong><\/h3>\n\n\n\n<p class=\"wp-block-paragraph\">El video r\u00e1pidamente se volvi\u00f3 viral, generando una avalancha de comentarios en redes sociales. Usuarios han expresado su repudio no solo por la violencia humana, sino tambi\u00e9n por el evidente maltrato animal presente en el incidente. Algunos de los comentarios m\u00e1s destacados incluyen:<\/p>\n\n\n\n<ul class=\"wp-block-list\">\n<li><strong>&#8220;Por qu\u00e9 no se bajan de los caballos y se agarran a combos, pelea limpia.&#8221;<\/strong><\/li>\n\n\n\n<li><strong>&#8220;Hay ni\u00f1os presentes y maltrato animal. Esto es inaceptable.&#8221;<\/strong><\/li>\n\n\n\n<li><strong>&#8220;Se ve que el huaso mal nacido desgraciado que le tira el caballo encima para matarlo, y le pega m\u00e1s encima con el rebenque, tiene instinto homicida.&#8221;<\/strong><\/li>\n\n\n\n<li><strong>&#8220;Pobres caballitos, me dan mucha pena. Los huasos me dan lo mismo. Son una manga de fachos, ni un brillo.&#8221;<\/strong><\/li>\n<\/ul>\n\n\n\n<p class=\"wp-block-paragraph\">Estas declaraciones reflejan la indignaci\u00f3n generalizada por el comportamiento de los implicados, quienes no solo pusieron en riesgo vidas humanas, sino que tambi\u00e9n sometieron a los animales a situaciones de estr\u00e9s extremo.<\/p>\n\n\n\n<hr class=\"wp-block-separator has-alpha-channel-opacity\"\/>\n\n\n\n<h3 class=\"wp-block-heading\"><strong>Detenci\u00f3n y Libertad de los Implicados<\/strong><\/h3>\n\n\n\n<p class=\"wp-block-paragraph\">Tras el incidente, tres sujetos fueron detenidos por su participaci\u00f3n en la gresca. Sin embargo, seg\u00fan inform\u00f3 la polic\u00eda, los involucrados fueron sometidos a control de detenci\u00f3n y posteriormente quedaron en libertad. Este desenlace ha generado a\u00fan m\u00e1s cr\u00edticas, ya que muchos consideran que las autoridades debieron tomar medidas m\u00e1s severas dada la gravedad del hecho.<\/p>\n\n\n\n<hr class=\"wp-block-separator has-alpha-channel-opacity\"\/>\n\n\n\n<h3 class=\"wp-block-heading\"><strong>Reflexi\u00f3n sobre el Maltrato Animal y la Violencia en Espect\u00e1culos Rurales<\/strong><\/h3>\n\n\n\n<p class=\"wp-block-paragraph\">Este caso subraya la necesidad de implementar regulaciones m\u00e1s estrictas en actividades rurales y eventos tradicionales que involucren animales. Entre las propuestas destacadas est\u00e1n:<\/p>\n\n\n\n<ul class=\"wp-block-list\">\n<li><strong>Capacitaci\u00f3n obligatoria para participantes: <\/strong>Educar a los jinetes sobre el manejo \u00e9tico de los animales y la importancia de evitar conductas violentas.<\/li>\n\n\n\n<li><strong>Mayor supervisi\u00f3n policial: <\/strong>Garantizar que eventos similares cuenten con personal capacitado para intervenir en caso de conflictos.<\/li>\n\n\n\n<li><strong>Sanciones m\u00e1s duras: <\/strong>Implementar penas ejemplares para quienes cometan actos de maltrato animal o violencia p\u00fablica.<\/li>\n<\/ul>\n\n\n\n<p class=\"wp-block-paragraph\">Adem\u00e1s, es fundamental recordar que estas actividades suelen ser familiares, por lo que la exposici\u00f3n de ni\u00f1os a escenas de violencia debe ser evitada a toda costa.<\/p>\n\n\n\n<p class=\"wp-block-paragraph\"><\/p>\n","protected":false},"excerpt":{"rendered":"<p>\u201cHuaso con instinto homicida\u201d: Video viral muestra brutal pelea en San Vicente de Tagua Tagua, Regi\u00f3n de O\u2019Higgins.<\/p>\n","protected":false},"author":5,"featured_media":7129,"comment_status":"open","ping_status":"open","sticky":false,"template":"","format":"standard","meta":{"_crdt_document":"","_uag_custom_page_level_css":"","_sitemap_exclude":false,"_sitemap_priority":"","_sitemap_frequency":"","_joinchat":[],"footnotes":""},"categories":[14],"tags":[],"class_list":["post-7128","post","type-post","status-publish","format-standard","has-post-thumbnail","hentry","category-nacional"],"featured_image_urls":{"full":["https:\/\/www.koncevisiontv.cl\/web\/wp-content\/uploads\/2025\/04\/66FZSD7X7FEP3E5OINTL2SYCFY.avif",1023,682,false],"thumbnail":["https:\/\/www.koncevisiontv.cl\/web\/wp-content\/uploads\/2025\/04\/66FZSD7X7FEP3E5OINTL2SYCFY-150x150.avif",150,150,true],"medium":["https:\/\/www.koncevisiontv.cl\/web\/wp-content\/uploads\/2025\/04\/66FZSD7X7FEP3E5OINTL2SYCFY-300x200.avif",300,200,true],"medium_large":["https:\/\/www.koncevisiontv.cl\/web\/wp-content\/uploads\/2025\/04\/66FZSD7X7FEP3E5OINTL2SYCFY-768x512.avif",640,427,true],"large":["https:\/\/www.koncevisiontv.cl\/web\/wp-content\/uploads\/2025\/04\/66FZSD7X7FEP3E5OINTL2SYCFY.avif",640,427,false],"1536x1536":["https:\/\/www.koncevisiontv.cl\/web\/wp-content\/uploads\/2025\/04\/66FZSD7X7FEP3E5OINTL2SYCFY.avif",1023,682,false],"2048x2048":["https:\/\/www.koncevisiontv.cl\/web\/wp-content\/uploads\/2025\/04\/66FZSD7X7FEP3E5OINTL2SYCFY.avif",1023,682,false],"darknews-featured":["https:\/\/www.koncevisiontv.cl\/web\/wp-content\/uploads\/2025\/04\/66FZSD7X7FEP3E5OINTL2SYCFY.avif",1023,682,false],"darknews-large":["https:\/\/www.koncevisiontv.cl\/web\/wp-content\/uploads\/2025\/04\/66FZSD7X7FEP3E5OINTL2SYCFY-825x575.avif",825,575,true],"darknews-medium":["https:\/\/www.koncevisiontv.cl\/web\/wp-content\/uploads\/2025\/04\/66FZSD7X7FEP3E5OINTL2SYCFY-590x410.avif",590,410,true]},"author_info":{"info":["Web-Master"]},"category_info":"<a href=\"https:\/\/www.koncevisiontv.cl\/web\/category\/nacional\/\" rel=\"category tag\">Nacional<\/a>","tag_info":"Nacional","comment_count":"0","uagb_featured_image_src":{"full":["https:\/\/www.koncevisiontv.cl\/web\/wp-content\/uploads\/2025\/04\/66FZSD7X7FEP3E5OINTL2SYCFY.avif",1023,682,false],"thumbnail":["https:\/\/www.koncevisiontv.cl\/web\/wp-content\/uploads\/2025\/04\/66FZSD7X7FEP3E5OINTL2SYCFY-150x150.avif",150,150,true],"medium":["https:\/\/www.koncevisiontv.cl\/web\/wp-content\/uploads\/2025\/04\/66FZSD7X7FEP3E5OINTL2SYCFY-300x200.avif",300,200,true],"medium_large":["https:\/\/www.koncevisiontv.cl\/web\/wp-content\/uploads\/2025\/04\/66FZSD7X7FEP3E5OINTL2SYCFY-768x512.avif",640,427,true],"large":["https:\/\/www.koncevisiontv.cl\/web\/wp-content\/uploads\/2025\/04\/66FZSD7X7FEP3E5OINTL2SYCFY.avif",640,427,false],"1536x1536":["https:\/\/www.koncevisiontv.cl\/web\/wp-content\/uploads\/2025\/04\/66FZSD7X7FEP3E5OINTL2SYCFY.avif",1023,682,false],"2048x2048":["https:\/\/www.koncevisiontv.cl\/web\/wp-content\/uploads\/2025\/04\/66FZSD7X7FEP3E5OINTL2SYCFY.avif",1023,682,false],"darknews-featured":["https:\/\/www.koncevisiontv.cl\/web\/wp-content\/uploads\/2025\/04\/66FZSD7X7FEP3E5OINTL2SYCFY.avif",1023,682,false],"darknews-large":["https:\/\/www.koncevisiontv.cl\/web\/wp-content\/uploads\/2025\/04\/66FZSD7X7FEP3E5OINTL2SYCFY-825x575.avif",825,575,true],"darknews-medium":["https:\/\/www.koncevisiontv.cl\/web\/wp-content\/uploads\/2025\/04\/66FZSD7X7FEP3E5OINTL2SYCFY-590x410.avif",590,410,true]},"uagb_author_info":{"display_name":"Web-Master","author_link":"https:\/\/www.koncevisiontv.cl\/web\/author\/koncevision\/"},"uagb_comment_info":0,"uagb_excerpt":"\u201cHuaso con instinto homicida\u201d: Video viral muestra brutal pelea en San Vicente de Tagua Tagua, Regi\u00f3n de O\u2019Higgins.","_links":{"self":[{"href":"https:\/\/www.koncevisiontv.cl\/web\/wp-json\/wp\/v2\/posts\/7128","targetHints":{"allow":["GET"]}}],"collection":[{"href":"https:\/\/www.koncevisiontv.cl\/web\/wp-json\/wp\/v2\/posts"}],"about":[{"href":"https:\/\/www.koncevisiontv.cl\/web\/wp-json\/wp\/v2\/types\/post"}],"author":[{"embeddable":true,"href":"https:\/\/www.koncevisiontv.cl\/web\/wp-json\/wp\/v2\/users\/5"}],"replies":[{"embeddable":true,"href":"https:\/\/www.koncevisiontv.cl\/web\/wp-json\/wp\/v2\/comments?post=7128"}],"version-history":[{"count":1,"href":"https:\/\/www.koncevisiontv.cl\/web\/wp-json\/wp\/v2\/posts\/7128\/revisions"}],"predecessor-version":[{"id":7131,"href":"https:\/\/www.koncevisiontv.cl\/web\/wp-json\/wp\/v2\/posts\/7128\/revisions\/7131"}],"wp:featuredmedia":[{"embeddable":true,"href":"https:\/\/www.koncevisiontv.cl\/web\/wp-json\/wp\/v2\/media\/7129"}],"wp:attachment":[{"href":"https:\/\/www.koncevisiontv.cl\/web\/wp-json\/wp\/v2\/media?parent=7128"}],"wp:term":[{"taxonomy":"category","embeddable":true,"href":"https:\/\/www.koncevisiontv.cl\/web\/wp-json\/wp\/v2\/categories?post=7128"},{"taxonomy":"post_tag","embeddable":true,"href":"https:\/\/www.koncevisiontv.cl\/web\/wp-json\/wp\/v2\/tags?post=7128"}],"curies":[{"name":"wp","href":"https:\/\/api.w.org\/{rel}","templated":true}]}}