{"id":7132,"date":"2025-04-08T13:17:45","date_gmt":"2025-04-08T17:17:45","guid":{"rendered":"https:\/\/www.koncevisiontv.cl\/web\/?p=7132"},"modified":"2025-04-08T13:17:47","modified_gmt":"2025-04-08T17:17:47","slug":"inspector-general-violo-a-estudiante","status":"publish","type":"post","link":"https:\/\/www.koncevisiontv.cl\/web\/inspector-general-violo-a-estudiante\/","title":{"rendered":"Inspector General Violar a Estudiante: Condenado a 8 A\u00f1os de Prisi\u00f3n por Abuso Sexual"},"content":{"rendered":"\n<p class=\"wp-block-paragraph\"><strong>Inspector general viol\u00f3 a estudiante: <\/strong>Un exfuncionario de la educaci\u00f3n en Pargua, regi\u00f3n de Los Lagos, fue condenado a 8 a\u00f1os de prisi\u00f3n por abusar sexualmente de una alumna de 15 a\u00f1os tras ofrecerle alcohol durante una actividad deportiva. Este caso ha generado indignaci\u00f3n y pone el foco en la necesidad de proteger a menores de edad frente a actos de abuso cometidos por figuras de autoridad.<\/p>\n\n\n\n<p class=\"wp-block-paragraph\">El hombre, de 61 a\u00f1os, quien tambi\u00e9n ejerc\u00eda como monitor deportivo, invit\u00f3 a un grupo de adolescentes a una playa del sector Chayahu\u00e9 despu\u00e9s de una pr\u00e1ctica deportiva. En ese contexto, ofreci\u00f3 alcohol a los j\u00f3venes, quienes quedaron embriagados, lo que permiti\u00f3 que este delincuente aprovechara la situaci\u00f3n para violar a una de las menores.<\/p>\n\n\n\n<hr class=\"wp-block-separator has-alpha-channel-opacity\"\/>\n\n\n\n<h3 class=\"wp-block-heading\"><strong>Los Hechos que Conmocionaron a la Comunidad<\/strong><\/h3>\n\n\n\n<p class=\"wp-block-paragraph\">El inspector general viol\u00f3 a estudiante tras llevar al grupo de estudiantes a la playa tras una jornada deportiva. Durante el encuentro, ofreci\u00f3 alcohol a los adolescentes, un acto que facilit\u00f3 su posterior ataque contra la v\u00edctima.<\/p>\n\n\n\n<p class=\"wp-block-paragraph\">El fiscal Marcelo Maldonado destac\u00f3 la importancia del fallo judicial, se\u00f1alando:<br>\u201cNosotros como fiscal\u00eda valoramos este fallo porque precisamente viene a recalcar lo que es la persecuci\u00f3n penal que estamos haciendo con delitos de esta naturaleza con el objetivo de obtener sanciones que puedan, de esa forma, llevar justicia y reparaci\u00f3n a la v\u00edctima. Y por otro lado, tambi\u00e9n ser condenas ejemplificadoras para quienes atentan contra la infancia.\u201d<\/p>\n\n\n\n<p class=\"wp-block-paragraph\">El tribunal determin\u00f3 que el acusado no solo viol\u00f3 a la menor, sino que tambi\u00e9n abus\u00f3 de su posici\u00f3n de autoridad como funcionario educativo. Este veredicto busca enviar un claro mensaje sobre las consecuencias legales para quienes cometen actos tan graves contra menores de edad.<\/p>\n\n\n\n<hr class=\"wp-block-separator has-alpha-channel-opacity\"\/>\n\n\n\n<h3 class=\"wp-block-heading\"><strong>Consecuencias para el Agresor<\/strong><\/h3>\n\n\n\n<p class=\"wp-block-paragraph\">Tras cumplir su pena de 8 a\u00f1os de prisi\u00f3n, el exinspector general que viol\u00f3 a estudiante no podr\u00e1 volver a trabajar en establecimientos educacionales ni ejercer cargos que involucren contacto con menores de edad. Esta medida adicional refuerza la protecci\u00f3n hacia ni\u00f1os, ni\u00f1as y adolescentes, asegurando que este tipo de delincuentes no tenga acceso a posibles v\u00edctimas en el futuro.<\/p>\n\n\n\n<hr class=\"wp-block-separator has-alpha-channel-opacity\"\/>\n\n\n\n<h3 class=\"wp-block-heading\"><strong>Reflexi\u00f3n sobre la Protecci\u00f3n de Menores de Edad<\/strong><\/h3>\n\n\n\n<p class=\"wp-block-paragraph\">Este caso subraya la importancia de implementar medidas m\u00e1s estrictas para prevenir abusos sexuales dentro de instituciones educativas y deportivas. Entre las propuestas destacadas est\u00e1n:<\/p>\n\n\n\n<ul class=\"wp-block-list\">\n<li><strong>Capacitaci\u00f3n obligatoria: <\/strong>Formar a docentes y monitores sobre \u00e9tica, prevenci\u00f3n de abuso y manejo adecuado de situaciones con menores.<\/li>\n\n\n\n<li><strong>Supervisi\u00f3n constante: <\/strong>Garantizar que todas las actividades extracurriculares cuenten con supervisi\u00f3n de adultos responsables.<\/li>\n\n\n\n<li><strong>Sanciones ejemplares: <\/strong>Establecer penas severas para quienes cometan actos de abuso contra menores, especialmente cuando se trata de figuras de autoridad.<\/li>\n<\/ul>\n\n\n\n<p class=\"wp-block-paragraph\">Adem\u00e1s, es fundamental fomentar espacios seguros donde los estudiantes puedan denunciar cualquier tipo de acoso o abuso sin temor a represalias.<\/p>\n\n\n\n<p class=\"wp-block-paragraph\"><\/p>\n","protected":false},"excerpt":{"rendered":"<p>Inspector general viol\u00f3 a estudiante: Un exfuncionario de la educaci\u00f3n en Pargua, regi\u00f3n de Los Lagos, fue condenado<\/p>\n","protected":false},"author":5,"featured_media":7133,"comment_status":"open","ping_status":"open","sticky":false,"template":"","format":"standard","meta":{"_crdt_document":"","_uag_custom_page_level_css":"","_sitemap_exclude":false,"_sitemap_priority":"","_sitemap_frequency":"","_joinchat":[],"footnotes":""},"categories":[14],"tags":[],"class_list":["post-7132","post","type-post","status-publish","format-standard","has-post-thumbnail","hentry","category-nacional"],"featured_image_urls":{"full":["https:\/\/www.koncevisiontv.cl\/web\/wp-content\/uploads\/2025\/04\/PYCFNU37HVCDDEYSKSZM7EI3W4.avif",1023,682,false],"thumbnail":["https:\/\/www.koncevisiontv.cl\/web\/wp-content\/uploads\/2025\/04\/PYCFNU37HVCDDEYSKSZM7EI3W4-150x150.avif",150,150,true],"medium":["https:\/\/www.koncevisiontv.cl\/web\/wp-content\/uploads\/2025\/04\/PYCFNU37HVCDDEYSKSZM7EI3W4-300x200.avif",300,200,true],"medium_large":["https:\/\/www.koncevisiontv.cl\/web\/wp-content\/uploads\/2025\/04\/PYCFNU37HVCDDEYSKSZM7EI3W4-768x512.avif",640,427,true],"large":["https:\/\/www.koncevisiontv.cl\/web\/wp-content\/uploads\/2025\/04\/PYCFNU37HVCDDEYSKSZM7EI3W4.avif",640,427,false],"1536x1536":["https:\/\/www.koncevisiontv.cl\/web\/wp-content\/uploads\/2025\/04\/PYCFNU37HVCDDEYSKSZM7EI3W4.avif",1023,682,false],"2048x2048":["https:\/\/www.koncevisiontv.cl\/web\/wp-content\/uploads\/2025\/04\/PYCFNU37HVCDDEYSKSZM7EI3W4.avif",1023,682,false],"darknews-featured":["https:\/\/www.koncevisiontv.cl\/web\/wp-content\/uploads\/2025\/04\/PYCFNU37HVCDDEYSKSZM7EI3W4.avif",1023,682,false],"darknews-large":["https:\/\/www.koncevisiontv.cl\/web\/wp-content\/uploads\/2025\/04\/PYCFNU37HVCDDEYSKSZM7EI3W4-825x575.avif",825,575,true],"darknews-medium":["https:\/\/www.koncevisiontv.cl\/web\/wp-content\/uploads\/2025\/04\/PYCFNU37HVCDDEYSKSZM7EI3W4-590x410.avif",590,410,true]},"author_info":{"info":["Web-Master"]},"category_info":"<a href=\"https:\/\/www.koncevisiontv.cl\/web\/category\/nacional\/\" rel=\"category tag\">Nacional<\/a>","tag_info":"Nacional","comment_count":"0","uagb_featured_image_src":{"full":["https:\/\/www.koncevisiontv.cl\/web\/wp-content\/uploads\/2025\/04\/PYCFNU37HVCDDEYSKSZM7EI3W4.avif",1023,682,false],"thumbnail":["https:\/\/www.koncevisiontv.cl\/web\/wp-content\/uploads\/2025\/04\/PYCFNU37HVCDDEYSKSZM7EI3W4-150x150.avif",150,150,true],"medium":["https:\/\/www.koncevisiontv.cl\/web\/wp-content\/uploads\/2025\/04\/PYCFNU37HVCDDEYSKSZM7EI3W4-300x200.avif",300,200,true],"medium_large":["https:\/\/www.koncevisiontv.cl\/web\/wp-content\/uploads\/2025\/04\/PYCFNU37HVCDDEYSKSZM7EI3W4-768x512.avif",640,427,true],"large":["https:\/\/www.koncevisiontv.cl\/web\/wp-content\/uploads\/2025\/04\/PYCFNU37HVCDDEYSKSZM7EI3W4.avif",640,427,false],"1536x1536":["https:\/\/www.koncevisiontv.cl\/web\/wp-content\/uploads\/2025\/04\/PYCFNU37HVCDDEYSKSZM7EI3W4.avif",1023,682,false],"2048x2048":["https:\/\/www.koncevisiontv.cl\/web\/wp-content\/uploads\/2025\/04\/PYCFNU37HVCDDEYSKSZM7EI3W4.avif",1023,682,false],"darknews-featured":["https:\/\/www.koncevisiontv.cl\/web\/wp-content\/uploads\/2025\/04\/PYCFNU37HVCDDEYSKSZM7EI3W4.avif",1023,682,false],"darknews-large":["https:\/\/www.koncevisiontv.cl\/web\/wp-content\/uploads\/2025\/04\/PYCFNU37HVCDDEYSKSZM7EI3W4-825x575.avif",825,575,true],"darknews-medium":["https:\/\/www.koncevisiontv.cl\/web\/wp-content\/uploads\/2025\/04\/PYCFNU37HVCDDEYSKSZM7EI3W4-590x410.avif",590,410,true]},"uagb_author_info":{"display_name":"Web-Master","author_link":"https:\/\/www.koncevisiontv.cl\/web\/author\/koncevision\/"},"uagb_comment_info":0,"uagb_excerpt":"Inspector general viol\u00f3 a estudiante: Un exfuncionario de la educaci\u00f3n en Pargua, regi\u00f3n de Los Lagos, fue condenado","_links":{"self":[{"href":"https:\/\/www.koncevisiontv.cl\/web\/wp-json\/wp\/v2\/posts\/7132","targetHints":{"allow":["GET"]}}],"collection":[{"href":"https:\/\/www.koncevisiontv.cl\/web\/wp-json\/wp\/v2\/posts"}],"about":[{"href":"https:\/\/www.koncevisiontv.cl\/web\/wp-json\/wp\/v2\/types\/post"}],"author":[{"embeddable":true,"href":"https:\/\/www.koncevisiontv.cl\/web\/wp-json\/wp\/v2\/users\/5"}],"replies":[{"embeddable":true,"href":"https:\/\/www.koncevisiontv.cl\/web\/wp-json\/wp\/v2\/comments?post=7132"}],"version-history":[{"count":1,"href":"https:\/\/www.koncevisiontv.cl\/web\/wp-json\/wp\/v2\/posts\/7132\/revisions"}],"predecessor-version":[{"id":7134,"href":"https:\/\/www.koncevisiontv.cl\/web\/wp-json\/wp\/v2\/posts\/7132\/revisions\/7134"}],"wp:featuredmedia":[{"embeddable":true,"href":"https:\/\/www.koncevisiontv.cl\/web\/wp-json\/wp\/v2\/media\/7133"}],"wp:attachment":[{"href":"https:\/\/www.koncevisiontv.cl\/web\/wp-json\/wp\/v2\/media?parent=7132"}],"wp:term":[{"taxonomy":"category","embeddable":true,"href":"https:\/\/www.koncevisiontv.cl\/web\/wp-json\/wp\/v2\/categories?post=7132"},{"taxonomy":"post_tag","embeddable":true,"href":"https:\/\/www.koncevisiontv.cl\/web\/wp-json\/wp\/v2\/tags?post=7132"}],"curies":[{"name":"wp","href":"https:\/\/api.w.org\/{rel}","templated":true}]}}