{"id":7135,"date":"2025-04-08T13:28:54","date_gmt":"2025-04-08T17:28:54","guid":{"rendered":"https:\/\/www.koncevisiontv.cl\/web\/?p=7135"},"modified":"2025-04-08T13:28:57","modified_gmt":"2025-04-08T17:28:57","slug":"hombre-ataca-con-lanzallamas-artesanal-familia-la-reina","status":"publish","type":"post","link":"https:\/\/www.koncevisiontv.cl\/web\/hombre-ataca-con-lanzallamas-artesanal-familia-la-reina\/","title":{"rendered":"Hombre Ataca a Su Pareja e Hijos con un Lanzallamas Artesanal en La Reina"},"content":{"rendered":"\n<p class=\"wp-block-paragraph\"><strong>Hombre ataca con lanzallamas artesanal a su pareja e hijos en La Reina: <\/strong>Un grave caso de violencia intrafamiliar ocurri\u00f3 la ma\u00f1ana de este martes en la comuna de La Reina, regi\u00f3n Metropolitana. Un hombre utiliz\u00f3 un lanzallamas artesanal hecho con desinfectante en aerosol para atacar a su familia, causando heridas graves a su esposa y dos hijos, de 10 y 2 a\u00f1os. El agresor fue detenido por Carabineros y ser\u00e1 formalizado por los delitos de femicidio frustrado y parricidio frustrado.<\/p>\n\n\n\n<p class=\"wp-block-paragraph\">El incidente tuvo lugar en una vivienda ubicada en el sector de Pr\u00edncipe de Gales, donde una discusi\u00f3n dom\u00e9stica escal\u00f3 r\u00e1pidamente hacia un acto de extrema violencia. Las autoridades han confirmado que solicitar\u00e1n medidas cautelares severas contra el agresor mientras avanza la investigaci\u00f3n.<\/p>\n\n\n\n<hr class=\"wp-block-separator has-alpha-channel-opacity\"\/>\n\n\n\n<h3 class=\"wp-block-heading\"><strong>El Ataque con Lanzallamas Artesanal<\/strong><\/h3>\n\n\n\n<p class=\"wp-block-paragraph\">Seg\u00fan inform\u00f3 CNN Chile, el ataque ocurri\u00f3 tras una fuerte discusi\u00f3n entre el agresor y su pareja. En medio del conflicto, el hombre tom\u00f3 un desinfectante en aerosol, le prendi\u00f3 fuego y lo convirti\u00f3 en un lanzallamas improvisado. Este artefacto fue utilizado para agredir directamente a su hijo de 10 a\u00f1os, quien sufri\u00f3 quemaduras en el cuero cabelludo.<\/p>\n\n\n\n<p class=\"wp-block-paragraph\">Adem\u00e1s, su hija de 2 a\u00f1os y la madre tambi\u00e9n resultaron afectadas durante el ataque. Seg\u00fan las primeras versiones, las lesiones fueron provocadas por las llamas y el calor generado por el dispositivo artesanal. Los tres fueron auxiliados por vecinos y personal de emergencia, quienes los trasladaron a un centro asistencial para recibir atenci\u00f3n m\u00e9dica.<\/p>\n\n\n\n<hr class=\"wp-block-separator has-alpha-channel-opacity\"\/>\n\n\n\n<h3 class=\"wp-block-heading\"><strong>Detenci\u00f3n del Agresor y Medidas Cautelares<\/strong><\/h3>\n\n\n\n<p class=\"wp-block-paragraph\">Tras recibir una denuncia por el incidente, Carabineros lleg\u00f3 al lugar y detuvo al hombre, quien fue identificado como el principal responsable del ataque. Durante el procedimiento, las autoridades aseguraron evidencia clave, incluyendo restos del aerosol utilizado en el ataque.<\/p>\n\n\n\n<p class=\"wp-block-paragraph\">La Fiscal\u00eda confirm\u00f3 que solicitar\u00e1 medidas cautelares severas contra el individuo, quien enfrentar\u00e1 cargos por <strong>femicidio frustrado <\/strong>(contra su pareja) y <strong>parricidio frustrado <\/strong>(contra sus hijos). Seg\u00fan el C\u00f3digo Penal, estos delitos son considerados especialmente graves debido a la relaci\u00f3n de parentesco entre el agresor y las v\u00edctimas.<\/p>\n\n\n\n<hr class=\"wp-block-separator has-alpha-channel-opacity\"\/>\n\n\n\n<h3 class=\"wp-block-heading\"><strong>Reflexi\u00f3n sobre la Violencia Intrafamiliar<\/strong><\/h3>\n\n\n\n<p class=\"wp-block-paragraph\">Este caso subraya la necesidad de fortalecer las pol\u00edticas p\u00fablicas y las campa\u00f1as de prevenci\u00f3n contra la violencia intrafamiliar. Entre las propuestas destacadas est\u00e1n:<\/p>\n\n\n\n<ul class=\"wp-block-list\">\n<li><strong>Mayor acceso a l\u00edneas de ayuda: <\/strong>Garantizar que las v\u00edctimas puedan denunciar de manera segura y an\u00f3nima.<\/li>\n\n\n\n<li><strong>Capacitaci\u00f3n a Carabineros: <\/strong>Mejorar la respuesta policial frente a casos de violencia dom\u00e9stica.<\/li>\n\n\n\n<li><strong>Apoyo psicol\u00f3gico integral: <\/strong>Brindar asistencia no solo a las v\u00edctimas, sino tambi\u00e9n a los agresores para evitar reca\u00eddas.<\/li>\n<\/ul>\n\n\n\n<p class=\"wp-block-paragraph\">Adem\u00e1s, es fundamental educar a la poblaci\u00f3n sobre los peligros de la violencia intrafamiliar y promover una cultura de respeto dentro del hogar.<\/p>\n","protected":false},"excerpt":{"rendered":"<p>Hombre ataca con lanzallamas artesanal a su pareja e hijos en La Reina: Un grave caso de violencia<\/p>\n","protected":false},"author":5,"featured_media":7136,"comment_status":"open","ping_status":"open","sticky":false,"template":"","format":"standard","meta":{"_crdt_document":"","_uag_custom_page_level_css":"","_sitemap_exclude":false,"_sitemap_priority":"","_sitemap_frequency":"","_joinchat":[],"footnotes":""},"categories":[14],"tags":[],"class_list":["post-7135","post","type-post","status-publish","format-standard","has-post-thumbnail","hentry","category-nacional"],"featured_image_urls":{"full":["https:\/\/www.koncevisiontv.cl\/web\/wp-content\/uploads\/2025\/04\/PODQHAVGXFHMDOX537NUDEPZ3A.avif",1023,682,false],"thumbnail":["https:\/\/www.koncevisiontv.cl\/web\/wp-content\/uploads\/2025\/04\/PODQHAVGXFHMDOX537NUDEPZ3A-150x150.avif",150,150,true],"medium":["https:\/\/www.koncevisiontv.cl\/web\/wp-content\/uploads\/2025\/04\/PODQHAVGXFHMDOX537NUDEPZ3A-300x200.avif",300,200,true],"medium_large":["https:\/\/www.koncevisiontv.cl\/web\/wp-content\/uploads\/2025\/04\/PODQHAVGXFHMDOX537NUDEPZ3A-768x512.avif",640,427,true],"large":["https:\/\/www.koncevisiontv.cl\/web\/wp-content\/uploads\/2025\/04\/PODQHAVGXFHMDOX537NUDEPZ3A.avif",640,427,false],"1536x1536":["https:\/\/www.koncevisiontv.cl\/web\/wp-content\/uploads\/2025\/04\/PODQHAVGXFHMDOX537NUDEPZ3A.avif",1023,682,false],"2048x2048":["https:\/\/www.koncevisiontv.cl\/web\/wp-content\/uploads\/2025\/04\/PODQHAVGXFHMDOX537NUDEPZ3A.avif",1023,682,false],"darknews-featured":["https:\/\/www.koncevisiontv.cl\/web\/wp-content\/uploads\/2025\/04\/PODQHAVGXFHMDOX537NUDEPZ3A.avif",1023,682,false],"darknews-large":["https:\/\/www.koncevisiontv.cl\/web\/wp-content\/uploads\/2025\/04\/PODQHAVGXFHMDOX537NUDEPZ3A-825x575.avif",825,575,true],"darknews-medium":["https:\/\/www.koncevisiontv.cl\/web\/wp-content\/uploads\/2025\/04\/PODQHAVGXFHMDOX537NUDEPZ3A-590x410.avif",590,410,true]},"author_info":{"info":["Web-Master"]},"category_info":"<a href=\"https:\/\/www.koncevisiontv.cl\/web\/category\/nacional\/\" rel=\"category tag\">Nacional<\/a>","tag_info":"Nacional","comment_count":"0","uagb_featured_image_src":{"full":["https:\/\/www.koncevisiontv.cl\/web\/wp-content\/uploads\/2025\/04\/PODQHAVGXFHMDOX537NUDEPZ3A.avif",1023,682,false],"thumbnail":["https:\/\/www.koncevisiontv.cl\/web\/wp-content\/uploads\/2025\/04\/PODQHAVGXFHMDOX537NUDEPZ3A-150x150.avif",150,150,true],"medium":["https:\/\/www.koncevisiontv.cl\/web\/wp-content\/uploads\/2025\/04\/PODQHAVGXFHMDOX537NUDEPZ3A-300x200.avif",300,200,true],"medium_large":["https:\/\/www.koncevisiontv.cl\/web\/wp-content\/uploads\/2025\/04\/PODQHAVGXFHMDOX537NUDEPZ3A-768x512.avif",640,427,true],"large":["https:\/\/www.koncevisiontv.cl\/web\/wp-content\/uploads\/2025\/04\/PODQHAVGXFHMDOX537NUDEPZ3A.avif",640,427,false],"1536x1536":["https:\/\/www.koncevisiontv.cl\/web\/wp-content\/uploads\/2025\/04\/PODQHAVGXFHMDOX537NUDEPZ3A.avif",1023,682,false],"2048x2048":["https:\/\/www.koncevisiontv.cl\/web\/wp-content\/uploads\/2025\/04\/PODQHAVGXFHMDOX537NUDEPZ3A.avif",1023,682,false],"darknews-featured":["https:\/\/www.koncevisiontv.cl\/web\/wp-content\/uploads\/2025\/04\/PODQHAVGXFHMDOX537NUDEPZ3A.avif",1023,682,false],"darknews-large":["https:\/\/www.koncevisiontv.cl\/web\/wp-content\/uploads\/2025\/04\/PODQHAVGXFHMDOX537NUDEPZ3A-825x575.avif",825,575,true],"darknews-medium":["https:\/\/www.koncevisiontv.cl\/web\/wp-content\/uploads\/2025\/04\/PODQHAVGXFHMDOX537NUDEPZ3A-590x410.avif",590,410,true]},"uagb_author_info":{"display_name":"Web-Master","author_link":"https:\/\/www.koncevisiontv.cl\/web\/author\/koncevision\/"},"uagb_comment_info":0,"uagb_excerpt":"Hombre ataca con lanzallamas artesanal a su pareja e hijos en La Reina: Un grave caso de violencia","_links":{"self":[{"href":"https:\/\/www.koncevisiontv.cl\/web\/wp-json\/wp\/v2\/posts\/7135","targetHints":{"allow":["GET"]}}],"collection":[{"href":"https:\/\/www.koncevisiontv.cl\/web\/wp-json\/wp\/v2\/posts"}],"about":[{"href":"https:\/\/www.koncevisiontv.cl\/web\/wp-json\/wp\/v2\/types\/post"}],"author":[{"embeddable":true,"href":"https:\/\/www.koncevisiontv.cl\/web\/wp-json\/wp\/v2\/users\/5"}],"replies":[{"embeddable":true,"href":"https:\/\/www.koncevisiontv.cl\/web\/wp-json\/wp\/v2\/comments?post=7135"}],"version-history":[{"count":1,"href":"https:\/\/www.koncevisiontv.cl\/web\/wp-json\/wp\/v2\/posts\/7135\/revisions"}],"predecessor-version":[{"id":7137,"href":"https:\/\/www.koncevisiontv.cl\/web\/wp-json\/wp\/v2\/posts\/7135\/revisions\/7137"}],"wp:featuredmedia":[{"embeddable":true,"href":"https:\/\/www.koncevisiontv.cl\/web\/wp-json\/wp\/v2\/media\/7136"}],"wp:attachment":[{"href":"https:\/\/www.koncevisiontv.cl\/web\/wp-json\/wp\/v2\/media?parent=7135"}],"wp:term":[{"taxonomy":"category","embeddable":true,"href":"https:\/\/www.koncevisiontv.cl\/web\/wp-json\/wp\/v2\/categories?post=7135"},{"taxonomy":"post_tag","embeddable":true,"href":"https:\/\/www.koncevisiontv.cl\/web\/wp-json\/wp\/v2\/tags?post=7135"}],"curies":[{"name":"wp","href":"https:\/\/api.w.org\/{rel}","templated":true}]}}