{"id":7138,"date":"2025-04-08T15:17:38","date_gmt":"2025-04-08T19:17:38","guid":{"rendered":"https:\/\/www.koncevisiontv.cl\/web\/?p=7138"},"modified":"2025-04-08T15:17:40","modified_gmt":"2025-04-08T19:17:40","slug":"estudiante-amenaza-tiroteo-uc-de-norte-antofagasta","status":"publish","type":"post","link":"https:\/\/www.koncevisiontv.cl\/web\/estudiante-amenaza-tiroteo-uc-de-norte-antofagasta\/","title":{"rendered":"Estudiante Amenaza Tiroteo UC del Norte Correos Revelados: Caso Conmociona a la Comunidad"},"content":{"rendered":"\n<p class=\"wp-block-paragraph\">Un <strong>estudiante amenaza tiroteo UC del Norte correos revelados <\/strong>, generando alarma en la comunidad educativa de Antofagasta. El joven, de 21 a\u00f1os y diagnosticado con TEA (Trastorno del Espectro Autista), fue formalizado tras enviar mensajes intimidatorios durante los d\u00edas 6 y 7 de abril.<\/p>\n\n\n\n<blockquote class=\"wp-block-quote is-layout-flow wp-block-quote-is-layout-flow\">\n<p class=\"wp-block-paragraph\"><strong>&#8220;Nunca quise llegar a este extremo, pero estoy harto de todos.&#8221;<\/strong><br>\u2014 Fragmento de uno de los correos enviados por el <strong>joven estudiante amenaza tiroteo Antofagasta <\/strong>.<\/p>\n<\/blockquote>\n\n\n\n<p class=\"wp-block-paragraph\">La investigaci\u00f3n fue liderada por la Unidad de Delitos Violentos de la Fiscal\u00eda de Antofagasta y Carabineros de OS9, quienes lograron identificar al imputado tras analizar los <strong>correos intimidatorios UC del Norte <\/strong>.<\/p>\n\n\n\n<hr class=\"wp-block-separator has-alpha-channel-opacity\"\/>\n\n\n\n<h4 class=\"wp-block-heading\"><strong>Los Correos Amenazantes<\/strong><\/h4>\n\n\n\n<p class=\"wp-block-paragraph\">En los mensajes, el <strong>estudiante TEA amenaza universidad <\/strong>advirti\u00f3 que realizar\u00eda un tiroteo si no se suspend\u00edan las clases. Uno de los correos dec\u00eda:<\/p>\n\n\n\n<ul class=\"wp-block-list\">\n<li><strong>Primer correo (6 de abril):<\/strong><strong>&#8220;Hola, les informo que estoy dispuesto a hacer un tiroteo en la universidad, suspendan las clases esta semana sino quieren cargar con la muerte de mucha gente. Soy estudiante, con condici\u00f3n TEA cansado de humillaci\u00f3n, de no recibir ayuda en esta instituci\u00f3n y estoy dispuesto, suspendan desde ma\u00f1ana clases o abrir\u00e9 fuego en cualquier momento, nunca quise llegar a este extremo pero estoy harto de todos, solo advierto una vez (SIC).&#8221;<\/strong><\/li>\n<\/ul>\n\n\n\n<p class=\"wp-block-paragraph\">El mensaje inclu\u00eda una fotograf\u00eda de una mano sosteniendo una pistola, lo que aument\u00f3 la preocupaci\u00f3n de las autoridades.<\/p>\n\n\n\n<p class=\"wp-block-paragraph\">M\u00e1s tarde, ese mismo d\u00eda, envi\u00f3 un segundo correo reiterando las amenazas y mencionando directamente a una docente de la universidad. Finalmente, el 7 de abril, emiti\u00f3 un tercer correo en los mismos t\u00e9rminos.<\/p>\n\n\n\n<hr class=\"wp-block-separator has-alpha-channel-opacity\"\/>\n\n\n\n<h4 class=\"wp-block-heading\"><strong>Detenci\u00f3n y Medidas Cautelares<\/strong><\/h4>\n\n\n\n<p class=\"wp-block-paragraph\">Tras su detenci\u00f3n, el <strong>joven estudiante amenaza tiroteo Antofagasta <\/strong>enfrent\u00f3 cargos por amenazas reiteradas y falso aviso de calamidad p\u00fablica. El Juzgado de Garant\u00eda impuso las siguientes <strong>medidas cautelares estudiante amenaza tiroteo <\/strong>:<\/p>\n\n\n\n<ul class=\"wp-block-list\">\n<li><strong>Arraigo nacional: <\/strong>Prohibici\u00f3n de salir del pa\u00eds.<\/li>\n\n\n\n<li><strong>Prohibici\u00f3n de comunicaci\u00f3n: <\/strong>No puede contactar a la UCN ni a la docente afectada.<\/li>\n\n\n\n<li><strong>Distancia m\u00ednima: <\/strong>Prohibici\u00f3n de acercarse a menos de 200 metros de la v\u00edctima y a menos de 500 metros del campus de la UCN.<\/li>\n\n\n\n<li><strong>Prohibici\u00f3n de armas: <\/strong>No puede poseer ni portar armas de fuego o municiones.<\/li>\n<\/ul>\n\n\n\n<p class=\"wp-block-paragraph\">El plazo de investigaci\u00f3n fue fijado en 60 d\u00edas.<\/p>\n\n\n\n<hr class=\"wp-block-separator has-alpha-channel-opacity\"\/>\n\n\n\n<h4 class=\"wp-block-heading\"><strong>Condici\u00f3n TEA y Contexto del Caso<\/strong><\/h4>\n\n\n\n<p class=\"wp-block-paragraph\">Durante la audiencia, se destac\u00f3 que el <strong>estudiante TEA amenaza universidad <\/strong>ha enfrentado situaciones de humillaci\u00f3n y falta de apoyo dentro de la instituci\u00f3n. Aunque esto no justifica sus acciones, pone de relieve la necesidad de mejorar los sistemas de apoyo emocional para estudiantes con condiciones especiales.<\/p>\n\n\n\n<blockquote class=\"wp-block-quote is-layout-flow wp-block-quote-is-layout-flow\">\n<p class=\"wp-block-paragraph\"><strong>&#8220;Soy estudiante, con condici\u00f3n TEA, cansado de humillaci\u00f3n, de no recibir ayuda en esta instituci\u00f3n.&#8221;<\/strong><br>\u2014 Extracto de los <strong>correos intimidatorios UC del Norte <\/strong>.<\/p>\n<\/blockquote>\n\n\n\n<p class=\"wp-block-paragraph\">Este caso ha generado debate sobre c\u00f3mo las universidades manejan las demandas de apoyo psicol\u00f3gico y acad\u00e9mico de sus estudiantes.<\/p>\n\n\n\n<hr class=\"wp-block-separator has-alpha-channel-opacity\"\/>\n\n\n\n<h4 class=\"wp-block-heading\"><strong>Llamado a la Acci\u00f3n<\/strong><\/h4>\n\n\n\n<p class=\"wp-block-paragraph\">Este incidente resalta la importancia de fortalecer los sistemas de apoyo en instituciones educativas para prevenir situaciones similares. Si conoces a alguien que pueda estar pasando por dificultades emocionales o acad\u00e9micas, no dudes en ofrecer ayuda o dirigirlo a los recursos adecuados<\/p>\n","protected":false},"excerpt":{"rendered":"<p>Un estudiante amenaza tiroteo UC del Norte correos revelados , generando alarma en la comunidad educativa de Antofagasta.<\/p>\n","protected":false},"author":5,"featured_media":7139,"comment_status":"open","ping_status":"open","sticky":false,"template":"","format":"standard","meta":{"_crdt_document":"","_uag_custom_page_level_css":"","_sitemap_exclude":false,"_sitemap_priority":"","_sitemap_frequency":"","_joinchat":[],"footnotes":""},"categories":[14],"tags":[],"class_list":["post-7138","post","type-post","status-publish","format-standard","has-post-thumbnail","hentry","category-nacional"],"featured_image_urls":{"full":["https:\/\/www.koncevisiontv.cl\/web\/wp-content\/uploads\/2025\/04\/XCDIKIDXYVBLPMIY6X2PVFQTFY.avif",1023,682,false],"thumbnail":["https:\/\/www.koncevisiontv.cl\/web\/wp-content\/uploads\/2025\/04\/XCDIKIDXYVBLPMIY6X2PVFQTFY-150x150.avif",150,150,true],"medium":["https:\/\/www.koncevisiontv.cl\/web\/wp-content\/uploads\/2025\/04\/XCDIKIDXYVBLPMIY6X2PVFQTFY-300x200.avif",300,200,true],"medium_large":["https:\/\/www.koncevisiontv.cl\/web\/wp-content\/uploads\/2025\/04\/XCDIKIDXYVBLPMIY6X2PVFQTFY-768x512.avif",640,427,true],"large":["https:\/\/www.koncevisiontv.cl\/web\/wp-content\/uploads\/2025\/04\/XCDIKIDXYVBLPMIY6X2PVFQTFY.avif",640,427,false],"1536x1536":["https:\/\/www.koncevisiontv.cl\/web\/wp-content\/uploads\/2025\/04\/XCDIKIDXYVBLPMIY6X2PVFQTFY.avif",1023,682,false],"2048x2048":["https:\/\/www.koncevisiontv.cl\/web\/wp-content\/uploads\/2025\/04\/XCDIKIDXYVBLPMIY6X2PVFQTFY.avif",1023,682,false],"darknews-featured":["https:\/\/www.koncevisiontv.cl\/web\/wp-content\/uploads\/2025\/04\/XCDIKIDXYVBLPMIY6X2PVFQTFY.avif",1023,682,false],"darknews-large":["https:\/\/www.koncevisiontv.cl\/web\/wp-content\/uploads\/2025\/04\/XCDIKIDXYVBLPMIY6X2PVFQTFY-825x575.avif",825,575,true],"darknews-medium":["https:\/\/www.koncevisiontv.cl\/web\/wp-content\/uploads\/2025\/04\/XCDIKIDXYVBLPMIY6X2PVFQTFY-590x410.avif",590,410,true]},"author_info":{"info":["Web-Master"]},"category_info":"<a href=\"https:\/\/www.koncevisiontv.cl\/web\/category\/nacional\/\" rel=\"category tag\">Nacional<\/a>","tag_info":"Nacional","comment_count":"0","uagb_featured_image_src":{"full":["https:\/\/www.koncevisiontv.cl\/web\/wp-content\/uploads\/2025\/04\/XCDIKIDXYVBLPMIY6X2PVFQTFY.avif",1023,682,false],"thumbnail":["https:\/\/www.koncevisiontv.cl\/web\/wp-content\/uploads\/2025\/04\/XCDIKIDXYVBLPMIY6X2PVFQTFY-150x150.avif",150,150,true],"medium":["https:\/\/www.koncevisiontv.cl\/web\/wp-content\/uploads\/2025\/04\/XCDIKIDXYVBLPMIY6X2PVFQTFY-300x200.avif",300,200,true],"medium_large":["https:\/\/www.koncevisiontv.cl\/web\/wp-content\/uploads\/2025\/04\/XCDIKIDXYVBLPMIY6X2PVFQTFY-768x512.avif",640,427,true],"large":["https:\/\/www.koncevisiontv.cl\/web\/wp-content\/uploads\/2025\/04\/XCDIKIDXYVBLPMIY6X2PVFQTFY.avif",640,427,false],"1536x1536":["https:\/\/www.koncevisiontv.cl\/web\/wp-content\/uploads\/2025\/04\/XCDIKIDXYVBLPMIY6X2PVFQTFY.avif",1023,682,false],"2048x2048":["https:\/\/www.koncevisiontv.cl\/web\/wp-content\/uploads\/2025\/04\/XCDIKIDXYVBLPMIY6X2PVFQTFY.avif",1023,682,false],"darknews-featured":["https:\/\/www.koncevisiontv.cl\/web\/wp-content\/uploads\/2025\/04\/XCDIKIDXYVBLPMIY6X2PVFQTFY.avif",1023,682,false],"darknews-large":["https:\/\/www.koncevisiontv.cl\/web\/wp-content\/uploads\/2025\/04\/XCDIKIDXYVBLPMIY6X2PVFQTFY-825x575.avif",825,575,true],"darknews-medium":["https:\/\/www.koncevisiontv.cl\/web\/wp-content\/uploads\/2025\/04\/XCDIKIDXYVBLPMIY6X2PVFQTFY-590x410.avif",590,410,true]},"uagb_author_info":{"display_name":"Web-Master","author_link":"https:\/\/www.koncevisiontv.cl\/web\/author\/koncevision\/"},"uagb_comment_info":0,"uagb_excerpt":"Un estudiante amenaza tiroteo UC del Norte correos revelados , generando alarma en la comunidad educativa de Antofagasta.","_links":{"self":[{"href":"https:\/\/www.koncevisiontv.cl\/web\/wp-json\/wp\/v2\/posts\/7138","targetHints":{"allow":["GET"]}}],"collection":[{"href":"https:\/\/www.koncevisiontv.cl\/web\/wp-json\/wp\/v2\/posts"}],"about":[{"href":"https:\/\/www.koncevisiontv.cl\/web\/wp-json\/wp\/v2\/types\/post"}],"author":[{"embeddable":true,"href":"https:\/\/www.koncevisiontv.cl\/web\/wp-json\/wp\/v2\/users\/5"}],"replies":[{"embeddable":true,"href":"https:\/\/www.koncevisiontv.cl\/web\/wp-json\/wp\/v2\/comments?post=7138"}],"version-history":[{"count":1,"href":"https:\/\/www.koncevisiontv.cl\/web\/wp-json\/wp\/v2\/posts\/7138\/revisions"}],"predecessor-version":[{"id":7140,"href":"https:\/\/www.koncevisiontv.cl\/web\/wp-json\/wp\/v2\/posts\/7138\/revisions\/7140"}],"wp:featuredmedia":[{"embeddable":true,"href":"https:\/\/www.koncevisiontv.cl\/web\/wp-json\/wp\/v2\/media\/7139"}],"wp:attachment":[{"href":"https:\/\/www.koncevisiontv.cl\/web\/wp-json\/wp\/v2\/media?parent=7138"}],"wp:term":[{"taxonomy":"category","embeddable":true,"href":"https:\/\/www.koncevisiontv.cl\/web\/wp-json\/wp\/v2\/categories?post=7138"},{"taxonomy":"post_tag","embeddable":true,"href":"https:\/\/www.koncevisiontv.cl\/web\/wp-json\/wp\/v2\/tags?post=7138"}],"curies":[{"name":"wp","href":"https:\/\/api.w.org\/{rel}","templated":true}]}}