{"id":7144,"date":"2025-04-08T15:40:10","date_gmt":"2025-04-08T19:40:10","guid":{"rendered":"https:\/\/www.koncevisiontv.cl\/web\/?p=7144"},"modified":"2025-04-08T15:45:42","modified_gmt":"2025-04-08T19:45:42","slug":"vocero-de-la-comunidad-haitiana-enfrenta-a-karim-bianchi-reunificacion-familiar","status":"publish","type":"post","link":"https:\/\/www.koncevisiontv.cl\/web\/vocero-de-la-comunidad-haitiana-enfrenta-a-karim-bianchi-reunificacion-familiar\/","title":{"rendered":"Vocero Haitianos Enfrenta a Karim Bianchi por Reunificaci\u00f3n Familiar: \u2018El Senador Se Asust\u00f3\u2019"},"content":{"rendered":"\n<div class=\"wp-block-group is-nowrap is-layout-flex wp-container-core-group-is-layout-8f761849 wp-block-group-is-layout-flex\">\n<p class=\"wp-block-paragraph\"> La pol\u00e9mica entre el senador Karim Bianchi y hait\u00ed ha escalado tras las declaraciones del Vocero de la comunidad haitiana en Chile <strong>William Pierre <\/strong>, quien sali\u00f3 en defensa de los inmigrantes y cuestion\u00f3 duramente al legislador. El debate surge luego de que Bianchi denunciara una supuesta \u201cmasiva llegada\u201d de haitianos al pa\u00eds bajo el argumento de <strong>reunificaci\u00f3n familiar <\/strong>.<\/p>\n<\/div>\n\n\n\n<blockquote class=\"wp-block-quote is-layout-flow wp-block-quote-is-layout-flow\">\n<p class=\"wp-block-paragraph\"><strong>\u201cYo creo que el senador se asust\u00f3 cuando entr\u00f3 al aeropuerto y vio a tanto haitiano.\u201d<\/strong><br>\u2014 William Pierre, vocero haitianos en Chile.<\/p>\n<\/blockquote>\n\n\n\n<p class=\"wp-block-paragraph\">Durante su intervenci\u00f3n en <em>Contigo en la Ma\u00f1ana <\/em>, Pierre critic\u00f3 las declaraciones del senador, se\u00f1alando que la situaci\u00f3n migratoria en Chile no es exclusiva de los haitianos, sino un problema estructural que afecta a m\u00faltiples nacionalidades.<\/p>\n\n\n\n<hr class=\"wp-block-separator has-alpha-channel-opacity\"\/>\n\n\n\n<h4 class=\"wp-block-heading\"><strong>El Argumento del Vocero Haitiano<\/strong><\/h4>\n\n\n\n<p class=\"wp-block-paragraph\">William Pierre, quien lleva 10 a\u00f1os viviendo en Chile, asegur\u00f3 que los haitianos no son los \u00fanicos responsables de los problemas migratorios en el pa\u00eds. Record\u00f3 que durante el gobierno anterior se permiti\u00f3 la entrada masiva de venezolanos y colombianos, quienes tambi\u00e9n enfrentaron desaf\u00edos similares.<\/p>\n\n\n\n<ul class=\"wp-block-list\">\n<li><strong>\u201cSon 182 mil personas las que tenemos y que est\u00e1n consumiendo a costillas m\u00eda y tuya, porque los parlamentarios tampoco le quieren dar visa. \u00bfQui\u00e9n hace m\u00e1s da\u00f1o al pa\u00eds?\u201d<\/strong>\u2014 William Pierre.<\/li>\n<\/ul>\n\n\n\n<p class=\"wp-block-paragraph\">Adem\u00e1s, destac\u00f3 que la comunidad haitiana busca soluciones humanitarias, como un retorno organizado para aquellos que no pueden integrarse plenamente en Chile. \u201cNosotros somos honestos, yo no quiero ver a mi gente durmiendo en las calles\u201d, afirm\u00f3.<\/p>\n\n\n\n<hr class=\"wp-block-separator has-alpha-channel-opacity\"\/>\n\n\n\n<h4 class=\"wp-block-heading\"><strong>La Respuesta del Senador Karim Bianchi<\/strong><\/h4>\n\n\n\n<p class=\"wp-block-paragraph\">Por su parte, el senador Karim Bianchi defendi\u00f3 su postura, asegurando que su preocupaci\u00f3n no radica en un rechazo personal hacia los haitianos, sino en la capacidad del pa\u00eds para abordar la crisis migratoria actual.<\/p>\n\n\n\n<blockquote class=\"wp-block-quote is-layout-flow wp-block-quote-is-layout-flow\">\n<p class=\"wp-block-paragraph\"><strong>\u201cNo es que me asuste ni tengo ning\u00fan problema, yo creo que hay que endurecer la ley.\u201d<\/strong><br>\u2014 Karim Bianchi, senador independiente.<\/p>\n<\/blockquote>\n\n\n\n<p class=\"wp-block-paragraph\">Bianchi argument\u00f3 que Chile enfrenta desaf\u00edos significativos en \u00e1reas como la escolaridad, salud y vivienda, y que los inmigrantes haitianos, en particular, no siempre cumplen con requisitos b\u00e1sicos como la vacunaci\u00f3n obligatoria. \u201cYo entiendo que buscan la oportunidad, pero hoy como pa\u00eds no podemos abordar nuestra propia situaci\u00f3n\u201d, a\u00f1adi\u00f3.<\/p>\n\n\n\n<hr class=\"wp-block-separator has-alpha-channel-opacity\"\/>\n\n\n\n<h4 class=\"wp-block-heading\"><strong>Contexto de la Pol\u00e9mica<\/strong><\/h4>\n\n\n\n<p class=\"wp-block-paragraph\">La discusi\u00f3n gira en torno a la figura de la <strong>reunificaci\u00f3n familiar <\/strong>, un mecanismo legal que permite a inmigrantes traer a sus familiares al pa\u00eds. Sin embargo, algunos sectores pol\u00edticos, como el representado por Bianchi, critican esta pr\u00e1ctica, argumentando que puede sobrecargar los sistemas p\u00fablicos.<\/p>\n\n\n\n<p class=\"wp-block-paragraph\">Por otro lado, Pierre enfatiz\u00f3 que la comunidad haitiana no busca privilegios, sino condiciones dignas para integrarse o retornar a su pa\u00eds. \u201cSer\u00eda vergonzoso para nuestra comunidad verlos pidiendo en las calles\u201d, concluy\u00f3.<\/p>\n\n\n\n<hr class=\"wp-block-separator has-alpha-channel-opacity\"\/>\n\n\n\n<h4 class=\"wp-block-heading\"><strong>Llamado a la Reflexi\u00f3n<\/strong><\/h4>\n\n\n\n<p class=\"wp-block-paragraph\">Este caso subraya la necesidad de abordar la migraci\u00f3n desde una perspectiva humanitaria y equilibrada. Si tienes una opini\u00f3n sobre este tema, comp\u00e1rtela en nuestras redes sociales. Juntos podemos construir un di\u00e1logo constructivo sobre c\u00f3mo gestionar la migraci\u00f3n en beneficio de todos.<\/p>\n","protected":false},"excerpt":{"rendered":"<p>La pol\u00e9mica entre el senador Karim Bianchi y hait\u00ed ha escalado tras las declaraciones del Vocero de la<\/p>\n","protected":false},"author":5,"featured_media":7145,"comment_status":"open","ping_status":"open","sticky":false,"template":"","format":"standard","meta":{"_crdt_document":"","_uag_custom_page_level_css":"","_sitemap_exclude":false,"_sitemap_priority":"","_sitemap_frequency":"","_joinchat":[],"footnotes":""},"categories":[14],"tags":[],"class_list":["post-7144","post","type-post","status-publish","format-standard","has-post-thumbnail","hentry","category-nacional"],"featured_image_urls":{"full":["https:\/\/www.koncevisiontv.cl\/web\/wp-content\/uploads\/2025\/04\/D4VLKIAHRZAD7I6O72ICYJHGBY.avif",1023,682,false],"thumbnail":["https:\/\/www.koncevisiontv.cl\/web\/wp-content\/uploads\/2025\/04\/D4VLKIAHRZAD7I6O72ICYJHGBY-150x150.avif",150,150,true],"medium":["https:\/\/www.koncevisiontv.cl\/web\/wp-content\/uploads\/2025\/04\/D4VLKIAHRZAD7I6O72ICYJHGBY-300x200.avif",300,200,true],"medium_large":["https:\/\/www.koncevisiontv.cl\/web\/wp-content\/uploads\/2025\/04\/D4VLKIAHRZAD7I6O72ICYJHGBY-768x512.avif",640,427,true],"large":["https:\/\/www.koncevisiontv.cl\/web\/wp-content\/uploads\/2025\/04\/D4VLKIAHRZAD7I6O72ICYJHGBY.avif",640,427,false],"1536x1536":["https:\/\/www.koncevisiontv.cl\/web\/wp-content\/uploads\/2025\/04\/D4VLKIAHRZAD7I6O72ICYJHGBY.avif",1023,682,false],"2048x2048":["https:\/\/www.koncevisiontv.cl\/web\/wp-content\/uploads\/2025\/04\/D4VLKIAHRZAD7I6O72ICYJHGBY.avif",1023,682,false],"darknews-featured":["https:\/\/www.koncevisiontv.cl\/web\/wp-content\/uploads\/2025\/04\/D4VLKIAHRZAD7I6O72ICYJHGBY.avif",1023,682,false],"darknews-large":["https:\/\/www.koncevisiontv.cl\/web\/wp-content\/uploads\/2025\/04\/D4VLKIAHRZAD7I6O72ICYJHGBY-825x575.avif",825,575,true],"darknews-medium":["https:\/\/www.koncevisiontv.cl\/web\/wp-content\/uploads\/2025\/04\/D4VLKIAHRZAD7I6O72ICYJHGBY-590x410.avif",590,410,true]},"author_info":{"info":["Web-Master"]},"category_info":"<a href=\"https:\/\/www.koncevisiontv.cl\/web\/category\/nacional\/\" rel=\"category tag\">Nacional<\/a>","tag_info":"Nacional","comment_count":"0","uagb_featured_image_src":{"full":["https:\/\/www.koncevisiontv.cl\/web\/wp-content\/uploads\/2025\/04\/D4VLKIAHRZAD7I6O72ICYJHGBY.avif",1023,682,false],"thumbnail":["https:\/\/www.koncevisiontv.cl\/web\/wp-content\/uploads\/2025\/04\/D4VLKIAHRZAD7I6O72ICYJHGBY-150x150.avif",150,150,true],"medium":["https:\/\/www.koncevisiontv.cl\/web\/wp-content\/uploads\/2025\/04\/D4VLKIAHRZAD7I6O72ICYJHGBY-300x200.avif",300,200,true],"medium_large":["https:\/\/www.koncevisiontv.cl\/web\/wp-content\/uploads\/2025\/04\/D4VLKIAHRZAD7I6O72ICYJHGBY-768x512.avif",640,427,true],"large":["https:\/\/www.koncevisiontv.cl\/web\/wp-content\/uploads\/2025\/04\/D4VLKIAHRZAD7I6O72ICYJHGBY.avif",640,427,false],"1536x1536":["https:\/\/www.koncevisiontv.cl\/web\/wp-content\/uploads\/2025\/04\/D4VLKIAHRZAD7I6O72ICYJHGBY.avif",1023,682,false],"2048x2048":["https:\/\/www.koncevisiontv.cl\/web\/wp-content\/uploads\/2025\/04\/D4VLKIAHRZAD7I6O72ICYJHGBY.avif",1023,682,false],"darknews-featured":["https:\/\/www.koncevisiontv.cl\/web\/wp-content\/uploads\/2025\/04\/D4VLKIAHRZAD7I6O72ICYJHGBY.avif",1023,682,false],"darknews-large":["https:\/\/www.koncevisiontv.cl\/web\/wp-content\/uploads\/2025\/04\/D4VLKIAHRZAD7I6O72ICYJHGBY-825x575.avif",825,575,true],"darknews-medium":["https:\/\/www.koncevisiontv.cl\/web\/wp-content\/uploads\/2025\/04\/D4VLKIAHRZAD7I6O72ICYJHGBY-590x410.avif",590,410,true]},"uagb_author_info":{"display_name":"Web-Master","author_link":"https:\/\/www.koncevisiontv.cl\/web\/author\/koncevision\/"},"uagb_comment_info":0,"uagb_excerpt":"La pol\u00e9mica entre el senador Karim Bianchi y hait\u00ed ha escalado tras las declaraciones del Vocero de la","_links":{"self":[{"href":"https:\/\/www.koncevisiontv.cl\/web\/wp-json\/wp\/v2\/posts\/7144","targetHints":{"allow":["GET"]}}],"collection":[{"href":"https:\/\/www.koncevisiontv.cl\/web\/wp-json\/wp\/v2\/posts"}],"about":[{"href":"https:\/\/www.koncevisiontv.cl\/web\/wp-json\/wp\/v2\/types\/post"}],"author":[{"embeddable":true,"href":"https:\/\/www.koncevisiontv.cl\/web\/wp-json\/wp\/v2\/users\/5"}],"replies":[{"embeddable":true,"href":"https:\/\/www.koncevisiontv.cl\/web\/wp-json\/wp\/v2\/comments?post=7144"}],"version-history":[{"count":3,"href":"https:\/\/www.koncevisiontv.cl\/web\/wp-json\/wp\/v2\/posts\/7144\/revisions"}],"predecessor-version":[{"id":7150,"href":"https:\/\/www.koncevisiontv.cl\/web\/wp-json\/wp\/v2\/posts\/7144\/revisions\/7150"}],"wp:featuredmedia":[{"embeddable":true,"href":"https:\/\/www.koncevisiontv.cl\/web\/wp-json\/wp\/v2\/media\/7145"}],"wp:attachment":[{"href":"https:\/\/www.koncevisiontv.cl\/web\/wp-json\/wp\/v2\/media?parent=7144"}],"wp:term":[{"taxonomy":"category","embeddable":true,"href":"https:\/\/www.koncevisiontv.cl\/web\/wp-json\/wp\/v2\/categories?post=7144"},{"taxonomy":"post_tag","embeddable":true,"href":"https:\/\/www.koncevisiontv.cl\/web\/wp-json\/wp\/v2\/tags?post=7144"}],"curies":[{"name":"wp","href":"https:\/\/api.w.org\/{rel}","templated":true}]}}