{"id":7151,"date":"2025-04-08T15:56:38","date_gmt":"2025-04-08T19:56:38","guid":{"rendered":"https:\/\/www.koncevisiontv.cl\/web\/?p=7151"},"modified":"2025-04-08T15:56:41","modified_gmt":"2025-04-08T19:56:41","slug":"jeannette-jara-candidatura-presidencial-con-los-pies-en-la-tierra-vamos-por-el-triunfo","status":"publish","type":"post","link":"https:\/\/www.koncevisiontv.cl\/web\/jeannette-jara-candidatura-presidencial-con-los-pies-en-la-tierra-vamos-por-el-triunfo\/","title":{"rendered":"Jeannette Jara Candidatura Presidencial: \u2018Con los Pies en la Tierra, Vamos por el Triunfo\u2019"},"content":{"rendered":"\n<p class=\"wp-block-paragraph\">La exministra del Trabajo, <strong>Jeannette Jara <\/strong>, ha dado el primer paso en su <strong>candidatura presidencial <\/strong>con un discurso cargado de esperanza y determinaci\u00f3n. Durante su primera actividad oficial, Jara dej\u00f3 claro que su propuesta no se basar\u00e1 en promesas vac\u00edas, sino en un compromiso real con el <strong>Chile real <\/strong>.<\/p>\n\n\n\n<blockquote class=\"wp-block-quote is-layout-flow wp-block-quote-is-layout-flow\">\n<p class=\"wp-block-paragraph\"><strong>\u201cCon los pies en la tierra y la mirada puesta en el futuro, iniciamos este camino.\u201d<\/strong><br>\u2014 Jeannette Jara, exministra y candidata presidencial.<\/p>\n<\/blockquote>\n\n\n\n<p class=\"wp-block-paragraph\">Ante una multitud entusiasta que coreaba \u201c\u00a1Se siente con fuerza, Jeannette Presidenta!\u201d, la exsecretaria de Estado destac\u00f3 que su propuesta nace desde la experiencia vivida en carne propia: \u201cNo soy de esas personas que nacieron en la elite. Vengo de una familia de esfuerzo y s\u00e9 lo que significa que el sueldo no alcance\u201d.<\/p>\n\n\n\n<hr class=\"wp-block-separator has-alpha-channel-opacity\"\/>\n\n\n\n<h4 class=\"wp-block-heading\"><strong>Un Compromiso con el Chile Real<\/strong><\/h4>\n\n\n\n<p class=\"wp-block-paragraph\">Jara enfatiz\u00f3 que su candidatura no buscar\u00e1 soluciones m\u00e1gicas, sino construir un pa\u00eds donde el esfuerzo tenga recompensa justa.<\/p>\n\n\n\n<ul class=\"wp-block-list\">\n<li><strong>\u201cS\u00e9 todo lo que significa organizarse, luchar y lograr avances.\u201d<\/strong>\u2014 Jeannette Jara.<\/li>\n<\/ul>\n\n\n\n<p class=\"wp-block-paragraph\">Entre aplausos, afirm\u00f3 que <strong>\u201cChile necesita un Estado presente, justo y eficiente\u201d <\/strong>, subrayando la necesidad de garantizar derechos universales como salud, educaci\u00f3n y pensiones dignas. Tambi\u00e9n destac\u00f3 la importancia del di\u00e1logo y las transformaciones duraderas.<\/p>\n\n\n\n<blockquote class=\"wp-block-quote is-layout-flow wp-block-quote-is-layout-flow\">\n<p class=\"wp-block-paragraph\"><strong>\u201cLe vamos a poner alegr\u00eda, m\u00fasica y amor en las luchas por un pa\u00eds mejor.\u201d<\/strong><\/p>\n<\/blockquote>\n\n\n\n<hr class=\"wp-block-separator has-alpha-channel-opacity\"\/>\n\n\n\n<h4 class=\"wp-block-heading\"><strong>Homenaje a Salvador Allende<\/strong><\/h4>\n\n\n\n<p class=\"wp-block-paragraph\">La exministra rindi\u00f3 un emocionante homenaje a Salvador Allende, quien seg\u00fan ella, representa la inspiraci\u00f3n detr\u00e1s de su proyecto pol\u00edtico.<\/p>\n\n\n\n<blockquote class=\"wp-block-quote is-layout-flow wp-block-quote-is-layout-flow\">\n<p class=\"wp-block-paragraph\"><strong>\u201cNunca nadie lograr\u00e1 mancillar su memoria. Salvador Allende vive en la memoria del pueblo chileno.\u201d<\/strong><\/p>\n<\/blockquote>\n\n\n\n<p class=\"wp-block-paragraph\">Con estas palabras, cerr\u00f3 su discurso con un llamado a la unidad y la acci\u00f3n: <strong>\u201c\u00a1Que viva Chile, que viva el pueblo, que vivan los trabajadores! \u00a1Con los pies en la tierra, vamos por el triunfo!\u201d <\/strong>.<\/p>\n\n\n\n<hr class=\"wp-block-separator has-alpha-channel-opacity\"\/>\n\n\n\n<h4 class=\"wp-block-heading\"><strong>Primarias y Competencia Pol\u00edtica<\/strong><\/h4>\n\n\n\n<p class=\"wp-block-paragraph\">Durante la actividad, Jara celebr\u00f3 la realizaci\u00f3n de primarias y expres\u00f3 su disposici\u00f3n a competir con otros nombres destacados, como Gonzalo Winter (FA), Carolina Toh\u00e1 (PPD), Vlado Mirosevic (PL), Jaime Mulet (FRVS) y Alberto Undurraga (DC). Su mensaje fue claro: la diversidad pol\u00edtica enriquece el proceso democr\u00e1tico.<\/p>\n\n\n\n<p class=\"wp-block-paragraph\"><\/p>\n","protected":false},"excerpt":{"rendered":"<p>La exministra del Trabajo, Jeannette Jara , ha dado el primer paso en su candidatura presidencial con un<\/p>\n","protected":false},"author":5,"featured_media":7152,"comment_status":"open","ping_status":"open","sticky":false,"template":"","format":"standard","meta":{"_crdt_document":"","_uag_custom_page_level_css":"","_sitemap_exclude":false,"_sitemap_priority":"","_sitemap_frequency":"","_joinchat":[],"footnotes":""},"categories":[14],"tags":[],"class_list":["post-7151","post","type-post","status-publish","format-standard","has-post-thumbnail","hentry","category-nacional"],"featured_image_urls":{"full":["https:\/\/www.koncevisiontv.cl\/web\/wp-content\/uploads\/2025\/04\/MEQFOTW5GNHNXBEBZZYGOBX7C4.avif",690,502,false],"thumbnail":["https:\/\/www.koncevisiontv.cl\/web\/wp-content\/uploads\/2025\/04\/MEQFOTW5GNHNXBEBZZYGOBX7C4-150x150.avif",150,150,true],"medium":["https:\/\/www.koncevisiontv.cl\/web\/wp-content\/uploads\/2025\/04\/MEQFOTW5GNHNXBEBZZYGOBX7C4-300x218.avif",300,218,true],"medium_large":["https:\/\/www.koncevisiontv.cl\/web\/wp-content\/uploads\/2025\/04\/MEQFOTW5GNHNXBEBZZYGOBX7C4.avif",640,466,false],"large":["https:\/\/www.koncevisiontv.cl\/web\/wp-content\/uploads\/2025\/04\/MEQFOTW5GNHNXBEBZZYGOBX7C4.avif",640,466,false],"1536x1536":["https:\/\/www.koncevisiontv.cl\/web\/wp-content\/uploads\/2025\/04\/MEQFOTW5GNHNXBEBZZYGOBX7C4.avif",690,502,false],"2048x2048":["https:\/\/www.koncevisiontv.cl\/web\/wp-content\/uploads\/2025\/04\/MEQFOTW5GNHNXBEBZZYGOBX7C4.avif",690,502,false],"darknews-featured":["https:\/\/www.koncevisiontv.cl\/web\/wp-content\/uploads\/2025\/04\/MEQFOTW5GNHNXBEBZZYGOBX7C4.avif",690,502,false],"darknews-large":["https:\/\/www.koncevisiontv.cl\/web\/wp-content\/uploads\/2025\/04\/MEQFOTW5GNHNXBEBZZYGOBX7C4.avif",690,502,false],"darknews-medium":["https:\/\/www.koncevisiontv.cl\/web\/wp-content\/uploads\/2025\/04\/MEQFOTW5GNHNXBEBZZYGOBX7C4-590x410.avif",590,410,true]},"author_info":{"info":["Web-Master"]},"category_info":"<a href=\"https:\/\/www.koncevisiontv.cl\/web\/category\/nacional\/\" rel=\"category tag\">Nacional<\/a>","tag_info":"Nacional","comment_count":"0","uagb_featured_image_src":{"full":["https:\/\/www.koncevisiontv.cl\/web\/wp-content\/uploads\/2025\/04\/MEQFOTW5GNHNXBEBZZYGOBX7C4.avif",690,502,false],"thumbnail":["https:\/\/www.koncevisiontv.cl\/web\/wp-content\/uploads\/2025\/04\/MEQFOTW5GNHNXBEBZZYGOBX7C4-150x150.avif",150,150,true],"medium":["https:\/\/www.koncevisiontv.cl\/web\/wp-content\/uploads\/2025\/04\/MEQFOTW5GNHNXBEBZZYGOBX7C4-300x218.avif",300,218,true],"medium_large":["https:\/\/www.koncevisiontv.cl\/web\/wp-content\/uploads\/2025\/04\/MEQFOTW5GNHNXBEBZZYGOBX7C4.avif",640,466,false],"large":["https:\/\/www.koncevisiontv.cl\/web\/wp-content\/uploads\/2025\/04\/MEQFOTW5GNHNXBEBZZYGOBX7C4.avif",640,466,false],"1536x1536":["https:\/\/www.koncevisiontv.cl\/web\/wp-content\/uploads\/2025\/04\/MEQFOTW5GNHNXBEBZZYGOBX7C4.avif",690,502,false],"2048x2048":["https:\/\/www.koncevisiontv.cl\/web\/wp-content\/uploads\/2025\/04\/MEQFOTW5GNHNXBEBZZYGOBX7C4.avif",690,502,false],"darknews-featured":["https:\/\/www.koncevisiontv.cl\/web\/wp-content\/uploads\/2025\/04\/MEQFOTW5GNHNXBEBZZYGOBX7C4.avif",690,502,false],"darknews-large":["https:\/\/www.koncevisiontv.cl\/web\/wp-content\/uploads\/2025\/04\/MEQFOTW5GNHNXBEBZZYGOBX7C4.avif",690,502,false],"darknews-medium":["https:\/\/www.koncevisiontv.cl\/web\/wp-content\/uploads\/2025\/04\/MEQFOTW5GNHNXBEBZZYGOBX7C4-590x410.avif",590,410,true]},"uagb_author_info":{"display_name":"Web-Master","author_link":"https:\/\/www.koncevisiontv.cl\/web\/author\/koncevision\/"},"uagb_comment_info":0,"uagb_excerpt":"La exministra del Trabajo, Jeannette Jara , ha dado el primer paso en su candidatura presidencial con un","_links":{"self":[{"href":"https:\/\/www.koncevisiontv.cl\/web\/wp-json\/wp\/v2\/posts\/7151","targetHints":{"allow":["GET"]}}],"collection":[{"href":"https:\/\/www.koncevisiontv.cl\/web\/wp-json\/wp\/v2\/posts"}],"about":[{"href":"https:\/\/www.koncevisiontv.cl\/web\/wp-json\/wp\/v2\/types\/post"}],"author":[{"embeddable":true,"href":"https:\/\/www.koncevisiontv.cl\/web\/wp-json\/wp\/v2\/users\/5"}],"replies":[{"embeddable":true,"href":"https:\/\/www.koncevisiontv.cl\/web\/wp-json\/wp\/v2\/comments?post=7151"}],"version-history":[{"count":1,"href":"https:\/\/www.koncevisiontv.cl\/web\/wp-json\/wp\/v2\/posts\/7151\/revisions"}],"predecessor-version":[{"id":7153,"href":"https:\/\/www.koncevisiontv.cl\/web\/wp-json\/wp\/v2\/posts\/7151\/revisions\/7153"}],"wp:featuredmedia":[{"embeddable":true,"href":"https:\/\/www.koncevisiontv.cl\/web\/wp-json\/wp\/v2\/media\/7152"}],"wp:attachment":[{"href":"https:\/\/www.koncevisiontv.cl\/web\/wp-json\/wp\/v2\/media?parent=7151"}],"wp:term":[{"taxonomy":"category","embeddable":true,"href":"https:\/\/www.koncevisiontv.cl\/web\/wp-json\/wp\/v2\/categories?post=7151"},{"taxonomy":"post_tag","embeddable":true,"href":"https:\/\/www.koncevisiontv.cl\/web\/wp-json\/wp\/v2\/tags?post=7151"}],"curies":[{"name":"wp","href":"https:\/\/api.w.org\/{rel}","templated":true}]}}