{"id":7154,"date":"2025-04-08T16:26:36","date_gmt":"2025-04-08T20:26:36","guid":{"rendered":"https:\/\/www.koncevisiontv.cl\/web\/?p=7154"},"modified":"2025-04-08T16:26:39","modified_gmt":"2025-04-08T20:26:39","slug":"matthei-critica-gobierno-por-compra-de-casa-allende","status":"publish","type":"post","link":"https:\/\/www.koncevisiontv.cl\/web\/matthei-critica-gobierno-por-compra-de-casa-allende\/","title":{"rendered":"Matthei Critica Gobierno por Compra de Casa Allende: \u2018El Presidente Sab\u00eda\u2019"},"content":{"rendered":"\n<div class=\"wp-block-uagb-advanced-heading uagb-block-2327f4cc\"><h2 class=\"uagb-heading-text\">Matthei Critica Gobierno por Compra de Casa Allende<\/h2><\/div>\n\n\n\n<p class=\"wp-block-paragraph\">La candidata presidencial de Chile Vamos, <strong>Evelyn Matthei <\/strong>, no se guard\u00f3 nada al criticar al gobierno por la pol\u00e9mica compra de la casa del expresidente Salvador Allende. Seg\u00fan Matthei, esta decisi\u00f3n no solo fue un error administrativo, sino que tambi\u00e9n evidencia una falta de transparencia generalizada.<\/p>\n\n\n\n<blockquote class=\"wp-block-quote is-layout-flow wp-block-quote-is-layout-flow\">\n<p class=\"wp-block-paragraph\"><strong>\u201cNo hab\u00eda nadie que no supiera, no se necesita ser abogado para saber. Lo sab\u00edan todos los ministros que intervinieron, lo sab\u00eda el Presidente, lo sab\u00edan todos.\u201d<\/strong><br>\u2014 Evelyn Matthei, candidata presidencial.<\/p>\n<\/blockquote>\n\n\n\n<p class=\"wp-block-paragraph\">La exalcaldesa de Providencia lanz\u00f3 estas declaraciones tras el respaldo que recibi\u00f3 Francisca Moya, jefa de la Divisi\u00f3n Jur\u00eddica Legislativa de la Segpres, a pesar de que es se\u00f1alada por no advertir la inhabilidad legal en la compra. Para Matthei, este caso refleja una tendencia preocupante de buscar culpables entre los menos poderosos mientras se protege a quienes ocupan los cargos m\u00e1s altos.<\/p>\n\n\n\n<hr class=\"wp-block-separator has-alpha-channel-opacity\"\/>\n\n\n\n<h4 class=\"wp-block-heading\"><strong>La Cr\u00edtica de Matthei: \u2018\u00bfPor qu\u00e9 siempre queremos que el hilo se corte por lo m\u00e1s delgado?\u2019<\/strong><\/h4>\n\n\n\n<p class=\"wp-block-paragraph\">Durante su intervenci\u00f3n, Matthei cuestion\u00f3 con dureza la actitud del gobierno frente a la pol\u00e9mica. Seg\u00fan ella, la inhabilidad era evidente y no requer\u00eda conocimientos especializados para detectarla.<\/p>\n\n\n\n<ul class=\"wp-block-list\">\n<li><strong>\u201cEs una de las muy pocas inhabilidades que tienen los ministros, los diputados y senadores. Entonces s\u00ed, ella deb\u00eda haber avisado, pero no seamos cara dura.\u201d<\/strong>\u2014 Evelyn Matthei.<\/li>\n<\/ul>\n\n\n\n<p class=\"wp-block-paragraph\">La candidata destac\u00f3 que este caso no puede atribuirse \u00fanicamente a errores individuales, sino que debe verse como un problema de liderazgo. <strong>\u201cAqu\u00ed hay mucha responsabilidad y la responsabilidad parte tambi\u00e9n por el Presidente de la Rep\u00fablica,\u201d <\/strong>afirm\u00f3.<\/p>\n\n\n\n<hr class=\"wp-block-separator has-alpha-channel-opacity\"\/>\n\n\n\n<h4 class=\"wp-block-heading\"><strong>Contexto de la Pol\u00e9mica<\/strong><\/h4>\n\n\n\n<p class=\"wp-block-paragraph\">La controversia surge tras la compra de la casa hist\u00f3rica de Salvador Allende, donde se detect\u00f3 que exist\u00edan inhabilidades legales que no fueron consideradas durante el proceso. Aunque Francisca Moya ha sido se\u00f1alada como responsable directa, Matthei insiste en que la responsabilidad debe extenderse a todo el gobierno.<\/p>\n\n\n\n<blockquote class=\"wp-block-quote is-layout-flow wp-block-quote-is-layout-flow\">\n<p class=\"wp-block-paragraph\"><strong>\u201cNo se puede pretender que el error sea solo de una persona cuando todos sab\u00edan lo que estaba ocurriendo.\u201d<\/strong><\/p>\n<\/blockquote>\n\n\n\n<p class=\"wp-block-paragraph\">Para la candidata, este episodio es un ejemplo claro de c\u00f3mo el gobierno prioriza la protecci\u00f3n de sus figuras m\u00e1s importantes en lugar de asumir responsabilidades colectivas.<\/p>\n\n\n\n<hr class=\"wp-block-separator has-alpha-channel-opacity\"\/>\n\n\n\n<h4 class=\"wp-block-heading\"><strong>Un Llamado a la Transparencia<\/strong><\/h4>\n\n\n\n<p class=\"wp-block-paragraph\">Matthei aprovech\u00f3 la ocasi\u00f3n para hacer un llamado a la transparencia y la rendici\u00f3n de cuentas. Seg\u00fan ella, los chilenos merecen un gobierno que act\u00fae con claridad y \u00e9tica, especialmente en temas tan sensibles como el patrimonio hist\u00f3rico del pa\u00eds.<\/p>\n\n\n\n<blockquote class=\"wp-block-quote is-layout-flow wp-block-quote-is-layout-flow\">\n<p class=\"wp-block-paragraph\"><strong>\u201cSi queremos construir un pa\u00eds mejor, necesitamos l\u00edderes que asuman sus errores y no busquen excusas para justificarlos.\u201d<\/strong><\/p>\n<\/blockquote>\n\n\n\n<hr class=\"wp-block-separator has-alpha-channel-opacity\"\/>\n\n\n\n<h4 class=\"wp-block-heading\"><strong>Llamado a la Reflexi\u00f3n<\/strong><\/h4>\n\n\n\n<p class=\"wp-block-paragraph\">Este caso subraya la importancia de exigir transparencia y responsabilidad en la gesti\u00f3n p\u00fablica. Si tienes una opini\u00f3n sobre este tema, comp\u00e1rtela en nuestras redes sociales. Juntos podemos construir un di\u00e1logo constructivo sobre c\u00f3mo mejorar la pol\u00edtica en Chile.<\/p>\n","protected":false},"excerpt":{"rendered":"<p>Matthei Critica Gobierno por Compra de Casa Allende La candidata presidencial de Chile Vamos, Evelyn Matthei , no<\/p>\n","protected":false},"author":5,"featured_media":7155,"comment_status":"open","ping_status":"open","sticky":false,"template":"","format":"standard","meta":{"_crdt_document":"","_uag_custom_page_level_css":"","_sitemap_exclude":false,"_sitemap_priority":"","_sitemap_frequency":"","_joinchat":[],"footnotes":""},"categories":[14],"tags":[],"class_list":["post-7154","post","type-post","status-publish","format-standard","has-post-thumbnail","hentry","category-nacional"],"featured_image_urls":{"full":["https:\/\/www.koncevisiontv.cl\/web\/wp-content\/uploads\/2025\/04\/DEZYOWJ3GRDBVI3UWUZ5TNQQMA.avif",1023,682,false],"thumbnail":["https:\/\/www.koncevisiontv.cl\/web\/wp-content\/uploads\/2025\/04\/DEZYOWJ3GRDBVI3UWUZ5TNQQMA-150x150.avif",150,150,true],"medium":["https:\/\/www.koncevisiontv.cl\/web\/wp-content\/uploads\/2025\/04\/DEZYOWJ3GRDBVI3UWUZ5TNQQMA-300x200.avif",300,200,true],"medium_large":["https:\/\/www.koncevisiontv.cl\/web\/wp-content\/uploads\/2025\/04\/DEZYOWJ3GRDBVI3UWUZ5TNQQMA-768x512.avif",640,427,true],"large":["https:\/\/www.koncevisiontv.cl\/web\/wp-content\/uploads\/2025\/04\/DEZYOWJ3GRDBVI3UWUZ5TNQQMA.avif",640,427,false],"1536x1536":["https:\/\/www.koncevisiontv.cl\/web\/wp-content\/uploads\/2025\/04\/DEZYOWJ3GRDBVI3UWUZ5TNQQMA.avif",1023,682,false],"2048x2048":["https:\/\/www.koncevisiontv.cl\/web\/wp-content\/uploads\/2025\/04\/DEZYOWJ3GRDBVI3UWUZ5TNQQMA.avif",1023,682,false],"darknews-featured":["https:\/\/www.koncevisiontv.cl\/web\/wp-content\/uploads\/2025\/04\/DEZYOWJ3GRDBVI3UWUZ5TNQQMA.avif",1023,682,false],"darknews-large":["https:\/\/www.koncevisiontv.cl\/web\/wp-content\/uploads\/2025\/04\/DEZYOWJ3GRDBVI3UWUZ5TNQQMA-825x575.avif",825,575,true],"darknews-medium":["https:\/\/www.koncevisiontv.cl\/web\/wp-content\/uploads\/2025\/04\/DEZYOWJ3GRDBVI3UWUZ5TNQQMA-590x410.avif",590,410,true]},"author_info":{"info":["Web-Master"]},"category_info":"<a href=\"https:\/\/www.koncevisiontv.cl\/web\/category\/nacional\/\" rel=\"category tag\">Nacional<\/a>","tag_info":"Nacional","comment_count":"0","uagb_featured_image_src":{"full":["https:\/\/www.koncevisiontv.cl\/web\/wp-content\/uploads\/2025\/04\/DEZYOWJ3GRDBVI3UWUZ5TNQQMA.avif",1023,682,false],"thumbnail":["https:\/\/www.koncevisiontv.cl\/web\/wp-content\/uploads\/2025\/04\/DEZYOWJ3GRDBVI3UWUZ5TNQQMA-150x150.avif",150,150,true],"medium":["https:\/\/www.koncevisiontv.cl\/web\/wp-content\/uploads\/2025\/04\/DEZYOWJ3GRDBVI3UWUZ5TNQQMA-300x200.avif",300,200,true],"medium_large":["https:\/\/www.koncevisiontv.cl\/web\/wp-content\/uploads\/2025\/04\/DEZYOWJ3GRDBVI3UWUZ5TNQQMA-768x512.avif",640,427,true],"large":["https:\/\/www.koncevisiontv.cl\/web\/wp-content\/uploads\/2025\/04\/DEZYOWJ3GRDBVI3UWUZ5TNQQMA.avif",640,427,false],"1536x1536":["https:\/\/www.koncevisiontv.cl\/web\/wp-content\/uploads\/2025\/04\/DEZYOWJ3GRDBVI3UWUZ5TNQQMA.avif",1023,682,false],"2048x2048":["https:\/\/www.koncevisiontv.cl\/web\/wp-content\/uploads\/2025\/04\/DEZYOWJ3GRDBVI3UWUZ5TNQQMA.avif",1023,682,false],"darknews-featured":["https:\/\/www.koncevisiontv.cl\/web\/wp-content\/uploads\/2025\/04\/DEZYOWJ3GRDBVI3UWUZ5TNQQMA.avif",1023,682,false],"darknews-large":["https:\/\/www.koncevisiontv.cl\/web\/wp-content\/uploads\/2025\/04\/DEZYOWJ3GRDBVI3UWUZ5TNQQMA-825x575.avif",825,575,true],"darknews-medium":["https:\/\/www.koncevisiontv.cl\/web\/wp-content\/uploads\/2025\/04\/DEZYOWJ3GRDBVI3UWUZ5TNQQMA-590x410.avif",590,410,true]},"uagb_author_info":{"display_name":"Web-Master","author_link":"https:\/\/www.koncevisiontv.cl\/web\/author\/koncevision\/"},"uagb_comment_info":0,"uagb_excerpt":"Matthei Critica Gobierno por Compra de Casa Allende La candidata presidencial de Chile Vamos, Evelyn Matthei , no","_links":{"self":[{"href":"https:\/\/www.koncevisiontv.cl\/web\/wp-json\/wp\/v2\/posts\/7154","targetHints":{"allow":["GET"]}}],"collection":[{"href":"https:\/\/www.koncevisiontv.cl\/web\/wp-json\/wp\/v2\/posts"}],"about":[{"href":"https:\/\/www.koncevisiontv.cl\/web\/wp-json\/wp\/v2\/types\/post"}],"author":[{"embeddable":true,"href":"https:\/\/www.koncevisiontv.cl\/web\/wp-json\/wp\/v2\/users\/5"}],"replies":[{"embeddable":true,"href":"https:\/\/www.koncevisiontv.cl\/web\/wp-json\/wp\/v2\/comments?post=7154"}],"version-history":[{"count":1,"href":"https:\/\/www.koncevisiontv.cl\/web\/wp-json\/wp\/v2\/posts\/7154\/revisions"}],"predecessor-version":[{"id":7156,"href":"https:\/\/www.koncevisiontv.cl\/web\/wp-json\/wp\/v2\/posts\/7154\/revisions\/7156"}],"wp:featuredmedia":[{"embeddable":true,"href":"https:\/\/www.koncevisiontv.cl\/web\/wp-json\/wp\/v2\/media\/7155"}],"wp:attachment":[{"href":"https:\/\/www.koncevisiontv.cl\/web\/wp-json\/wp\/v2\/media?parent=7154"}],"wp:term":[{"taxonomy":"category","embeddable":true,"href":"https:\/\/www.koncevisiontv.cl\/web\/wp-json\/wp\/v2\/categories?post=7154"},{"taxonomy":"post_tag","embeddable":true,"href":"https:\/\/www.koncevisiontv.cl\/web\/wp-json\/wp\/v2\/tags?post=7154"}],"curies":[{"name":"wp","href":"https:\/\/api.w.org\/{rel}","templated":true}]}}