{"id":7158,"date":"2025-04-08T16:51:25","date_gmt":"2025-04-08T20:51:25","guid":{"rendered":"https:\/\/www.koncevisiontv.cl\/web\/?p=7158"},"modified":"2025-04-08T16:51:28","modified_gmt":"2025-04-08T20:51:28","slug":"detencion-ciudadana-concepcion-mujer-resiste-robo-transeuntes-ayudan","status":"publish","type":"post","link":"https:\/\/www.koncevisiontv.cl\/web\/detencion-ciudadana-concepcion-mujer-resiste-robo-transeuntes-ayudan\/","title":{"rendered":"Detenci\u00f3n Ciudadana en Concepci\u00f3n: Mujer Resiste Robo y Transe\u00fantes Ayudan a Aprehender Ladr\u00f3n"},"content":{"rendered":"\n<div class=\"wp-block-uagb-advanced-heading uagb-block-c0aa49ee\"><h2 class=\"uagb-heading-text\"><strong>Detenci\u00f3n Ciudadana en Concepci\u00f3n<\/strong><\/h2><\/div>\n\n\n\n<p class=\"wp-block-paragraph\">Un acto heroico de <strong>detenci\u00f3n ciudadana Concepci\u00f3n <\/strong>qued\u00f3 registrado en video cuando una mujer se resisti\u00f3 a un intento de robo en pleno centro de la ciudad. El hecho ocurri\u00f3 este martes por la ma\u00f1ana en un paradero ubicado en calle Rengo, entre Barros Arana y O\u2019Higgins.<\/p>\n\n\n\n<figure class=\"wp-block-video\"><video height=\"856\" style=\"aspect-ratio: 480 \/ 856;\" width=\"480\" controls src=\"https:\/\/www.koncevisiontv.cl\/web\/wp-content\/uploads\/2025\/04\/202504081637.mp4\"><\/video><\/figure>\n\n\n\n<p class=\"wp-block-paragraph\">El ladr\u00f3n, un hombre sin polera, intent\u00f3 arrebatarle el bolso a la v\u00edctima, pero ella lo aferr\u00f3 con fuerza. Aunque ambos cayeron al suelo durante la pelea, la r\u00e1pida intervenci\u00f3n de los transe\u00fantes logr\u00f3 frustrar el delito.<\/p>\n\n\n\n<hr class=\"wp-block-separator has-alpha-channel-opacity\"\/>\n\n\n\n<h4 class=\"wp-block-heading\"><strong>El Rol de los Transe\u00fantes en la Detenci\u00f3n Ciudadana<\/strong><\/h4>\n\n\n\n<p class=\"wp-block-paragraph\">Tras el forcejeo, el delincuente intent\u00f3 huir refugi\u00e1ndose en un restaurante cercano, el Marbella. Sin embargo, un funcionario de la Armada lo persigui\u00f3 y logr\u00f3 retenerlo hasta la llegada de Carabineros.<\/p>\n\n\n\n<ul class=\"wp-block-list\">\n<li><strong>\u201cFue impresionante ver c\u00f3mo los transe\u00fantes se organizaron para ayudar a la mujer y atrapar al ladr\u00f3n,\u201d <\/strong>destac\u00f3 un testigo presente en el lugar.<\/li>\n<\/ul>\n\n\n\n<p class=\"wp-block-paragraph\">El video del incidente muestra c\u00f3mo los ciudadanos rodearon al ladr\u00f3n, gritando consignas como \u201c\u00a1Ladr\u00f3n!\u201d mientras esperaban la llegada de las autoridades. Algunos incluso intentaron agredir verbalmente al sujeto, evidenciando la indignaci\u00f3n colectiva.<\/p>\n\n\n\n<hr class=\"wp-block-separator has-alpha-channel-opacity\"\/>\n\n\n\n<h4 class=\"wp-block-heading\"><strong>El Final del Enfrentamiento<\/strong><\/h4>\n\n\n\n<p class=\"wp-block-paragraph\">Finalmente, Carabineros lleg\u00f3 al lugar y escolt\u00f3 al detenido ante la multitud congregada. Seg\u00fan informes, el hombre fue trasladado a una comisar\u00eda cercana para iniciar el proceso judicial correspondiente.<\/p>\n\n\n\n<blockquote class=\"wp-block-quote is-layout-flow wp-block-quote-is-layout-flow\">\n<p class=\"wp-block-paragraph\"><strong>\u201cEs importante destacar que estamos frente a una presunci\u00f3n de inocencia. El imputado ser\u00e1 tratado como tal hasta que un tribunal determine lo contrario,\u201d <\/strong>record\u00f3 un oficial de Carabineros.<\/p>\n<\/blockquote>\n\n\n\n<p class=\"wp-block-paragraph\">Este caso subraya la importancia de la colaboraci\u00f3n ciudadana en situaciones de emergencia, aunque tambi\u00e9n invita a reflexionar sobre la seguridad en espacios p\u00fablicos.<\/p>\n\n\n\n<hr class=\"wp-block-separator has-alpha-channel-opacity\"\/>\n\n\n\n<h4 class=\"wp-block-heading\"><strong>Contexto del Robo<\/strong><\/h4>\n\n\n\n<p class=\"wp-block-paragraph\">El robo ocurri\u00f3 en uno de los puntos m\u00e1s transitados del <strong>centro Concepci\u00f3n <\/strong>, cerca de la Torre Ligure. Este tipo de incidentes ha generado preocupaci\u00f3n entre los habitantes de la regi\u00f3n del Biob\u00edo, quienes piden mayores medidas de seguridad para prevenir delitos similares.<\/p>\n\n\n\n<hr class=\"wp-block-separator has-alpha-channel-opacity\"\/>\n\n\n\n<h4 class=\"wp-block-heading\"><strong>Llamado a la Comunidad<\/strong><\/h4>\n\n\n\n<p class=\"wp-block-paragraph\">Este caso nos recuerda que la seguridad es responsabilidad de todos. Si eres testigo de un delito o ves a alguien en peligro, act\u00faa con precauci\u00f3n y llama inmediatamente a las autoridades. La colaboraci\u00f3n ciudadana puede marcar la diferencia en momentos cr\u00edticos.<\/p>\n","protected":false},"excerpt":{"rendered":"<p>Detenci\u00f3n Ciudadana en Concepci\u00f3n Un acto heroico de detenci\u00f3n ciudadana Concepci\u00f3n qued\u00f3 registrado en video cuando una mujer<\/p>\n","protected":false},"author":5,"featured_media":7162,"comment_status":"open","ping_status":"open","sticky":false,"template":"","format":"standard","meta":{"_crdt_document":"","_uag_custom_page_level_css":"","_sitemap_exclude":false,"_sitemap_priority":"","_sitemap_frequency":"","_joinchat":[],"footnotes":""},"categories":[14],"tags":[],"class_list":["post-7158","post","type-post","status-publish","format-standard","has-post-thumbnail","hentry","category-nacional"],"featured_image_urls":{"full":["https:\/\/www.koncevisiontv.cl\/web\/wp-content\/uploads\/2025\/04\/Captura-de-pantalla-2025-04-08-164923.png",568,506,false],"thumbnail":["https:\/\/www.koncevisiontv.cl\/web\/wp-content\/uploads\/2025\/04\/Captura-de-pantalla-2025-04-08-164923-150x150.png",150,150,true],"medium":["https:\/\/www.koncevisiontv.cl\/web\/wp-content\/uploads\/2025\/04\/Captura-de-pantalla-2025-04-08-164923-300x267.png",300,267,true],"medium_large":["https:\/\/www.koncevisiontv.cl\/web\/wp-content\/uploads\/2025\/04\/Captura-de-pantalla-2025-04-08-164923.png",568,506,false],"large":["https:\/\/www.koncevisiontv.cl\/web\/wp-content\/uploads\/2025\/04\/Captura-de-pantalla-2025-04-08-164923.png",568,506,false],"1536x1536":["https:\/\/www.koncevisiontv.cl\/web\/wp-content\/uploads\/2025\/04\/Captura-de-pantalla-2025-04-08-164923.png",568,506,false],"2048x2048":["https:\/\/www.koncevisiontv.cl\/web\/wp-content\/uploads\/2025\/04\/Captura-de-pantalla-2025-04-08-164923.png",568,506,false],"darknews-featured":["https:\/\/www.koncevisiontv.cl\/web\/wp-content\/uploads\/2025\/04\/Captura-de-pantalla-2025-04-08-164923.png",568,506,false],"darknews-large":["https:\/\/www.koncevisiontv.cl\/web\/wp-content\/uploads\/2025\/04\/Captura-de-pantalla-2025-04-08-164923.png",568,506,false],"darknews-medium":["https:\/\/www.koncevisiontv.cl\/web\/wp-content\/uploads\/2025\/04\/Captura-de-pantalla-2025-04-08-164923-568x410.png",568,410,true]},"author_info":{"info":["Web-Master"]},"category_info":"<a href=\"https:\/\/www.koncevisiontv.cl\/web\/category\/nacional\/\" rel=\"category tag\">Nacional<\/a>","tag_info":"Nacional","comment_count":"0","uagb_featured_image_src":{"full":["https:\/\/www.koncevisiontv.cl\/web\/wp-content\/uploads\/2025\/04\/Captura-de-pantalla-2025-04-08-164923.png",568,506,false],"thumbnail":["https:\/\/www.koncevisiontv.cl\/web\/wp-content\/uploads\/2025\/04\/Captura-de-pantalla-2025-04-08-164923-150x150.png",150,150,true],"medium":["https:\/\/www.koncevisiontv.cl\/web\/wp-content\/uploads\/2025\/04\/Captura-de-pantalla-2025-04-08-164923-300x267.png",300,267,true],"medium_large":["https:\/\/www.koncevisiontv.cl\/web\/wp-content\/uploads\/2025\/04\/Captura-de-pantalla-2025-04-08-164923.png",568,506,false],"large":["https:\/\/www.koncevisiontv.cl\/web\/wp-content\/uploads\/2025\/04\/Captura-de-pantalla-2025-04-08-164923.png",568,506,false],"1536x1536":["https:\/\/www.koncevisiontv.cl\/web\/wp-content\/uploads\/2025\/04\/Captura-de-pantalla-2025-04-08-164923.png",568,506,false],"2048x2048":["https:\/\/www.koncevisiontv.cl\/web\/wp-content\/uploads\/2025\/04\/Captura-de-pantalla-2025-04-08-164923.png",568,506,false],"darknews-featured":["https:\/\/www.koncevisiontv.cl\/web\/wp-content\/uploads\/2025\/04\/Captura-de-pantalla-2025-04-08-164923.png",568,506,false],"darknews-large":["https:\/\/www.koncevisiontv.cl\/web\/wp-content\/uploads\/2025\/04\/Captura-de-pantalla-2025-04-08-164923.png",568,506,false],"darknews-medium":["https:\/\/www.koncevisiontv.cl\/web\/wp-content\/uploads\/2025\/04\/Captura-de-pantalla-2025-04-08-164923-568x410.png",568,410,true]},"uagb_author_info":{"display_name":"Web-Master","author_link":"https:\/\/www.koncevisiontv.cl\/web\/author\/koncevision\/"},"uagb_comment_info":0,"uagb_excerpt":"Detenci\u00f3n Ciudadana en Concepci\u00f3n Un acto heroico de detenci\u00f3n ciudadana Concepci\u00f3n qued\u00f3 registrado en video cuando una mujer","_links":{"self":[{"href":"https:\/\/www.koncevisiontv.cl\/web\/wp-json\/wp\/v2\/posts\/7158","targetHints":{"allow":["GET"]}}],"collection":[{"href":"https:\/\/www.koncevisiontv.cl\/web\/wp-json\/wp\/v2\/posts"}],"about":[{"href":"https:\/\/www.koncevisiontv.cl\/web\/wp-json\/wp\/v2\/types\/post"}],"author":[{"embeddable":true,"href":"https:\/\/www.koncevisiontv.cl\/web\/wp-json\/wp\/v2\/users\/5"}],"replies":[{"embeddable":true,"href":"https:\/\/www.koncevisiontv.cl\/web\/wp-json\/wp\/v2\/comments?post=7158"}],"version-history":[{"count":1,"href":"https:\/\/www.koncevisiontv.cl\/web\/wp-json\/wp\/v2\/posts\/7158\/revisions"}],"predecessor-version":[{"id":7163,"href":"https:\/\/www.koncevisiontv.cl\/web\/wp-json\/wp\/v2\/posts\/7158\/revisions\/7163"}],"wp:featuredmedia":[{"embeddable":true,"href":"https:\/\/www.koncevisiontv.cl\/web\/wp-json\/wp\/v2\/media\/7162"}],"wp:attachment":[{"href":"https:\/\/www.koncevisiontv.cl\/web\/wp-json\/wp\/v2\/media?parent=7158"}],"wp:term":[{"taxonomy":"category","embeddable":true,"href":"https:\/\/www.koncevisiontv.cl\/web\/wp-json\/wp\/v2\/categories?post=7158"},{"taxonomy":"post_tag","embeddable":true,"href":"https:\/\/www.koncevisiontv.cl\/web\/wp-json\/wp\/v2\/tags?post=7158"}],"curies":[{"name":"wp","href":"https:\/\/api.w.org\/{rel}","templated":true}]}}