{"id":7164,"date":"2025-04-08T17:03:36","date_gmt":"2025-04-08T21:03:36","guid":{"rendered":"https:\/\/www.koncevisiontv.cl\/web\/?p=7164"},"modified":"2025-04-08T17:03:39","modified_gmt":"2025-04-08T21:03:39","slug":"lista-de-senadores-y-diputados-vinculados-a-negocios-con-el-estado","status":"publish","type":"post","link":"https:\/\/www.koncevisiontv.cl\/web\/lista-de-senadores-y-diputados-vinculados-a-negocios-con-el-estado\/","title":{"rendered":"Nervios en el Congreso: Lista de Senadores y Diputados Vinculados a Negocios con el Estado"},"content":{"rendered":"\n<p class=\"wp-block-paragraph\">Lista de Senadores y Diputados Vinculados a Negocios con el Estado<\/p>\n\n\n\n<p class=\"wp-block-paragraph\">La posible <strong>destituci\u00f3n de Isabel Allende <\/strong>por su fallida compra-venta de la casa de Salvador Allende ha encendido las alarmas en el Congreso Nacional. Seg\u00fan un reportaje de <em>The Clinic <\/em>, la exsenadora podr\u00eda no ser la \u00fanica legisladora bajo la lupa por negocios con el Estado. La aplicaci\u00f3n del art\u00edculo 60 de la Constituci\u00f3n Pol\u00edtica, que establece que \u201ccesar\u00e1 en el cargo el diputado o senador que durante su ejercicio celebre o caucione contratos con el Estado,\u201d podr\u00eda desatar una avalancha de investigaciones contra otros parlamentarios.<\/p>\n\n\n\n<blockquote class=\"wp-block-quote is-layout-flow wp-block-quote-is-layout-flow\">\n<p class=\"wp-block-paragraph\"><strong>\u201cEsta es solo una lista parcial, pero hay indicios de que podr\u00edan ser muchos m\u00e1s.\u201d<\/strong><br>\u2014 Reporte de <em>The Clinic <\/em>.<\/p>\n<\/blockquote>\n\n\n\n<p class=\"wp-block-paragraph\">El caso de Allende ha generado un ambiente de tensi\u00f3n en los pasillos del Congreso, donde otros senadores y diputados tambi\u00e9n podr\u00edan estar involucrados en negocios similares.<\/p>\n\n\n\n<hr class=\"wp-block-separator has-alpha-channel-opacity\"\/>\n\n\n\n<h4 class=\"wp-block-heading\"><strong>Lista de Legisladores Vinculados a Negocios con el Estado<\/strong><\/h4>\n\n\n\n<p class=\"wp-block-paragraph\">Seg\u00fan el reportaje, varios legisladores han sido se\u00f1alados por mantener contratos con el Estado durante su mandato. Aqu\u00ed algunos casos destacados:<\/p>\n\n\n\n<ol start=\"1\" class=\"wp-block-list\">\n<li><strong>Juan Castro Prieto (PSC)<\/strong>\n<ul class=\"wp-block-list\">\n<li>Particip\u00f3 en la propiedad de la Constructora Indemma, que recibi\u00f3 m\u00e1s de 3<em>mi<\/em><em>l<\/em><em>mi<\/em><em>ll<\/em><em>o<\/em><em>n<\/em><em>es<\/em><em>d<\/em><em>es<\/em><em>d<\/em><em>eor<\/em><em>g<\/em><em>ani<\/em><em>s<\/em><em>m<\/em><em>os<\/em><em>p<\/em><em>u<\/em>\u02ca<em>b<\/em><em>l<\/em><em>i<\/em><em>cos<\/em>.<em>A<\/em><em>se<\/em><em>gu<\/em><em>r<\/em><em>a<\/em><em>q<\/em><em>u<\/em><em>e<\/em><em>d<\/em><em>e<\/em><em>j<\/em><em>o<\/em>\u02ca<em>l<\/em><em>a<\/em><em>e<\/em><em>m<\/em><em>p<\/em><em>res<\/em><em>a<\/em><em>e<\/em><em>n<\/em>2020,<em>p<\/em><em>ero<\/em><em>d<\/em><em>u<\/em><em>r<\/em><em>an<\/em><em>t<\/em><em>es<\/em><em>u<\/em><em>p<\/em><em>er<\/em>\u0131\u02ca<em>o<\/em><em>d<\/em><em>oco<\/em><em>m<\/em><em>ose<\/em><em>na<\/em><em>d<\/em><em>or<\/em>,<em>l<\/em><em>a<\/em><em>f<\/em><em>i<\/em><em>r<\/em><em>ma<\/em><em>o<\/em><em>b<\/em><em>t<\/em><em>uv<\/em><em>o<\/em>1.400 millones adicionales.<\/li>\n<\/ul>\n<\/li>\n\n\n\n<li><strong>Fidel Espinoza (PS)<\/strong>\n<ul class=\"wp-block-list\">\n<li>Fue due\u00f1o de Difusora Fresia Limitada, una radio que recibi\u00f3 cerca de $14 millones desde municipios de Los Lagos. Se defendi\u00f3 argumentando que dej\u00f3 la empresa en 2005, aunque su nombre permaneci\u00f3 registrado hasta 2018.<\/li>\n<\/ul>\n<\/li>\n\n\n\n<li><strong>Jaime Mulet (FRVS)<\/strong>\n<ul class=\"wp-block-list\">\n<li>Propietario de una emisora de radio en Vallenar, vinculada a contratos con municipios y servicios p\u00fablicos. Tras asumir su esca\u00f1o, transfiri\u00f3 la propiedad a su esposa, Flavia Torrealba.<\/li>\n<\/ul>\n<\/li>\n\n\n\n<li><strong>Ximena Ossand\u00f3n (RN)<\/strong>\n<ul class=\"wp-block-list\">\n<li>Es socia de la fintech Cumplo Chile Spa, que ha recibido m\u00e1s de $28 mil millones desde Tesorer\u00eda y Corfo. Asegura tener un porcentaje m\u00ednimo de propiedad y ser un \u201cinversionista pasivo.\u201d<\/li>\n<\/ul>\n<\/li>\n\n\n\n<li><strong>Luciano Cruz-Coke (Ev\u00f3poli)<\/strong>\n<ul class=\"wp-block-list\">\n<li>Arrend\u00f3 una casona a la Junta Nacional de Jardines Infantiles (Junji) hasta 2020, cobrando 4<em>mi<\/em><em>ll<\/em><em>o<\/em><em>n<\/em><em>es<\/em><em>m<\/em><em>e<\/em><em>n<\/em><em>s<\/em><em>u<\/em><em>a<\/em><em>l<\/em><em>es<\/em>.<em>D<\/em><em>u<\/em><em>r<\/em><em>an<\/em><em>t<\/em><em>es<\/em><em>u<\/em><em>man<\/em><em>d<\/em><em>a<\/em><em>t<\/em><em>o<\/em>,<em>a<\/em><em>c<\/em><em>u<\/em><em>m<\/em><em>u<\/em><em>l<\/em><em>o<\/em>\u02ca147 millones en arriendos.<\/li>\n<\/ul>\n<\/li>\n<\/ol>\n\n\n\n<hr class=\"wp-block-separator has-alpha-channel-opacity\"\/>\n\n\n\n<h4 class=\"wp-block-heading\"><strong>El Caso de Isabel Allende y el Art\u00edculo 60<\/strong><\/h4>\n\n\n\n<p class=\"wp-block-paragraph\">El caso de Isabel Allende ha sido el detonante para revisar con lupa a otros legisladores. La senadora fue sancionada por el Tribunal Constitucional debido a su participaci\u00f3n en la fallida compra-venta de la casa de Salvador Allende, impulsada por el Gobierno.<\/p>\n\n\n\n<blockquote class=\"wp-block-quote is-layout-flow wp-block-quote-is-layout-flow\">\n<p class=\"wp-block-paragraph\"><strong>\u201cLa aplicaci\u00f3n del art\u00edculo 60 podr\u00eda abrir una caja de Pandora en el Congreso.\u201d<\/strong><br>\u2014 Analistas pol\u00edticos.<\/p>\n<\/blockquote>\n\n\n\n<p class=\"wp-block-paragraph\">Aunque a\u00fan no se conoce el fallo definitivo sobre Allende, la posibilidad de extender esta norma a otros casos ha generado nerviosismo entre los legisladores. Muchos temen que sus negocios previos o actuales puedan ser investigados.<\/p>\n\n\n\n<hr class=\"wp-block-separator has-alpha-channel-opacity\"\/>\n\n\n\n<h4 class=\"wp-block-heading\"><strong>\u00bfQu\u00e9 Significa Esto para el Congreso?<\/strong><\/h4>\n\n\n\n<p class=\"wp-block-paragraph\">Este esc\u00e1ndalo subraya la necesidad de mayor transparencia en las declaraciones de intereses de los parlamentarios. Seg\u00fan expertos, no todos los legisladores reportan con claridad sus v\u00ednculos comerciales, lo que dificulta la fiscalizaci\u00f3n.<\/p>\n\n\n\n<blockquote class=\"wp-block-quote is-layout-flow wp-block-quote-is-layout-flow\">\n<p class=\"wp-block-paragraph\"><strong>\u201cEs fundamental que los ciudadanos exijan rendici\u00f3n de cuentas para garantizar la \u00e9tica en el ejercicio p\u00fablico.\u201d<\/strong><\/p>\n<\/blockquote>\n\n\n\n<hr class=\"wp-block-separator has-alpha-channel-opacity\"\/>\n\n\n\n<h4 class=\"wp-block-heading\"><strong>Llamado a la Reflexi\u00f3n<\/strong><\/h4>\n\n\n\n<p class=\"wp-block-paragraph\">Este caso nos recuerda la importancia de la transparencia y la \u00e9tica en la pol\u00edtica. Si tienes informaci\u00f3n sobre alg\u00fan caso similar, no dudes en denunciarlo. Juntos podemos construir un sistema pol\u00edtico m\u00e1s justo y transparente.<\/p>\n\n\n\n<p class=\"wp-block-paragraph\"><\/p>\n","protected":false},"excerpt":{"rendered":"<p>Lista de Senadores y Diputados Vinculados a Negocios con el Estado La posible destituci\u00f3n de Isabel Allende por<\/p>\n","protected":false},"author":5,"featured_media":7165,"comment_status":"open","ping_status":"open","sticky":false,"template":"","format":"standard","meta":{"_crdt_document":"","_uag_custom_page_level_css":"","_sitemap_exclude":false,"_sitemap_priority":"","_sitemap_frequency":"","_joinchat":[],"footnotes":""},"categories":[14],"tags":[],"class_list":["post-7164","post","type-post","status-publish","format-standard","has-post-thumbnail","hentry","category-nacional"],"featured_image_urls":{"full":["https:\/\/www.koncevisiontv.cl\/web\/wp-content\/uploads\/2025\/04\/6WTSPZ343ZCLFDB6VYKXPBPQEM.avif",1023,682,false],"thumbnail":["https:\/\/www.koncevisiontv.cl\/web\/wp-content\/uploads\/2025\/04\/6WTSPZ343ZCLFDB6VYKXPBPQEM-150x150.avif",150,150,true],"medium":["https:\/\/www.koncevisiontv.cl\/web\/wp-content\/uploads\/2025\/04\/6WTSPZ343ZCLFDB6VYKXPBPQEM-300x200.avif",300,200,true],"medium_large":["https:\/\/www.koncevisiontv.cl\/web\/wp-content\/uploads\/2025\/04\/6WTSPZ343ZCLFDB6VYKXPBPQEM-768x512.avif",640,427,true],"large":["https:\/\/www.koncevisiontv.cl\/web\/wp-content\/uploads\/2025\/04\/6WTSPZ343ZCLFDB6VYKXPBPQEM.avif",640,427,false],"1536x1536":["https:\/\/www.koncevisiontv.cl\/web\/wp-content\/uploads\/2025\/04\/6WTSPZ343ZCLFDB6VYKXPBPQEM.avif",1023,682,false],"2048x2048":["https:\/\/www.koncevisiontv.cl\/web\/wp-content\/uploads\/2025\/04\/6WTSPZ343ZCLFDB6VYKXPBPQEM.avif",1023,682,false],"darknews-featured":["https:\/\/www.koncevisiontv.cl\/web\/wp-content\/uploads\/2025\/04\/6WTSPZ343ZCLFDB6VYKXPBPQEM.avif",1023,682,false],"darknews-large":["https:\/\/www.koncevisiontv.cl\/web\/wp-content\/uploads\/2025\/04\/6WTSPZ343ZCLFDB6VYKXPBPQEM-825x575.avif",825,575,true],"darknews-medium":["https:\/\/www.koncevisiontv.cl\/web\/wp-content\/uploads\/2025\/04\/6WTSPZ343ZCLFDB6VYKXPBPQEM-590x410.avif",590,410,true]},"author_info":{"info":["Web-Master"]},"category_info":"<a href=\"https:\/\/www.koncevisiontv.cl\/web\/category\/nacional\/\" rel=\"category tag\">Nacional<\/a>","tag_info":"Nacional","comment_count":"0","uagb_featured_image_src":{"full":["https:\/\/www.koncevisiontv.cl\/web\/wp-content\/uploads\/2025\/04\/6WTSPZ343ZCLFDB6VYKXPBPQEM.avif",1023,682,false],"thumbnail":["https:\/\/www.koncevisiontv.cl\/web\/wp-content\/uploads\/2025\/04\/6WTSPZ343ZCLFDB6VYKXPBPQEM-150x150.avif",150,150,true],"medium":["https:\/\/www.koncevisiontv.cl\/web\/wp-content\/uploads\/2025\/04\/6WTSPZ343ZCLFDB6VYKXPBPQEM-300x200.avif",300,200,true],"medium_large":["https:\/\/www.koncevisiontv.cl\/web\/wp-content\/uploads\/2025\/04\/6WTSPZ343ZCLFDB6VYKXPBPQEM-768x512.avif",640,427,true],"large":["https:\/\/www.koncevisiontv.cl\/web\/wp-content\/uploads\/2025\/04\/6WTSPZ343ZCLFDB6VYKXPBPQEM.avif",640,427,false],"1536x1536":["https:\/\/www.koncevisiontv.cl\/web\/wp-content\/uploads\/2025\/04\/6WTSPZ343ZCLFDB6VYKXPBPQEM.avif",1023,682,false],"2048x2048":["https:\/\/www.koncevisiontv.cl\/web\/wp-content\/uploads\/2025\/04\/6WTSPZ343ZCLFDB6VYKXPBPQEM.avif",1023,682,false],"darknews-featured":["https:\/\/www.koncevisiontv.cl\/web\/wp-content\/uploads\/2025\/04\/6WTSPZ343ZCLFDB6VYKXPBPQEM.avif",1023,682,false],"darknews-large":["https:\/\/www.koncevisiontv.cl\/web\/wp-content\/uploads\/2025\/04\/6WTSPZ343ZCLFDB6VYKXPBPQEM-825x575.avif",825,575,true],"darknews-medium":["https:\/\/www.koncevisiontv.cl\/web\/wp-content\/uploads\/2025\/04\/6WTSPZ343ZCLFDB6VYKXPBPQEM-590x410.avif",590,410,true]},"uagb_author_info":{"display_name":"Web-Master","author_link":"https:\/\/www.koncevisiontv.cl\/web\/author\/koncevision\/"},"uagb_comment_info":0,"uagb_excerpt":"Lista de Senadores y Diputados Vinculados a Negocios con el Estado La posible destituci\u00f3n de Isabel Allende por","_links":{"self":[{"href":"https:\/\/www.koncevisiontv.cl\/web\/wp-json\/wp\/v2\/posts\/7164","targetHints":{"allow":["GET"]}}],"collection":[{"href":"https:\/\/www.koncevisiontv.cl\/web\/wp-json\/wp\/v2\/posts"}],"about":[{"href":"https:\/\/www.koncevisiontv.cl\/web\/wp-json\/wp\/v2\/types\/post"}],"author":[{"embeddable":true,"href":"https:\/\/www.koncevisiontv.cl\/web\/wp-json\/wp\/v2\/users\/5"}],"replies":[{"embeddable":true,"href":"https:\/\/www.koncevisiontv.cl\/web\/wp-json\/wp\/v2\/comments?post=7164"}],"version-history":[{"count":1,"href":"https:\/\/www.koncevisiontv.cl\/web\/wp-json\/wp\/v2\/posts\/7164\/revisions"}],"predecessor-version":[{"id":7166,"href":"https:\/\/www.koncevisiontv.cl\/web\/wp-json\/wp\/v2\/posts\/7164\/revisions\/7166"}],"wp:featuredmedia":[{"embeddable":true,"href":"https:\/\/www.koncevisiontv.cl\/web\/wp-json\/wp\/v2\/media\/7165"}],"wp:attachment":[{"href":"https:\/\/www.koncevisiontv.cl\/web\/wp-json\/wp\/v2\/media?parent=7164"}],"wp:term":[{"taxonomy":"category","embeddable":true,"href":"https:\/\/www.koncevisiontv.cl\/web\/wp-json\/wp\/v2\/categories?post=7164"},{"taxonomy":"post_tag","embeddable":true,"href":"https:\/\/www.koncevisiontv.cl\/web\/wp-json\/wp\/v2\/tags?post=7164"}],"curies":[{"name":"wp","href":"https:\/\/api.w.org\/{rel}","templated":true}]}}