{"id":7167,"date":"2025-04-08T17:11:19","date_gmt":"2025-04-08T21:11:19","guid":{"rendered":"https:\/\/www.koncevisiontv.cl\/web\/?p=7167"},"modified":"2025-04-08T17:11:22","modified_gmt":"2025-04-08T21:11:22","slug":"manuel-monsalve-defensa-abuso-alcohol-luego-del-segundo-pisco-sour-no-recuerda-nada","status":"publish","type":"post","link":"https:\/\/www.koncevisiontv.cl\/web\/manuel-monsalve-defensa-abuso-alcohol-luego-del-segundo-pisco-sour-no-recuerda-nada\/","title":{"rendered":"Luego del Segundo Pisco Sour No Recuerda Nada\u201d: Defensa de Manuel Monsalve Argumenta Revisi\u00f3n de Prisi\u00f3n Preventiva"},"content":{"rendered":"\n<div class=\"wp-block-uagb-advanced-heading uagb-block-72407d39\"><h2 class=\"uagb-heading-text\"><strong>Luego del Segundo Pisco Sour No Recuerda Nada<\/strong><\/h2><\/div>\n\n\n\n<p class=\"wp-block-paragraph\">El caso de <strong>Manuel Monsalve defensa abuso alcohol <\/strong>ha generado pol\u00e9mica tras la presentaci\u00f3n de un recurso ante el Cuarto Juzgado de Garant\u00eda de Santiago. El ex subsecretario del Interior, formalizado por violaci\u00f3n y abuso sexual contra una subalterna, busca revertir su prisi\u00f3n preventiva con un argumento sorprendente: \u201c<strong>Luego del segundo pisco sour no recuerda nada <\/strong>.\u201d<\/p>\n\n\n\n<blockquote class=\"wp-block-quote is-layout-flow wp-block-quote-is-layout-flow\">\n<p class=\"wp-block-paragraph\"><strong>\u201cEl inicio de la p\u00e9rdida de memoria ocurre casi de manera simult\u00e1nea con la denunciante.\u201d<\/strong><br>\u2014 Extracto del escrito de defensa presentado por el abogado V\u00edctor Providel.<\/p>\n<\/blockquote>\n\n\n\n<p class=\"wp-block-paragraph\">El documento de 17 p\u00e1ginas detalla que tanto Monsalve como la v\u00edctima se encontraban en un estado de consumo de alcohol equivalente, lo que gener\u00f3 una interacci\u00f3n afectiva entre ambos antes de ingresar al hotel donde ocurrieron los hechos.<\/p>\n\n\n\n<hr class=\"wp-block-separator has-alpha-channel-opacity\"\/>\n\n\n\n<h4 class=\"wp-block-heading\"><strong>El Argumento de la Defensa: Confusi\u00f3n Com\u00fan<\/strong><\/h4>\n\n\n\n<p class=\"wp-block-paragraph\">Seg\u00fan la defensa, las c\u00e1maras de seguridad muestran c\u00f3mo Monsalve y la v\u00edctima caminaron juntos por el centro de Santiago, se tomaron de la mano y viajaron en taxi hasta el Hotel Panamericano.<\/p>\n\n\n\n<ul class=\"wp-block-list\">\n<li><strong>\u201cAmbos ingresan a la habitaci\u00f3n del hotel en un mismo estado, en un estado err\u00e1tico, pero sin que se pueda afirmar que existi\u00f3 un abuso o aprovechamiento de parte del imputado.\u201d<\/strong>\u2014 Escrito de la defensa.<\/li>\n<\/ul>\n\n\n\n<p class=\"wp-block-paragraph\">El abogado V\u00edctor Providel sostiene que la supuesta p\u00e9rdida de memoria de Monsalve, atribuida al consumo de alcohol, es compartida por la v\u00edctima. Por ello, argumenta que no hubo intenci\u00f3n de abuso ni aprovechamiento de su posici\u00f3n.<\/p>\n\n\n\n<hr class=\"wp-block-separator has-alpha-channel-opacity\"\/>\n\n\n\n<h4 class=\"wp-block-heading\"><strong>Detalles del Caso<\/strong><\/h4>\n\n\n\n<p class=\"wp-block-paragraph\">El incidente ocurri\u00f3 tras una noche en el Restaurante Aj\u00ed Seco M\u00edstico, donde ambos consumieron alcohol. Seg\u00fan el escrito, Monsalve apag\u00f3 la televisi\u00f3n despu\u00e9s del segundo pisco sour, marcando el inicio de su p\u00e9rdida de memoria.<\/p>\n\n\n\n<blockquote class=\"wp-block-quote is-layout-flow wp-block-quote-is-layout-flow\">\n<p class=\"wp-block-paragraph\"><strong>\u201cSi lo que le sucedi\u00f3 a la denunciante tambi\u00e9n le ocurri\u00f3 a Manuel Monsalve, si el estado de confusi\u00f3n es com\u00fan a ambos, no existe aprovechamiento.\u201d<\/strong><br>\u2014 Abogado V\u00edctor Providel.<\/p>\n<\/blockquote>\n\n\n\n<p class=\"wp-block-paragraph\">Este argumento busca desmontar la acusaci\u00f3n de abuso sexual, destacando que ambos se encontraban en un estado similar de ebriedad y confusi\u00f3n.<\/p>\n\n\n\n<hr class=\"wp-block-separator has-alpha-channel-opacity\"\/>\n\n\n\n<h4 class=\"wp-block-heading\"><strong>Revisi\u00f3n de la Prisi\u00f3n Preventiva<\/strong><\/h4>\n\n\n\n<p class=\"wp-block-paragraph\">La audiencia de revisi\u00f3n de la <strong>prisi\u00f3n preventiva Monsalve revisi\u00f3n <\/strong>se realiz\u00f3 en el S\u00e9ptimo Juzgado de Garant\u00eda de Santiago. Durante la sesi\u00f3n, la defensa insisti\u00f3 en que no hay evidencia suficiente para mantenerlo bajo custodia, dado que ambos involucrados experimentaron un estado de confusi\u00f3n mutua.<\/p>\n\n\n\n<p class=\"wp-block-paragraph\">Sin embargo, el Ministerio P\u00fablico mantiene su postura de que los hechos constituyen un delito grave y que existen riesgos procesales que justifican la prisi\u00f3n preventiva.<\/p>\n\n\n\n<hr class=\"wp-block-separator has-alpha-channel-opacity\"\/>\n\n\n\n<h4 class=\"wp-block-heading\"><strong>Pol\u00e9mica y Opini\u00f3n P\u00fablica<\/strong><\/h4>\n\n\n\n<p class=\"wp-block-paragraph\">El caso ha generado amplio debate en la opini\u00f3n p\u00fablica, especialmente por el argumento de que \u201c<strong>luego del segundo pisco sour no recuerda nada <\/strong>.\u201d Mientras algunos cuestionan la validez de esta l\u00ednea de defensa, otros se\u00f1alan la necesidad de profundizar en las pruebas para determinar la verdad.<\/p>\n\n\n\n<blockquote class=\"wp-block-quote is-layout-flow wp-block-quote-is-layout-flow\">\n<p class=\"wp-block-paragraph\"><strong>\u201cEs fundamental que las investigaciones sean exhaustivas y transparentes para garantizar justicia para ambas partes.\u201d<\/strong><br>\u2014 Analistas legales.<\/p>\n<\/blockquote>\n\n\n\n<hr class=\"wp-block-separator has-alpha-channel-opacity\"\/>\n\n\n\n<h4 class=\"wp-block-heading\"><strong>Llamado a la Reflexi\u00f3n<\/strong><\/h4>\n\n\n\n<p class=\"wp-block-paragraph\">Este caso subraya la importancia de abordar temas sensibles como el abuso sexual con responsabilidad y claridad. Si tienes una opini\u00f3n sobre este tema, comp\u00e1rtela en nuestras redes sociales. Juntos podemos construir un di\u00e1logo constructivo sobre justicia y derechos.<\/p>\n","protected":false},"excerpt":{"rendered":"<p>Luego del Segundo Pisco Sour No Recuerda Nada El caso de Manuel Monsalve defensa abuso alcohol ha generado<\/p>\n","protected":false},"author":5,"featured_media":7168,"comment_status":"open","ping_status":"open","sticky":false,"template":"","format":"standard","meta":{"_crdt_document":"","_uag_custom_page_level_css":"","_sitemap_exclude":false,"_sitemap_priority":"","_sitemap_frequency":"","_joinchat":[],"footnotes":""},"categories":[14],"tags":[],"class_list":["post-7167","post","type-post","status-publish","format-standard","has-post-thumbnail","hentry","category-nacional"],"featured_image_urls":{"full":["https:\/\/www.koncevisiontv.cl\/web\/wp-content\/uploads\/2025\/04\/PKG7JJPERRCFPCJAAUIPMQD7BI.avif",1023,682,false],"thumbnail":["https:\/\/www.koncevisiontv.cl\/web\/wp-content\/uploads\/2025\/04\/PKG7JJPERRCFPCJAAUIPMQD7BI-150x150.avif",150,150,true],"medium":["https:\/\/www.koncevisiontv.cl\/web\/wp-content\/uploads\/2025\/04\/PKG7JJPERRCFPCJAAUIPMQD7BI-300x200.avif",300,200,true],"medium_large":["https:\/\/www.koncevisiontv.cl\/web\/wp-content\/uploads\/2025\/04\/PKG7JJPERRCFPCJAAUIPMQD7BI-768x512.avif",640,427,true],"large":["https:\/\/www.koncevisiontv.cl\/web\/wp-content\/uploads\/2025\/04\/PKG7JJPERRCFPCJAAUIPMQD7BI.avif",640,427,false],"1536x1536":["https:\/\/www.koncevisiontv.cl\/web\/wp-content\/uploads\/2025\/04\/PKG7JJPERRCFPCJAAUIPMQD7BI.avif",1023,682,false],"2048x2048":["https:\/\/www.koncevisiontv.cl\/web\/wp-content\/uploads\/2025\/04\/PKG7JJPERRCFPCJAAUIPMQD7BI.avif",1023,682,false],"darknews-featured":["https:\/\/www.koncevisiontv.cl\/web\/wp-content\/uploads\/2025\/04\/PKG7JJPERRCFPCJAAUIPMQD7BI.avif",1023,682,false],"darknews-large":["https:\/\/www.koncevisiontv.cl\/web\/wp-content\/uploads\/2025\/04\/PKG7JJPERRCFPCJAAUIPMQD7BI-825x575.avif",825,575,true],"darknews-medium":["https:\/\/www.koncevisiontv.cl\/web\/wp-content\/uploads\/2025\/04\/PKG7JJPERRCFPCJAAUIPMQD7BI-590x410.avif",590,410,true]},"author_info":{"info":["Web-Master"]},"category_info":"<a href=\"https:\/\/www.koncevisiontv.cl\/web\/category\/nacional\/\" rel=\"category tag\">Nacional<\/a>","tag_info":"Nacional","comment_count":"0","uagb_featured_image_src":{"full":["https:\/\/www.koncevisiontv.cl\/web\/wp-content\/uploads\/2025\/04\/PKG7JJPERRCFPCJAAUIPMQD7BI.avif",1023,682,false],"thumbnail":["https:\/\/www.koncevisiontv.cl\/web\/wp-content\/uploads\/2025\/04\/PKG7JJPERRCFPCJAAUIPMQD7BI-150x150.avif",150,150,true],"medium":["https:\/\/www.koncevisiontv.cl\/web\/wp-content\/uploads\/2025\/04\/PKG7JJPERRCFPCJAAUIPMQD7BI-300x200.avif",300,200,true],"medium_large":["https:\/\/www.koncevisiontv.cl\/web\/wp-content\/uploads\/2025\/04\/PKG7JJPERRCFPCJAAUIPMQD7BI-768x512.avif",640,427,true],"large":["https:\/\/www.koncevisiontv.cl\/web\/wp-content\/uploads\/2025\/04\/PKG7JJPERRCFPCJAAUIPMQD7BI.avif",640,427,false],"1536x1536":["https:\/\/www.koncevisiontv.cl\/web\/wp-content\/uploads\/2025\/04\/PKG7JJPERRCFPCJAAUIPMQD7BI.avif",1023,682,false],"2048x2048":["https:\/\/www.koncevisiontv.cl\/web\/wp-content\/uploads\/2025\/04\/PKG7JJPERRCFPCJAAUIPMQD7BI.avif",1023,682,false],"darknews-featured":["https:\/\/www.koncevisiontv.cl\/web\/wp-content\/uploads\/2025\/04\/PKG7JJPERRCFPCJAAUIPMQD7BI.avif",1023,682,false],"darknews-large":["https:\/\/www.koncevisiontv.cl\/web\/wp-content\/uploads\/2025\/04\/PKG7JJPERRCFPCJAAUIPMQD7BI-825x575.avif",825,575,true],"darknews-medium":["https:\/\/www.koncevisiontv.cl\/web\/wp-content\/uploads\/2025\/04\/PKG7JJPERRCFPCJAAUIPMQD7BI-590x410.avif",590,410,true]},"uagb_author_info":{"display_name":"Web-Master","author_link":"https:\/\/www.koncevisiontv.cl\/web\/author\/koncevision\/"},"uagb_comment_info":0,"uagb_excerpt":"Luego del Segundo Pisco Sour No Recuerda Nada El caso de Manuel Monsalve defensa abuso alcohol ha generado","_links":{"self":[{"href":"https:\/\/www.koncevisiontv.cl\/web\/wp-json\/wp\/v2\/posts\/7167","targetHints":{"allow":["GET"]}}],"collection":[{"href":"https:\/\/www.koncevisiontv.cl\/web\/wp-json\/wp\/v2\/posts"}],"about":[{"href":"https:\/\/www.koncevisiontv.cl\/web\/wp-json\/wp\/v2\/types\/post"}],"author":[{"embeddable":true,"href":"https:\/\/www.koncevisiontv.cl\/web\/wp-json\/wp\/v2\/users\/5"}],"replies":[{"embeddable":true,"href":"https:\/\/www.koncevisiontv.cl\/web\/wp-json\/wp\/v2\/comments?post=7167"}],"version-history":[{"count":1,"href":"https:\/\/www.koncevisiontv.cl\/web\/wp-json\/wp\/v2\/posts\/7167\/revisions"}],"predecessor-version":[{"id":7169,"href":"https:\/\/www.koncevisiontv.cl\/web\/wp-json\/wp\/v2\/posts\/7167\/revisions\/7169"}],"wp:featuredmedia":[{"embeddable":true,"href":"https:\/\/www.koncevisiontv.cl\/web\/wp-json\/wp\/v2\/media\/7168"}],"wp:attachment":[{"href":"https:\/\/www.koncevisiontv.cl\/web\/wp-json\/wp\/v2\/media?parent=7167"}],"wp:term":[{"taxonomy":"category","embeddable":true,"href":"https:\/\/www.koncevisiontv.cl\/web\/wp-json\/wp\/v2\/categories?post=7167"},{"taxonomy":"post_tag","embeddable":true,"href":"https:\/\/www.koncevisiontv.cl\/web\/wp-json\/wp\/v2\/tags?post=7167"}],"curies":[{"name":"wp","href":"https:\/\/api.w.org\/{rel}","templated":true}]}}