{"id":7170,"date":"2025-04-08T17:23:13","date_gmt":"2025-04-08T21:23:13","guid":{"rendered":"https:\/\/www.koncevisiontv.cl\/web\/?p=7170"},"modified":"2025-04-08T17:23:16","modified_gmt":"2025-04-08T21:23:16","slug":"isabel-allende-discurso-despedida-senado-manera-abrupta-emotivo-discurso","status":"publish","type":"post","link":"https:\/\/www.koncevisiontv.cl\/web\/isabel-allende-discurso-despedida-senado-manera-abrupta-emotivo-discurso\/","title":{"rendered":"La Manera Abrupta&#8230;\u201d: Isabel Allende Se Quiebra en Emotivo Discurso de Despedida del Senado"},"content":{"rendered":"\n<p class=\"wp-block-paragraph\">La senadora <strong>Isabel Allende discurso despedida Senado <\/strong>se convirti\u00f3 en un momento hist\u00f3rico y cargado de emoci\u00f3n tras conocerse el fallo del Tribunal Constitucional que la destituye de su cargo. Durante su intervenci\u00f3n, Allende expres\u00f3 su dolor por lo que calific\u00f3 como \u201cuna enorme injusticia\u201d y defendi\u00f3 su trayectoria pol\u00edtica frente a sus colegas.<\/p>\n\n\n\n<blockquote class=\"wp-block-quote is-layout-flow wp-block-quote-is-layout-flow\">\n<p class=\"wp-block-paragraph\"><strong>\u201cNo es f\u00e1cil dirigirme a ustedes, probablemente sea mi \u00faltima intervenci\u00f3n en esta sala&#8230; deseaba despedirme de ustedes.\u201d<\/strong><br>\u2014 Isabel Allende, visiblemente emocionada.<\/p>\n<\/blockquote>\n\n\n\n<figure class=\"wp-block-video\"><video height=\"720\" style=\"aspect-ratio: 1280 \/ 720;\" width=\"1280\" controls src=\"https:\/\/www.koncevisiontv.cl\/web\/wp-content\/uploads\/2025\/04\/VgALp0PecCWYr5Sp.mp4\"><\/video><\/figure>\n\n\n\n<p class=\"wp-block-paragraph\">La congresista destac\u00f3 que su salida del Senado, tras m\u00e1s de 30 a\u00f1os de servicio, fue \u201cla manera abrupta Isabel Allende emotivo discurso\u201d en la que termina una carrera dedicada a su pa\u00eds. Sin embargo, reiter\u00f3 que acatar\u00e1 el fallo, aunque no comparti\u00f3 la decisi\u00f3n del Tribunal.<\/p>\n\n\n\n<hr class=\"wp-block-separator has-alpha-channel-opacity\"\/>\n\n\n\n<h4 class=\"wp-block-heading\"><strong>Un Adi\u00f3s Doloroso: La Defensa de Isabel Allende<\/strong><\/h4>\n\n\n\n<p class=\"wp-block-paragraph\">Durante su discurso, Isabel Allende reconoci\u00f3 que debi\u00f3 haber estado m\u00e1s atenta al art\u00edculo 60 de la Constituci\u00f3n, que proh\u00edbe a legisladores celebrar contratos con el Estado. Sin embargo, asegur\u00f3 que actu\u00f3 \u201cconfiando en la institucionalidad\u201d y que nunca habr\u00eda puesto en riesgo su \u201chistoria y dignidad pol\u00edtica\u201d si hubiera sido consciente de infringir alguna norma.<\/p>\n\n\n\n<ul class=\"wp-block-list\">\n<li><strong>\u201cNunca recib\u00ed advertencia alguna sobre una posible irregularidad.\u201d<\/strong>\u2014 Isabel Allende.<\/li>\n<\/ul>\n\n\n\n<p class=\"wp-block-paragraph\">La senadora tambi\u00e9n apunt\u00f3 hacia el Gobierno, se\u00f1alando que sigui\u00f3 \u201cpaso a paso\u201d sus indicaciones y que ninguna autoridad involucrada en el proceso le advirti\u00f3 sobre posibles inhabilidades constitucionales.<\/p>\n\n\n\n<hr class=\"wp-block-separator has-alpha-channel-opacity\"\/>\n\n\n\n<h4 class=\"wp-block-heading\"><strong>El Caso de la Compra-Venta de la Casa de Salvador Allende<\/strong><\/h4>\n\n\n\n<p class=\"wp-block-paragraph\">El fallo que llev\u00f3 a la <strong>destituci\u00f3n Isabel Allende compra casa padre <\/strong>se bas\u00f3 en la fallida transacci\u00f3n relacionada con la vivienda del expresidente Salvador Allende. Seg\u00fan el Tribunal Constitucional, este contrato viol\u00f3 el art\u00edculo 60 de la Carta Magna, lo que deriv\u00f3 en su separaci\u00f3n del cargo.<\/p>\n\n\n\n<p class=\"wp-block-paragraph\">A pesar de aceptar la decisi\u00f3n, Allende cuestion\u00f3 que el fallo \u201cvulnera principios de justicia, proporcionalidad y sentido democr\u00e1tico\u201d.<\/p>\n\n\n\n<blockquote class=\"wp-block-quote is-layout-flow wp-block-quote-is-layout-flow\">\n<p class=\"wp-block-paragraph\"><strong>\u201cComo parlamentaria deb\u00ed haber tenido presente el art\u00edculo 60 de la Constituci\u00f3n,\u201d <\/strong>admiti\u00f3. Sin embargo, insisti\u00f3 en que su error no fue intencional ni malintencionado.<\/p>\n<\/blockquote>\n\n\n\n<hr class=\"wp-block-separator has-alpha-channel-opacity\"\/>\n\n\n\n<h4 class=\"wp-block-heading\"><strong>Un Legado Pol\u00edtico en Pausa<\/strong><\/h4>\n\n\n\n<p class=\"wp-block-paragraph\">Isabel Allende cerr\u00f3 su discurso recordando su trayectoria y su compromiso con Chile. Agradeci\u00f3 a sus colegas por el apoyo recibido durante sus d\u00e9cadas de servicio y destac\u00f3 que, aunque deja el Senado, su vocaci\u00f3n de servicio p\u00fablico permanece intacta.<\/p>\n\n\n\n<blockquote class=\"wp-block-quote is-layout-flow wp-block-quote-is-layout-flow\">\n<p class=\"wp-block-paragraph\"><strong>\u201cMi historia y dignidad pol\u00edtica no pueden ser cuestionadas. He servido a mi pa\u00eds con honestidad y entrega.\u201d<\/strong><\/p>\n<\/blockquote>\n\n\n\n<p class=\"wp-block-paragraph\">Este emotivo adi\u00f3s dej\u00f3 una huella profunda entre los legisladores presentes, quienes reconocieron su labor como una figura clave en la pol\u00edtica chilena.<\/p>\n\n\n\n<hr class=\"wp-block-separator has-alpha-channel-opacity\"\/>\n\n\n\n<h4 class=\"wp-block-heading\"><strong>Llamado a la Reflexi\u00f3n<\/strong><\/h4>\n\n\n\n<p class=\"wp-block-paragraph\">El caso de Isabel Allende subraya la importancia de la transparencia y la \u00e9tica en el ejercicio p\u00fablico. Si tienes una opini\u00f3n sobre este tema, comp\u00e1rtela en nuestras redes sociales. Juntos podemos construir un di\u00e1logo constructivo sobre justicia y derechos.<\/p>\n","protected":false},"excerpt":{"rendered":"<p>La senadora Isabel Allende discurso despedida Senado se convirti\u00f3 en un momento hist\u00f3rico y cargado de emoci\u00f3n tras<\/p>\n","protected":false},"author":5,"featured_media":7171,"comment_status":"open","ping_status":"open","sticky":false,"template":"","format":"standard","meta":{"_crdt_document":"","_uag_custom_page_level_css":"","_sitemap_exclude":false,"_sitemap_priority":"","_sitemap_frequency":"","_joinchat":[],"footnotes":""},"categories":[14],"tags":[],"class_list":["post-7170","post","type-post","status-publish","format-standard","has-post-thumbnail","hentry","category-nacional"],"featured_image_urls":{"full":["https:\/\/www.koncevisiontv.cl\/web\/wp-content\/uploads\/2025\/04\/NQR57MUIAZEDFMPO64R6QDT2IM.avif",1023,682,false],"thumbnail":["https:\/\/www.koncevisiontv.cl\/web\/wp-content\/uploads\/2025\/04\/NQR57MUIAZEDFMPO64R6QDT2IM-150x150.avif",150,150,true],"medium":["https:\/\/www.koncevisiontv.cl\/web\/wp-content\/uploads\/2025\/04\/NQR57MUIAZEDFMPO64R6QDT2IM-300x200.avif",300,200,true],"medium_large":["https:\/\/www.koncevisiontv.cl\/web\/wp-content\/uploads\/2025\/04\/NQR57MUIAZEDFMPO64R6QDT2IM-768x512.avif",640,427,true],"large":["https:\/\/www.koncevisiontv.cl\/web\/wp-content\/uploads\/2025\/04\/NQR57MUIAZEDFMPO64R6QDT2IM.avif",640,427,false],"1536x1536":["https:\/\/www.koncevisiontv.cl\/web\/wp-content\/uploads\/2025\/04\/NQR57MUIAZEDFMPO64R6QDT2IM.avif",1023,682,false],"2048x2048":["https:\/\/www.koncevisiontv.cl\/web\/wp-content\/uploads\/2025\/04\/NQR57MUIAZEDFMPO64R6QDT2IM.avif",1023,682,false],"darknews-featured":["https:\/\/www.koncevisiontv.cl\/web\/wp-content\/uploads\/2025\/04\/NQR57MUIAZEDFMPO64R6QDT2IM.avif",1023,682,false],"darknews-large":["https:\/\/www.koncevisiontv.cl\/web\/wp-content\/uploads\/2025\/04\/NQR57MUIAZEDFMPO64R6QDT2IM-825x575.avif",825,575,true],"darknews-medium":["https:\/\/www.koncevisiontv.cl\/web\/wp-content\/uploads\/2025\/04\/NQR57MUIAZEDFMPO64R6QDT2IM-590x410.avif",590,410,true]},"author_info":{"info":["Web-Master"]},"category_info":"<a href=\"https:\/\/www.koncevisiontv.cl\/web\/category\/nacional\/\" rel=\"category tag\">Nacional<\/a>","tag_info":"Nacional","comment_count":"0","uagb_featured_image_src":{"full":["https:\/\/www.koncevisiontv.cl\/web\/wp-content\/uploads\/2025\/04\/NQR57MUIAZEDFMPO64R6QDT2IM.avif",1023,682,false],"thumbnail":["https:\/\/www.koncevisiontv.cl\/web\/wp-content\/uploads\/2025\/04\/NQR57MUIAZEDFMPO64R6QDT2IM-150x150.avif",150,150,true],"medium":["https:\/\/www.koncevisiontv.cl\/web\/wp-content\/uploads\/2025\/04\/NQR57MUIAZEDFMPO64R6QDT2IM-300x200.avif",300,200,true],"medium_large":["https:\/\/www.koncevisiontv.cl\/web\/wp-content\/uploads\/2025\/04\/NQR57MUIAZEDFMPO64R6QDT2IM-768x512.avif",640,427,true],"large":["https:\/\/www.koncevisiontv.cl\/web\/wp-content\/uploads\/2025\/04\/NQR57MUIAZEDFMPO64R6QDT2IM.avif",640,427,false],"1536x1536":["https:\/\/www.koncevisiontv.cl\/web\/wp-content\/uploads\/2025\/04\/NQR57MUIAZEDFMPO64R6QDT2IM.avif",1023,682,false],"2048x2048":["https:\/\/www.koncevisiontv.cl\/web\/wp-content\/uploads\/2025\/04\/NQR57MUIAZEDFMPO64R6QDT2IM.avif",1023,682,false],"darknews-featured":["https:\/\/www.koncevisiontv.cl\/web\/wp-content\/uploads\/2025\/04\/NQR57MUIAZEDFMPO64R6QDT2IM.avif",1023,682,false],"darknews-large":["https:\/\/www.koncevisiontv.cl\/web\/wp-content\/uploads\/2025\/04\/NQR57MUIAZEDFMPO64R6QDT2IM-825x575.avif",825,575,true],"darknews-medium":["https:\/\/www.koncevisiontv.cl\/web\/wp-content\/uploads\/2025\/04\/NQR57MUIAZEDFMPO64R6QDT2IM-590x410.avif",590,410,true]},"uagb_author_info":{"display_name":"Web-Master","author_link":"https:\/\/www.koncevisiontv.cl\/web\/author\/koncevision\/"},"uagb_comment_info":0,"uagb_excerpt":"La senadora Isabel Allende discurso despedida Senado se convirti\u00f3 en un momento hist\u00f3rico y cargado de emoci\u00f3n tras","_links":{"self":[{"href":"https:\/\/www.koncevisiontv.cl\/web\/wp-json\/wp\/v2\/posts\/7170","targetHints":{"allow":["GET"]}}],"collection":[{"href":"https:\/\/www.koncevisiontv.cl\/web\/wp-json\/wp\/v2\/posts"}],"about":[{"href":"https:\/\/www.koncevisiontv.cl\/web\/wp-json\/wp\/v2\/types\/post"}],"author":[{"embeddable":true,"href":"https:\/\/www.koncevisiontv.cl\/web\/wp-json\/wp\/v2\/users\/5"}],"replies":[{"embeddable":true,"href":"https:\/\/www.koncevisiontv.cl\/web\/wp-json\/wp\/v2\/comments?post=7170"}],"version-history":[{"count":1,"href":"https:\/\/www.koncevisiontv.cl\/web\/wp-json\/wp\/v2\/posts\/7170\/revisions"}],"predecessor-version":[{"id":7173,"href":"https:\/\/www.koncevisiontv.cl\/web\/wp-json\/wp\/v2\/posts\/7170\/revisions\/7173"}],"wp:featuredmedia":[{"embeddable":true,"href":"https:\/\/www.koncevisiontv.cl\/web\/wp-json\/wp\/v2\/media\/7171"}],"wp:attachment":[{"href":"https:\/\/www.koncevisiontv.cl\/web\/wp-json\/wp\/v2\/media?parent=7170"}],"wp:term":[{"taxonomy":"category","embeddable":true,"href":"https:\/\/www.koncevisiontv.cl\/web\/wp-json\/wp\/v2\/categories?post=7170"},{"taxonomy":"post_tag","embeddable":true,"href":"https:\/\/www.koncevisiontv.cl\/web\/wp-json\/wp\/v2\/tags?post=7170"}],"curies":[{"name":"wp","href":"https:\/\/api.w.org\/{rel}","templated":true}]}}