{"id":7174,"date":"2025-04-09T13:01:30","date_gmt":"2025-04-09T17:01:30","guid":{"rendered":"https:\/\/www.koncevisiontv.cl\/web\/?p=7174"},"modified":"2025-04-09T13:01:33","modified_gmt":"2025-04-09T17:01:33","slug":"protesta-por-corte-de-luz-en-lota","status":"publish","type":"post","link":"https:\/\/www.koncevisiontv.cl\/web\/protesta-por-corte-de-luz-en-lota\/","title":{"rendered":"Protesta por Corte de Luz en Lota Bloquea la Ruta 160"},"content":{"rendered":"\n<h2 class=\"wp-block-heading\">Introducci\u00f3n<\/h2>\n\n\n\n<p class=\"wp-block-paragraph\">La\u00a0<strong>protesta por corte de luz en <\/strong><a href=\"https:\/\/www.lota.cl\" target=\"_blank\" rel=\"noreferrer noopener\"><strong>Lota<\/strong>\u00a0<\/a>ha generado un gran revuelo en la comunidad local. Vecinos de un asentamiento irregular en Lota decidieron bloquear la Ruta 160 en respuesta al corte del suministro el\u00e9ctrico realizado por la empresa Frontel. Esta medida ha afectado a m\u00e1s de 60 familias, quienes exigen soluciones inmediatas para restablecer el servicio.<\/p>\n\n\n\n<p class=\"wp-block-paragraph\">La situaci\u00f3n se ha vuelto cada vez m\u00e1s cr\u00edtica, ya que la falta de electricidad ha provocado p\u00e9rdidas significativas, incluyendo la de alimentos y medicamentos que requieren refrigeraci\u00f3n. Esta situaci\u00f3n ha sido especialmente dif\u00edcil para adultos mayores y ni\u00f1os, quienes dependen de estos medicamentos para su salud.<\/p>\n\n\n\n<h2 class=\"wp-block-heading\">Contexto del Conflicto<\/h2>\n\n\n\n<p class=\"wp-block-paragraph\">El&nbsp;<strong>corte de luz en Lota<\/strong>&nbsp;se produjo hace tres d\u00edas, dejando a los residentes sin acceso a servicios b\u00e1sicos. Seg\u00fan los manifestantes, la falta de electricidad ha provocado una serie de problemas que afectan directamente su calidad de vida. La&nbsp;<strong>protesta por corte de luz en Lota<\/strong>&nbsp;ha sido una medida extrema para llamar la atenci\u00f3n sobre su situaci\u00f3n.<\/p>\n\n\n\n<p class=\"wp-block-paragraph\">Los vecinos han expresado su frustraci\u00f3n ante la falta de respuestas efectivas por parte de las autoridades y la empresa proveedora de servicios. La comunidad ha estado buscando soluciones durante meses, pero hasta ahora no han recibido respuestas concretas.<\/p>\n\n\n\n<h2 class=\"wp-block-heading\">Detalles de la Protesta<\/h2>\n\n\n\n<p class=\"wp-block-paragraph\">La&nbsp;<strong>protesta por corte de luz en Lota<\/strong>&nbsp;incluy\u00f3 barricadas encendidas y un bloqueo total del tr\u00e1nsito en la Ruta 160, una v\u00eda clave para la Regi\u00f3n del Biob\u00edo. Los vecinos expresaron su desesperaci\u00f3n ante la falta de soluciones inmediatas para el&nbsp;<strong>corte de luz en Lota<\/strong>.<\/p>\n\n\n\n<p class=\"wp-block-paragraph\">El&nbsp;<strong>bloqueo de la Ruta 160 en Lota<\/strong>&nbsp;gener\u00f3 un extenso taco vehicular, afectando a cientos de conductores que intentaban transitar por la zona. Personal especializado en Control y Orden P\u00fablico acudi\u00f3 al lugar para apagar las barricadas y restablecer el tr\u00e1nsito sin reportar detenidos.<\/p>\n\n\n\n<p class=\"wp-block-paragraph\">La protesta no solo buscaba llamar la atenci\u00f3n sobre el&nbsp;<strong>corte de luz en Lota<\/strong>&nbsp;sino tambi\u00e9n sobre las condiciones precarias en las que viven las familias del asentamiento. La falta de servicios b\u00e1sicos como la electricidad es solo una de las muchas dificultades que enfrentan diariamente.<\/p>\n\n\n\n<h2 class=\"wp-block-heading\">Reacciones y Declaraciones<\/h2>\n\n\n\n<p class=\"wp-block-paragraph\">El alcalde de Lota, Jaime V\u00e1squez, expres\u00f3 su apoyo a los vecinos afectados, calificando sus demandas como leg\u00edtimas. Adem\u00e1s, inform\u00f3 que se encuentra en conversaciones con Frontel para buscar una soluci\u00f3n al problema del&nbsp;<strong>corte de luz en Lota<\/strong>. Por su parte, la empresa justific\u00f3 su decisi\u00f3n se\u00f1alando riesgos asociados a las conexiones irregulares.<\/p>\n\n\n\n<p class=\"wp-block-paragraph\">Sin embargo, los vecinos argumentan que el corte afect\u00f3 no solo a las conexiones irregulares sino tambi\u00e9n a clientes regulares de la empresa. Esto ha generado un conflicto adicional, ya que muchos residentes se sienten injustamente penalizados por una situaci\u00f3n que no es de su responsabilidad.<\/p>\n\n\n\n<h2 class=\"wp-block-heading\">Impacto Social y Exigencias<\/h2>\n\n\n\n<p class=\"wp-block-paragraph\">La&nbsp;<strong>protesta por corte de luz en Lota<\/strong>&nbsp;pone en evidencia las dificultades que enfrentan comunidades vulnerables al habitar terrenos fiscales sin acceso formal a servicios b\u00e1sicos. Los vecinos exigen no solo la reposici\u00f3n inmediata del suministro el\u00e9ctrico sino tambi\u00e9n soluciones definitivas para regularizar su situaci\u00f3n habitacional.<\/p>\n\n\n\n<p class=\"wp-block-paragraph\">La comunidad espera que las autoridades y las empresas involucradas trabajen juntas para encontrar una soluci\u00f3n que beneficie a todos los afectados por el&nbsp;<strong>corte de luz en Lota<\/strong>. La&nbsp;<strong>protesta por corte de luz en Lota<\/strong>&nbsp;ha sido un llamado a la acci\u00f3n para abordar estas necesidades urgentes.<\/p>\n\n\n\n<h2 class=\"wp-block-heading\">An\u00e1lisis de la Situaci\u00f3n<\/h2>\n\n\n\n<p class=\"wp-block-paragraph\">El conflicto en Lota refleja un problema m\u00e1s amplio en Chile, donde muchas comunidades enfrentan dificultades similares debido a la falta de acceso a servicios b\u00e1sicos. La&nbsp;<strong>protesta por corte de luz en Lota<\/strong>&nbsp;es un ejemplo de c\u00f3mo estas situaciones pueden desencadenar movilizaciones sociales que buscan visibilidad y soluciones.<\/p>\n\n\n\n<p class=\"wp-block-paragraph\">Es importante que las autoridades y las empresas involucradas trabajen en conjunto para abordar estas cuestiones de manera integral. La regularizaci\u00f3n de los asentamientos y el acceso a servicios b\u00e1sicos son fundamentales para mejorar la calidad de vida de las comunidades m\u00e1s vulnerables.<\/p>\n\n\n\n<h2 class=\"wp-block-heading\">Conclusi\u00f3n<\/h2>\n\n\n\n<p class=\"wp-block-paragraph\">La&nbsp;<strong>protesta por corte de luz en Lota<\/strong>&nbsp;es un recordatorio de las tensiones sociales existentes entre comunidades en situaci\u00f3n precaria y las empresas proveedoras de servicios esenciales. La necesidad de soluciones integrales es evidente para evitar futuros conflictos similares. La comunidad sigue esperando respuestas concretas para el&nbsp;<strong>corte de luz en Lota<\/strong>&nbsp;y el&nbsp;<strong>bloqueo de la Ruta 160 en Lota<\/strong>.<\/p>\n\n\n\n<p class=\"wp-block-paragraph\">La&nbsp;<strong>protesta por corte de luz en Lota<\/strong>&nbsp;ha sido un llamado a la acci\u00f3n para abordar las necesidades urgentes de las familias afectadas. Es crucial que se encuentren soluciones que beneficien a todos los involucrados y que se trabaje hacia una mejora en el acceso a servicios b\u00e1sicos para las comunidades m\u00e1s vulnerables.<\/p>\n\n\n\n<p class=\"wp-block-paragraph\"><\/p>\n","protected":false},"excerpt":{"rendered":"<p>Introducci\u00f3n La\u00a0protesta por corte de luz en Lota\u00a0ha generado un gran revuelo en la comunidad local. Vecinos de<\/p>\n","protected":false},"author":5,"featured_media":7175,"comment_status":"open","ping_status":"open","sticky":false,"template":"","format":"standard","meta":{"_crdt_document":"","_uag_custom_page_level_css":"","_sitemap_exclude":false,"_sitemap_priority":"","_sitemap_frequency":"","_joinchat":[],"footnotes":""},"categories":[14],"tags":[],"class_list":["post-7174","post","type-post","status-publish","format-standard","has-post-thumbnail","hentry","category-nacional"],"featured_image_urls":{"full":["https:\/\/www.koncevisiontv.cl\/web\/wp-content\/uploads\/2025\/04\/Screenshot_20250409_112108_com_android_chrome_ChromeTabbedActivity.webp",1200,769,false],"thumbnail":["https:\/\/www.koncevisiontv.cl\/web\/wp-content\/uploads\/2025\/04\/Screenshot_20250409_112108_com_android_chrome_ChromeTabbedActivity-150x150.webp",150,150,true],"medium":["https:\/\/www.koncevisiontv.cl\/web\/wp-content\/uploads\/2025\/04\/Screenshot_20250409_112108_com_android_chrome_ChromeTabbedActivity-300x192.webp",300,192,true],"medium_large":["https:\/\/www.koncevisiontv.cl\/web\/wp-content\/uploads\/2025\/04\/Screenshot_20250409_112108_com_android_chrome_ChromeTabbedActivity-768x492.webp",640,410,true],"large":["https:\/\/www.koncevisiontv.cl\/web\/wp-content\/uploads\/2025\/04\/Screenshot_20250409_112108_com_android_chrome_ChromeTabbedActivity-1024x656.webp",640,410,true],"1536x1536":["https:\/\/www.koncevisiontv.cl\/web\/wp-content\/uploads\/2025\/04\/Screenshot_20250409_112108_com_android_chrome_ChromeTabbedActivity.webp",1200,769,false],"2048x2048":["https:\/\/www.koncevisiontv.cl\/web\/wp-content\/uploads\/2025\/04\/Screenshot_20250409_112108_com_android_chrome_ChromeTabbedActivity.webp",1200,769,false],"darknews-featured":["https:\/\/www.koncevisiontv.cl\/web\/wp-content\/uploads\/2025\/04\/Screenshot_20250409_112108_com_android_chrome_ChromeTabbedActivity-1024x656.webp",1024,656,true],"darknews-large":["https:\/\/www.koncevisiontv.cl\/web\/wp-content\/uploads\/2025\/04\/Screenshot_20250409_112108_com_android_chrome_ChromeTabbedActivity-825x575.webp",825,575,true],"darknews-medium":["https:\/\/www.koncevisiontv.cl\/web\/wp-content\/uploads\/2025\/04\/Screenshot_20250409_112108_com_android_chrome_ChromeTabbedActivity-590x410.webp",590,410,true]},"author_info":{"info":["Web-Master"]},"category_info":"<a href=\"https:\/\/www.koncevisiontv.cl\/web\/category\/nacional\/\" rel=\"category tag\">Nacional<\/a>","tag_info":"Nacional","comment_count":"0","uagb_featured_image_src":{"full":["https:\/\/www.koncevisiontv.cl\/web\/wp-content\/uploads\/2025\/04\/Screenshot_20250409_112108_com_android_chrome_ChromeTabbedActivity.webp",1200,769,false],"thumbnail":["https:\/\/www.koncevisiontv.cl\/web\/wp-content\/uploads\/2025\/04\/Screenshot_20250409_112108_com_android_chrome_ChromeTabbedActivity-150x150.webp",150,150,true],"medium":["https:\/\/www.koncevisiontv.cl\/web\/wp-content\/uploads\/2025\/04\/Screenshot_20250409_112108_com_android_chrome_ChromeTabbedActivity-300x192.webp",300,192,true],"medium_large":["https:\/\/www.koncevisiontv.cl\/web\/wp-content\/uploads\/2025\/04\/Screenshot_20250409_112108_com_android_chrome_ChromeTabbedActivity-768x492.webp",640,410,true],"large":["https:\/\/www.koncevisiontv.cl\/web\/wp-content\/uploads\/2025\/04\/Screenshot_20250409_112108_com_android_chrome_ChromeTabbedActivity-1024x656.webp",640,410,true],"1536x1536":["https:\/\/www.koncevisiontv.cl\/web\/wp-content\/uploads\/2025\/04\/Screenshot_20250409_112108_com_android_chrome_ChromeTabbedActivity.webp",1200,769,false],"2048x2048":["https:\/\/www.koncevisiontv.cl\/web\/wp-content\/uploads\/2025\/04\/Screenshot_20250409_112108_com_android_chrome_ChromeTabbedActivity.webp",1200,769,false],"darknews-featured":["https:\/\/www.koncevisiontv.cl\/web\/wp-content\/uploads\/2025\/04\/Screenshot_20250409_112108_com_android_chrome_ChromeTabbedActivity-1024x656.webp",1024,656,true],"darknews-large":["https:\/\/www.koncevisiontv.cl\/web\/wp-content\/uploads\/2025\/04\/Screenshot_20250409_112108_com_android_chrome_ChromeTabbedActivity-825x575.webp",825,575,true],"darknews-medium":["https:\/\/www.koncevisiontv.cl\/web\/wp-content\/uploads\/2025\/04\/Screenshot_20250409_112108_com_android_chrome_ChromeTabbedActivity-590x410.webp",590,410,true]},"uagb_author_info":{"display_name":"Web-Master","author_link":"https:\/\/www.koncevisiontv.cl\/web\/author\/koncevision\/"},"uagb_comment_info":0,"uagb_excerpt":"Introducci\u00f3n La\u00a0protesta por corte de luz en Lota\u00a0ha generado un gran revuelo en la comunidad local. Vecinos de","_links":{"self":[{"href":"https:\/\/www.koncevisiontv.cl\/web\/wp-json\/wp\/v2\/posts\/7174","targetHints":{"allow":["GET"]}}],"collection":[{"href":"https:\/\/www.koncevisiontv.cl\/web\/wp-json\/wp\/v2\/posts"}],"about":[{"href":"https:\/\/www.koncevisiontv.cl\/web\/wp-json\/wp\/v2\/types\/post"}],"author":[{"embeddable":true,"href":"https:\/\/www.koncevisiontv.cl\/web\/wp-json\/wp\/v2\/users\/5"}],"replies":[{"embeddable":true,"href":"https:\/\/www.koncevisiontv.cl\/web\/wp-json\/wp\/v2\/comments?post=7174"}],"version-history":[{"count":1,"href":"https:\/\/www.koncevisiontv.cl\/web\/wp-json\/wp\/v2\/posts\/7174\/revisions"}],"predecessor-version":[{"id":7176,"href":"https:\/\/www.koncevisiontv.cl\/web\/wp-json\/wp\/v2\/posts\/7174\/revisions\/7176"}],"wp:featuredmedia":[{"embeddable":true,"href":"https:\/\/www.koncevisiontv.cl\/web\/wp-json\/wp\/v2\/media\/7175"}],"wp:attachment":[{"href":"https:\/\/www.koncevisiontv.cl\/web\/wp-json\/wp\/v2\/media?parent=7174"}],"wp:term":[{"taxonomy":"category","embeddable":true,"href":"https:\/\/www.koncevisiontv.cl\/web\/wp-json\/wp\/v2\/categories?post=7174"},{"taxonomy":"post_tag","embeddable":true,"href":"https:\/\/www.koncevisiontv.cl\/web\/wp-json\/wp\/v2\/tags?post=7174"}],"curies":[{"name":"wp","href":"https:\/\/api.w.org\/{rel}","templated":true}]}}