{"id":7177,"date":"2025-04-09T13:37:15","date_gmt":"2025-04-09T17:37:15","guid":{"rendered":"https:\/\/www.koncevisiontv.cl\/web\/?p=7177"},"modified":"2025-04-09T14:03:52","modified_gmt":"2025-04-09T18:03:52","slug":"cathy-barriga-vuelve-a-casa","status":"publish","type":"post","link":"https:\/\/www.koncevisiontv.cl\/web\/cathy-barriga-vuelve-a-casa\/","title":{"rendered":"Corte Revoca Prisi\u00f3n Preventiva y Cathy Barriga Vuelve a Casa en su Cumplea\u00f1os"},"content":{"rendered":"\n<h2 class=\"wp-block-heading\">Corte Revoca Prisi\u00f3n Preventiva y&nbsp;<strong>Cathy Barriga Vuelve a Casa<\/strong><\/h2>\n\n\n\n<h2 class=\"wp-block-heading\">Introducci\u00f3n<\/h2>\n\n\n\n<p class=\"wp-block-paragraph\"><strong>Cathy Barriga vuelve a casa<\/strong>&nbsp;tras una decisi\u00f3n de la Corte de Apelaciones de Santiago que revoc\u00f3 su prisi\u00f3n preventiva en el d\u00eda de su cumplea\u00f1os. Esta medida permite a la exalcaldesa de Maip\u00fa regresar a su hogar, aunque bajo ciertas condiciones. La&nbsp;<strong>revocaci\u00f3n de la prisi\u00f3n preventiva de Cathy Barriga<\/strong>&nbsp;ha generado un gran inter\u00e9s en la opini\u00f3n p\u00fablica.<\/p>\n\n\n\n<h2 class=\"wp-block-heading\">Antecedentes del Caso<\/h2>\n\n\n\n<p class=\"wp-block-paragraph\">Cathy Barriga fue formalizada por delitos de desfalco y falsificaci\u00f3n de instrumento p\u00fablico durante su gesti\u00f3n como alcaldesa de Maip\u00fa. Desde entonces, ha enfrentado varias medidas cautelares, incluyendo arresto domiciliario y prisi\u00f3n preventiva. La&nbsp;<strong>decisi\u00f3n de la Corte sobre Cathy Barriga<\/strong>&nbsp;ha sido objeto de debate, ya que algunos consideran que deber\u00eda permanecer en prisi\u00f3n preventiva mientras se lleva a cabo la investigaci\u00f3n.<\/p>\n\n\n\n<h2 class=\"wp-block-heading\">Decisi\u00f3n de la Corte<\/h2>\n\n\n\n<p class=\"wp-block-paragraph\">La&nbsp;<strong>Corte de Apelaciones de Santiago revoc\u00f3 la prisi\u00f3n preventiva de Cathy Barriga<\/strong>, ordenando su arresto domiciliario nocturno y arraigo nacional. Esta medida permite a la exalcaldesa&nbsp;<strong>volver a casa<\/strong>&nbsp;y preparar su defensa desde su hogar, aunque bajo ciertas restricciones. La&nbsp;<strong>revocaci\u00f3n de la prisi\u00f3n preventiva de Cathy Barriga<\/strong>&nbsp;ha sido vista como un alivio para su familia y seguidores.<\/p>\n\n\n\n<h2 class=\"wp-block-heading\">Reacciones<\/h2>\n\n\n\n<p class=\"wp-block-paragraph\">La noticia de que&nbsp;<strong>Cathy Barriga vuelve a casa<\/strong>&nbsp;ha generado diversas reacciones en la opini\u00f3n p\u00fablica. Mientras algunos celebran la decisi\u00f3n, otros critican la medida, considerando que la exalcaldesa deber\u00eda permanecer en prisi\u00f3n preventiva mientras se lleva a cabo la investigaci\u00f3n. La&nbsp;<strong>decisi\u00f3n sobre Cathy Barriga<\/strong>&nbsp;ha puesto en evidencia las tensiones entre la justicia y la opini\u00f3n p\u00fablica.<\/p>\n\n\n\n<h2 class=\"wp-block-heading\">Implicaciones<\/h2>\n\n\n\n<p class=\"wp-block-paragraph\">La&nbsp;<strong>revocaci\u00f3n de la prisi\u00f3n preventiva de Cathy Barriga<\/strong>&nbsp;tiene importantes implicaciones tanto para la exalcaldesa como para el desarrollo del caso.&nbsp;<strong>Cathy Barriga vuelve a casa<\/strong>&nbsp;con la posibilidad de preparar su defensa desde un entorno m\u00e1s familiar, aunque deber\u00e1 cumplir con las restricciones impuestas por la justicia. Por otro lado, la investigaci\u00f3n por delitos de desfalco y falsificaci\u00f3n de instrumento p\u00fablico continuar\u00e1 su curso, y se espera que en los pr\u00f3ximos meses se definan los pasos a seguir en este caso.<\/p>\n\n\n\n<h2 class=\"wp-block-heading\">Conclusi\u00f3n<\/h2>\n\n\n\n<p class=\"wp-block-paragraph\">La&nbsp;<strong>decisi\u00f3n de la Corte sobre Cathy Barriga<\/strong>&nbsp;es un recordatorio de las complejidades del sistema judicial y las tensiones entre la justicia y la opini\u00f3n p\u00fablica. La&nbsp;<strong>revocaci\u00f3n de la prisi\u00f3n preventiva de Cathy Barriga<\/strong>&nbsp;ha permitido que la exalcaldesa&nbsp;<strong>vuelva a casa<\/strong>, aunque bajo ciertas condiciones. La comunidad sigue esperando respuestas concretas sobre el futuro del caso y c\u00f3mo afectar\u00e1 a la exalcaldesa.<\/p>\n\n\n\n<p class=\"wp-block-paragraph\"><\/p>\n","protected":false},"excerpt":{"rendered":"<p>Corte Revoca Prisi\u00f3n Preventiva y&nbsp;Cathy Barriga Vuelve a Casa Introducci\u00f3n Cathy Barriga vuelve a casa&nbsp;tras una decisi\u00f3n de<\/p>\n","protected":false},"author":5,"featured_media":7178,"comment_status":"open","ping_status":"open","sticky":false,"template":"","format":"standard","meta":{"_crdt_document":"","_uag_custom_page_level_css":"","_sitemap_exclude":false,"_sitemap_priority":"","_sitemap_frequency":"","_joinchat":[],"footnotes":""},"categories":[425],"tags":[],"class_list":["post-7177","post","type-post","status-publish","format-standard","has-post-thumbnail","hentry","category-cathy-barriga"],"featured_image_urls":{"full":["https:\/\/www.koncevisiontv.cl\/web\/wp-content\/uploads\/2025\/04\/F2AT5P2QGVGIPMNQXOLKPZ5LLY.avif",1023,682,false],"thumbnail":["https:\/\/www.koncevisiontv.cl\/web\/wp-content\/uploads\/2025\/04\/F2AT5P2QGVGIPMNQXOLKPZ5LLY-150x150.avif",150,150,true],"medium":["https:\/\/www.koncevisiontv.cl\/web\/wp-content\/uploads\/2025\/04\/F2AT5P2QGVGIPMNQXOLKPZ5LLY-300x200.avif",300,200,true],"medium_large":["https:\/\/www.koncevisiontv.cl\/web\/wp-content\/uploads\/2025\/04\/F2AT5P2QGVGIPMNQXOLKPZ5LLY-768x512.avif",640,427,true],"large":["https:\/\/www.koncevisiontv.cl\/web\/wp-content\/uploads\/2025\/04\/F2AT5P2QGVGIPMNQXOLKPZ5LLY.avif",640,427,false],"1536x1536":["https:\/\/www.koncevisiontv.cl\/web\/wp-content\/uploads\/2025\/04\/F2AT5P2QGVGIPMNQXOLKPZ5LLY.avif",1023,682,false],"2048x2048":["https:\/\/www.koncevisiontv.cl\/web\/wp-content\/uploads\/2025\/04\/F2AT5P2QGVGIPMNQXOLKPZ5LLY.avif",1023,682,false],"darknews-featured":["https:\/\/www.koncevisiontv.cl\/web\/wp-content\/uploads\/2025\/04\/F2AT5P2QGVGIPMNQXOLKPZ5LLY.avif",1023,682,false],"darknews-large":["https:\/\/www.koncevisiontv.cl\/web\/wp-content\/uploads\/2025\/04\/F2AT5P2QGVGIPMNQXOLKPZ5LLY-825x575.avif",825,575,true],"darknews-medium":["https:\/\/www.koncevisiontv.cl\/web\/wp-content\/uploads\/2025\/04\/F2AT5P2QGVGIPMNQXOLKPZ5LLY-590x410.avif",590,410,true]},"author_info":{"info":["Web-Master"]},"category_info":"<a href=\"https:\/\/www.koncevisiontv.cl\/web\/category\/cathy-barriga\/\" rel=\"category tag\">Cathy Barriga<\/a>","tag_info":"Cathy Barriga","comment_count":"0","uagb_featured_image_src":{"full":["https:\/\/www.koncevisiontv.cl\/web\/wp-content\/uploads\/2025\/04\/F2AT5P2QGVGIPMNQXOLKPZ5LLY.avif",1023,682,false],"thumbnail":["https:\/\/www.koncevisiontv.cl\/web\/wp-content\/uploads\/2025\/04\/F2AT5P2QGVGIPMNQXOLKPZ5LLY-150x150.avif",150,150,true],"medium":["https:\/\/www.koncevisiontv.cl\/web\/wp-content\/uploads\/2025\/04\/F2AT5P2QGVGIPMNQXOLKPZ5LLY-300x200.avif",300,200,true],"medium_large":["https:\/\/www.koncevisiontv.cl\/web\/wp-content\/uploads\/2025\/04\/F2AT5P2QGVGIPMNQXOLKPZ5LLY-768x512.avif",640,427,true],"large":["https:\/\/www.koncevisiontv.cl\/web\/wp-content\/uploads\/2025\/04\/F2AT5P2QGVGIPMNQXOLKPZ5LLY.avif",640,427,false],"1536x1536":["https:\/\/www.koncevisiontv.cl\/web\/wp-content\/uploads\/2025\/04\/F2AT5P2QGVGIPMNQXOLKPZ5LLY.avif",1023,682,false],"2048x2048":["https:\/\/www.koncevisiontv.cl\/web\/wp-content\/uploads\/2025\/04\/F2AT5P2QGVGIPMNQXOLKPZ5LLY.avif",1023,682,false],"darknews-featured":["https:\/\/www.koncevisiontv.cl\/web\/wp-content\/uploads\/2025\/04\/F2AT5P2QGVGIPMNQXOLKPZ5LLY.avif",1023,682,false],"darknews-large":["https:\/\/www.koncevisiontv.cl\/web\/wp-content\/uploads\/2025\/04\/F2AT5P2QGVGIPMNQXOLKPZ5LLY-825x575.avif",825,575,true],"darknews-medium":["https:\/\/www.koncevisiontv.cl\/web\/wp-content\/uploads\/2025\/04\/F2AT5P2QGVGIPMNQXOLKPZ5LLY-590x410.avif",590,410,true]},"uagb_author_info":{"display_name":"Web-Master","author_link":"https:\/\/www.koncevisiontv.cl\/web\/author\/koncevision\/"},"uagb_comment_info":0,"uagb_excerpt":"Corte Revoca Prisi\u00f3n Preventiva y&nbsp;Cathy Barriga Vuelve a Casa Introducci\u00f3n Cathy Barriga vuelve a casa&nbsp;tras una decisi\u00f3n de","_links":{"self":[{"href":"https:\/\/www.koncevisiontv.cl\/web\/wp-json\/wp\/v2\/posts\/7177","targetHints":{"allow":["GET"]}}],"collection":[{"href":"https:\/\/www.koncevisiontv.cl\/web\/wp-json\/wp\/v2\/posts"}],"about":[{"href":"https:\/\/www.koncevisiontv.cl\/web\/wp-json\/wp\/v2\/types\/post"}],"author":[{"embeddable":true,"href":"https:\/\/www.koncevisiontv.cl\/web\/wp-json\/wp\/v2\/users\/5"}],"replies":[{"embeddable":true,"href":"https:\/\/www.koncevisiontv.cl\/web\/wp-json\/wp\/v2\/comments?post=7177"}],"version-history":[{"count":1,"href":"https:\/\/www.koncevisiontv.cl\/web\/wp-json\/wp\/v2\/posts\/7177\/revisions"}],"predecessor-version":[{"id":7179,"href":"https:\/\/www.koncevisiontv.cl\/web\/wp-json\/wp\/v2\/posts\/7177\/revisions\/7179"}],"wp:featuredmedia":[{"embeddable":true,"href":"https:\/\/www.koncevisiontv.cl\/web\/wp-json\/wp\/v2\/media\/7178"}],"wp:attachment":[{"href":"https:\/\/www.koncevisiontv.cl\/web\/wp-json\/wp\/v2\/media?parent=7177"}],"wp:term":[{"taxonomy":"category","embeddable":true,"href":"https:\/\/www.koncevisiontv.cl\/web\/wp-json\/wp\/v2\/categories?post=7177"},{"taxonomy":"post_tag","embeddable":true,"href":"https:\/\/www.koncevisiontv.cl\/web\/wp-json\/wp\/v2\/tags?post=7177"}],"curies":[{"name":"wp","href":"https:\/\/api.w.org\/{rel}","templated":true}]}}