{"id":7180,"date":"2025-04-09T14:17:26","date_gmt":"2025-04-09T18:17:26","guid":{"rendered":"https:\/\/www.koncevisiontv.cl\/web\/?p=7180"},"modified":"2025-04-09T14:17:29","modified_gmt":"2025-04-09T18:17:29","slug":"familia-denuncia-negligencia-medica-puerto-montt","status":"publish","type":"post","link":"https:\/\/www.koncevisiontv.cl\/web\/familia-denuncia-negligencia-medica-puerto-montt\/","title":{"rendered":"Tragedia en Puerto Montt: Familia Denuncia Negligencia M\u00e9dica Tras Muerte de Reci\u00e9n Nacida"},"content":{"rendered":"\n<h2 class=\"wp-block-heading\">Introducci\u00f3n<\/h2>\n\n\n\n<p class=\"wp-block-paragraph\">La&nbsp;<strong>familia denuncia negligencia m\u00e9dica<\/strong>&nbsp;en el Hospital de Puerto Montt tras la dolorosa muerte de su beb\u00e9, quien falleci\u00f3 apenas una hora despu\u00e9s de nacer. Este tr\u00e1gico suceso ha llevado a la presentaci\u00f3n de una querella por homicidio frustrado y consumado, negligencia m\u00e9dica y falsificaci\u00f3n de instrumento p\u00fablico contra la obstetra Patricia \u00c1lvarez.<\/p>\n\n\n\n<h2 class=\"wp-block-heading\">Detalles del Caso<\/h2>\n\n\n\n<p class=\"wp-block-paragraph\">La reci\u00e9n nacida, quien naci\u00f3 prematura en la semana 22 de gestaci\u00f3n, no recibi\u00f3 el soporte vital necesario, como una incubadora, lo que la familia considera como un acto de&nbsp;<strong>negligencia m\u00e9dica<\/strong>. La&nbsp;<strong>familia denuncia negligencia m\u00e9dica<\/strong>&nbsp;y acusa al hospital de haber falseado informaci\u00f3n sobre la causa y la hora exacta del fallecimiento de la menor.<\/p>\n\n\n\n<h2 class=\"wp-block-heading\">Acusaciones Formales<\/h2>\n\n\n\n<p class=\"wp-block-paragraph\">La familia ha presentado una querella por homicidio frustrado y consumado, negligencia m\u00e9dica y falsificaci\u00f3n de instrumento p\u00fablico contra la obstetra Patricia \u00c1lvarez. La&nbsp;<strong>familia denuncia negligencia m\u00e9dica<\/strong>&nbsp;y argumenta que la falta de atenci\u00f3n adecuada, especialmente la presunta negaci\u00f3n de una incubadora, contribuy\u00f3 directamente a la muerte de la beb\u00e9.<\/p>\n\n\n\n<h2 class=\"wp-block-heading\">Investigaci\u00f3n en Curso<\/h2>\n\n\n\n<p class=\"wp-block-paragraph\">Se espera que las autoridades competentes inicien una investigaci\u00f3n exhaustiva para esclarecer los hechos y determinar si hubo&nbsp;<strong>negligencia m\u00e9dica<\/strong>&nbsp;por parte del personal del Hospital de Puerto Montt. La&nbsp;<strong>familia denuncia negligencia m\u00e9dica<\/strong>&nbsp;y exige una investigaci\u00f3n transparente y rigurosa para que se haga justicia.<\/p>\n\n\n\n<h2 class=\"wp-block-heading\">Reacciones y Exigencias<\/h2>\n\n\n\n<p class=\"wp-block-paragraph\">La&nbsp;<strong>denuncia de la familia por negligencia m\u00e9dica<\/strong>&nbsp;ha generado una ola de indignaci\u00f3n y solidaridad en la comunidad. Muchos han expresado su apoyo a la familia y exigen que se investigue a fondo este caso para que se determinen las responsabilidades correspondientes. Este tr\u00e1gico suceso ha reabierto el debate sobre la calidad de la atenci\u00f3n m\u00e9dica en los hospitales p\u00fablicos y la necesidad de mejorar los protocolos para proteger la vida de los reci\u00e9n nacidos.<\/p>\n\n\n\n<h2 class=\"wp-block-heading\">Conclusi\u00f3n<\/h2>\n\n\n\n<p class=\"wp-block-paragraph\">La&nbsp;<strong>familia denuncia negligencia m\u00e9dica<\/strong>&nbsp;en el Hospital de Puerto Montt tras la muerte de su beb\u00e9 reci\u00e9n nacida. Este doloroso caso ha puesto en tela de juicio los protocolos de atenci\u00f3n en los hospitales p\u00fablicos y ha generado un llamado a la acci\u00f3n para mejorar la calidad de la atenci\u00f3n m\u00e9dica y proteger la vida de los m\u00e1s vulnerables. Se espera que las autoridades investiguen a fondo este caso y determinen si hubo negligencia m\u00e9dica.<\/p>\n","protected":false},"excerpt":{"rendered":"<p>Introducci\u00f3n La&nbsp;familia denuncia negligencia m\u00e9dica&nbsp;en el Hospital de Puerto Montt tras la dolorosa muerte de su beb\u00e9, quien<\/p>\n","protected":false},"author":5,"featured_media":7181,"comment_status":"open","ping_status":"open","sticky":false,"template":"","format":"standard","meta":{"_crdt_document":"","_uag_custom_page_level_css":"","_sitemap_exclude":false,"_sitemap_priority":"","_sitemap_frequency":"","_joinchat":[],"footnotes":""},"categories":[14],"tags":[],"class_list":["post-7180","post","type-post","status-publish","format-standard","has-post-thumbnail","hentry","category-nacional"],"featured_image_urls":{"full":["https:\/\/www.koncevisiontv.cl\/web\/wp-content\/uploads\/2025\/04\/images-2.jpg",300,168,false],"thumbnail":["https:\/\/www.koncevisiontv.cl\/web\/wp-content\/uploads\/2025\/04\/images-2-150x150.jpg",150,150,true],"medium":["https:\/\/www.koncevisiontv.cl\/web\/wp-content\/uploads\/2025\/04\/images-2.jpg",300,168,false],"medium_large":["https:\/\/www.koncevisiontv.cl\/web\/wp-content\/uploads\/2025\/04\/images-2.jpg",300,168,false],"large":["https:\/\/www.koncevisiontv.cl\/web\/wp-content\/uploads\/2025\/04\/images-2.jpg",300,168,false],"1536x1536":["https:\/\/www.koncevisiontv.cl\/web\/wp-content\/uploads\/2025\/04\/images-2.jpg",300,168,false],"2048x2048":["https:\/\/www.koncevisiontv.cl\/web\/wp-content\/uploads\/2025\/04\/images-2.jpg",300,168,false],"darknews-featured":["https:\/\/www.koncevisiontv.cl\/web\/wp-content\/uploads\/2025\/04\/images-2.jpg",300,168,false],"darknews-large":["https:\/\/www.koncevisiontv.cl\/web\/wp-content\/uploads\/2025\/04\/images-2.jpg",300,168,false],"darknews-medium":["https:\/\/www.koncevisiontv.cl\/web\/wp-content\/uploads\/2025\/04\/images-2.jpg",300,168,false]},"author_info":{"info":["Web-Master"]},"category_info":"<a href=\"https:\/\/www.koncevisiontv.cl\/web\/category\/nacional\/\" rel=\"category tag\">Nacional<\/a>","tag_info":"Nacional","comment_count":"0","uagb_featured_image_src":{"full":["https:\/\/www.koncevisiontv.cl\/web\/wp-content\/uploads\/2025\/04\/images-2.jpg",300,168,false],"thumbnail":["https:\/\/www.koncevisiontv.cl\/web\/wp-content\/uploads\/2025\/04\/images-2-150x150.jpg",150,150,true],"medium":["https:\/\/www.koncevisiontv.cl\/web\/wp-content\/uploads\/2025\/04\/images-2.jpg",300,168,false],"medium_large":["https:\/\/www.koncevisiontv.cl\/web\/wp-content\/uploads\/2025\/04\/images-2.jpg",300,168,false],"large":["https:\/\/www.koncevisiontv.cl\/web\/wp-content\/uploads\/2025\/04\/images-2.jpg",300,168,false],"1536x1536":["https:\/\/www.koncevisiontv.cl\/web\/wp-content\/uploads\/2025\/04\/images-2.jpg",300,168,false],"2048x2048":["https:\/\/www.koncevisiontv.cl\/web\/wp-content\/uploads\/2025\/04\/images-2.jpg",300,168,false],"darknews-featured":["https:\/\/www.koncevisiontv.cl\/web\/wp-content\/uploads\/2025\/04\/images-2.jpg",300,168,false],"darknews-large":["https:\/\/www.koncevisiontv.cl\/web\/wp-content\/uploads\/2025\/04\/images-2.jpg",300,168,false],"darknews-medium":["https:\/\/www.koncevisiontv.cl\/web\/wp-content\/uploads\/2025\/04\/images-2.jpg",300,168,false]},"uagb_author_info":{"display_name":"Web-Master","author_link":"https:\/\/www.koncevisiontv.cl\/web\/author\/koncevision\/"},"uagb_comment_info":0,"uagb_excerpt":"Introducci\u00f3n La&nbsp;familia denuncia negligencia m\u00e9dica&nbsp;en el Hospital de Puerto Montt tras la dolorosa muerte de su beb\u00e9, quien","_links":{"self":[{"href":"https:\/\/www.koncevisiontv.cl\/web\/wp-json\/wp\/v2\/posts\/7180","targetHints":{"allow":["GET"]}}],"collection":[{"href":"https:\/\/www.koncevisiontv.cl\/web\/wp-json\/wp\/v2\/posts"}],"about":[{"href":"https:\/\/www.koncevisiontv.cl\/web\/wp-json\/wp\/v2\/types\/post"}],"author":[{"embeddable":true,"href":"https:\/\/www.koncevisiontv.cl\/web\/wp-json\/wp\/v2\/users\/5"}],"replies":[{"embeddable":true,"href":"https:\/\/www.koncevisiontv.cl\/web\/wp-json\/wp\/v2\/comments?post=7180"}],"version-history":[{"count":1,"href":"https:\/\/www.koncevisiontv.cl\/web\/wp-json\/wp\/v2\/posts\/7180\/revisions"}],"predecessor-version":[{"id":7182,"href":"https:\/\/www.koncevisiontv.cl\/web\/wp-json\/wp\/v2\/posts\/7180\/revisions\/7182"}],"wp:featuredmedia":[{"embeddable":true,"href":"https:\/\/www.koncevisiontv.cl\/web\/wp-json\/wp\/v2\/media\/7181"}],"wp:attachment":[{"href":"https:\/\/www.koncevisiontv.cl\/web\/wp-json\/wp\/v2\/media?parent=7180"}],"wp:term":[{"taxonomy":"category","embeddable":true,"href":"https:\/\/www.koncevisiontv.cl\/web\/wp-json\/wp\/v2\/categories?post=7180"},{"taxonomy":"post_tag","embeddable":true,"href":"https:\/\/www.koncevisiontv.cl\/web\/wp-json\/wp\/v2\/tags?post=7180"}],"curies":[{"name":"wp","href":"https:\/\/api.w.org\/{rel}","templated":true}]}}