{"id":7183,"date":"2025-04-09T14:36:36","date_gmt":"2025-04-09T18:36:36","guid":{"rendered":"https:\/\/www.koncevisiontv.cl\/web\/?p=7183"},"modified":"2025-04-09T14:36:40","modified_gmt":"2025-04-09T18:36:40","slug":"violenta-pelea-entre-conductores-en-valdivia","status":"publish","type":"post","link":"https:\/\/www.koncevisiontv.cl\/web\/violenta-pelea-entre-conductores-en-valdivia\/","title":{"rendered":"Violenta Pelea Entre Conductores en Valdivia Rompe la Tranquilidad del Sur"},"content":{"rendered":"\n<h2 class=\"wp-block-heading\">Introducci\u00f3n<\/h2>\n\n\n\n<p class=\"wp-block-paragraph\">La tranquilidad de Valdivia se vio interrumpida por una&nbsp;<strong>violenta pelea entre conductores en Valdivia<\/strong>, luego de una colisi\u00f3n vehicular. El incidente, captado en video, muestra a los involucrados resolviendo sus diferencias a golpes y patadas, generando conmoci\u00f3n en la comunidad. Este suceso ocurri\u00f3 en Avenida Pedro Montt con Baquedano.<\/p>\n\n\n\n<h2 class=\"wp-block-heading\">Desarrollo del Incidente<\/h2>\n\n\n\n<p class=\"wp-block-paragraph\">Tras el choque, uno de los conductores comenz\u00f3 a tomar fotograf\u00edas de la patente del otro veh\u00edculo, lo que desencaden\u00f3 una acalorada discusi\u00f3n. La situaci\u00f3n escal\u00f3 r\u00e1pidamente y deriv\u00f3 en una&nbsp;<strong>violenta pelea entre conductores en Valdivia<\/strong>, con pu\u00f1etazos y patadas que fueron grabados por testigos. Transe\u00fantes intentaron separar a los involucrados, pero la agresividad era alta.<\/p>\n\n\n\n<h2 class=\"wp-block-heading\">Detalles del Suceso<\/h2>\n\n\n\n<p class=\"wp-block-paragraph\">El incidente ocurri\u00f3 este martes 8 de abril en Avenida Pedro Montt con Baquedano, seg\u00fan inform\u00f3 el medio regional Informa al Minuto. La&nbsp;<strong>violenta pelea entre conductores en Valdivia<\/strong>&nbsp;qued\u00f3 registrada en un video que muestra los autos con signos de impacto y a los involucrados enfrascados en una confrontaci\u00f3n f\u00edsica.<\/p>\n\n\n\n<h2 class=\"wp-block-heading\">Contexto Regional<\/h2>\n\n\n\n<p class=\"wp-block-paragraph\">Este incidente ocurre en una regi\u00f3n con altos \u00edndices de siniestralidad vial. Seg\u00fan datos de la Comisi\u00f3n Nacional de Seguridad de Tr\u00e1nsito (CONASET), en 2024, la regi\u00f3n de Los R\u00edos lidera la tasa de siniestralidad vial en el pa\u00eds, con 14,3 fallecidos por cada 100.000 habitantes. La&nbsp;<strong>violenta pelea entre conductores en Valdivia<\/strong>&nbsp;es un reflejo de la tensi\u00f3n y frustraci\u00f3n que pueden surgir tras un accidente de tr\u00e1nsito.<\/p>\n\n\n\n<h2 class=\"wp-block-heading\">Investigaci\u00f3n y Consecuencias<\/h2>\n\n\n\n<p class=\"wp-block-paragraph\">Hasta el momento, se desconoce si se ha presentado una denuncia a Carabineros por este suceso. Las autoridades podr\u00edan iniciar una investigaci\u00f3n para determinar las responsabilidades y aplicar las sanciones correspondientes. La&nbsp;<strong>violenta pelea entre conductores en Valdivia<\/strong>&nbsp;pone de manifiesto la necesidad de promover la resoluci\u00f3n pac\u00edfica de conflictos y fomentar una cultura de respeto en las v\u00edas p\u00fablicas.<\/p>\n\n\n\n<h2 class=\"wp-block-heading\">Conclusi\u00f3n<\/h2>\n\n\n\n<p class=\"wp-block-paragraph\">La&nbsp;<strong>violenta pelea entre conductores en Valdivia<\/strong>&nbsp;es un preocupante incidente que rompe la tranquilidad del sur de Chile. Este suceso subraya la importancia de mantener la calma y buscar soluciones pac\u00edficas tras un accidente de tr\u00e1nsito, as\u00ed como la necesidad de mejorar la seguridad vial en la regi\u00f3n de Los R\u00edos.<\/p>\n\n\n\n<p class=\"wp-block-paragraph\"><\/p>\n","protected":false},"excerpt":{"rendered":"<p>Introducci\u00f3n La tranquilidad de Valdivia se vio interrumpida por una&nbsp;violenta pelea entre conductores en Valdivia, luego de una<\/p>\n","protected":false},"author":5,"featured_media":7184,"comment_status":"open","ping_status":"open","sticky":false,"template":"","format":"standard","meta":{"_crdt_document":"","_uag_custom_page_level_css":"","_sitemap_exclude":false,"_sitemap_priority":"","_sitemap_frequency":"","_joinchat":[],"footnotes":""},"categories":[14],"tags":[],"class_list":["post-7183","post","type-post","status-publish","format-standard","has-post-thumbnail","hentry","category-nacional"],"featured_image_urls":{"full":["https:\/\/www.koncevisiontv.cl\/web\/wp-content\/uploads\/2025\/04\/BLNQOX36FREH3IE74I3UYS6E3M.avif",1023,682,false],"thumbnail":["https:\/\/www.koncevisiontv.cl\/web\/wp-content\/uploads\/2025\/04\/BLNQOX36FREH3IE74I3UYS6E3M-150x150.avif",150,150,true],"medium":["https:\/\/www.koncevisiontv.cl\/web\/wp-content\/uploads\/2025\/04\/BLNQOX36FREH3IE74I3UYS6E3M-300x200.avif",300,200,true],"medium_large":["https:\/\/www.koncevisiontv.cl\/web\/wp-content\/uploads\/2025\/04\/BLNQOX36FREH3IE74I3UYS6E3M-768x512.avif",640,427,true],"large":["https:\/\/www.koncevisiontv.cl\/web\/wp-content\/uploads\/2025\/04\/BLNQOX36FREH3IE74I3UYS6E3M.avif",640,427,false],"1536x1536":["https:\/\/www.koncevisiontv.cl\/web\/wp-content\/uploads\/2025\/04\/BLNQOX36FREH3IE74I3UYS6E3M.avif",1023,682,false],"2048x2048":["https:\/\/www.koncevisiontv.cl\/web\/wp-content\/uploads\/2025\/04\/BLNQOX36FREH3IE74I3UYS6E3M.avif",1023,682,false],"darknews-featured":["https:\/\/www.koncevisiontv.cl\/web\/wp-content\/uploads\/2025\/04\/BLNQOX36FREH3IE74I3UYS6E3M.avif",1023,682,false],"darknews-large":["https:\/\/www.koncevisiontv.cl\/web\/wp-content\/uploads\/2025\/04\/BLNQOX36FREH3IE74I3UYS6E3M-825x575.avif",825,575,true],"darknews-medium":["https:\/\/www.koncevisiontv.cl\/web\/wp-content\/uploads\/2025\/04\/BLNQOX36FREH3IE74I3UYS6E3M-590x410.avif",590,410,true]},"author_info":{"info":["Web-Master"]},"category_info":"<a href=\"https:\/\/www.koncevisiontv.cl\/web\/category\/nacional\/\" rel=\"category tag\">Nacional<\/a>","tag_info":"Nacional","comment_count":"0","uagb_featured_image_src":{"full":["https:\/\/www.koncevisiontv.cl\/web\/wp-content\/uploads\/2025\/04\/BLNQOX36FREH3IE74I3UYS6E3M.avif",1023,682,false],"thumbnail":["https:\/\/www.koncevisiontv.cl\/web\/wp-content\/uploads\/2025\/04\/BLNQOX36FREH3IE74I3UYS6E3M-150x150.avif",150,150,true],"medium":["https:\/\/www.koncevisiontv.cl\/web\/wp-content\/uploads\/2025\/04\/BLNQOX36FREH3IE74I3UYS6E3M-300x200.avif",300,200,true],"medium_large":["https:\/\/www.koncevisiontv.cl\/web\/wp-content\/uploads\/2025\/04\/BLNQOX36FREH3IE74I3UYS6E3M-768x512.avif",640,427,true],"large":["https:\/\/www.koncevisiontv.cl\/web\/wp-content\/uploads\/2025\/04\/BLNQOX36FREH3IE74I3UYS6E3M.avif",640,427,false],"1536x1536":["https:\/\/www.koncevisiontv.cl\/web\/wp-content\/uploads\/2025\/04\/BLNQOX36FREH3IE74I3UYS6E3M.avif",1023,682,false],"2048x2048":["https:\/\/www.koncevisiontv.cl\/web\/wp-content\/uploads\/2025\/04\/BLNQOX36FREH3IE74I3UYS6E3M.avif",1023,682,false],"darknews-featured":["https:\/\/www.koncevisiontv.cl\/web\/wp-content\/uploads\/2025\/04\/BLNQOX36FREH3IE74I3UYS6E3M.avif",1023,682,false],"darknews-large":["https:\/\/www.koncevisiontv.cl\/web\/wp-content\/uploads\/2025\/04\/BLNQOX36FREH3IE74I3UYS6E3M-825x575.avif",825,575,true],"darknews-medium":["https:\/\/www.koncevisiontv.cl\/web\/wp-content\/uploads\/2025\/04\/BLNQOX36FREH3IE74I3UYS6E3M-590x410.avif",590,410,true]},"uagb_author_info":{"display_name":"Web-Master","author_link":"https:\/\/www.koncevisiontv.cl\/web\/author\/koncevision\/"},"uagb_comment_info":0,"uagb_excerpt":"Introducci\u00f3n La tranquilidad de Valdivia se vio interrumpida por una&nbsp;violenta pelea entre conductores en Valdivia, luego de una","_links":{"self":[{"href":"https:\/\/www.koncevisiontv.cl\/web\/wp-json\/wp\/v2\/posts\/7183","targetHints":{"allow":["GET"]}}],"collection":[{"href":"https:\/\/www.koncevisiontv.cl\/web\/wp-json\/wp\/v2\/posts"}],"about":[{"href":"https:\/\/www.koncevisiontv.cl\/web\/wp-json\/wp\/v2\/types\/post"}],"author":[{"embeddable":true,"href":"https:\/\/www.koncevisiontv.cl\/web\/wp-json\/wp\/v2\/users\/5"}],"replies":[{"embeddable":true,"href":"https:\/\/www.koncevisiontv.cl\/web\/wp-json\/wp\/v2\/comments?post=7183"}],"version-history":[{"count":1,"href":"https:\/\/www.koncevisiontv.cl\/web\/wp-json\/wp\/v2\/posts\/7183\/revisions"}],"predecessor-version":[{"id":7185,"href":"https:\/\/www.koncevisiontv.cl\/web\/wp-json\/wp\/v2\/posts\/7183\/revisions\/7185"}],"wp:featuredmedia":[{"embeddable":true,"href":"https:\/\/www.koncevisiontv.cl\/web\/wp-json\/wp\/v2\/media\/7184"}],"wp:attachment":[{"href":"https:\/\/www.koncevisiontv.cl\/web\/wp-json\/wp\/v2\/media?parent=7183"}],"wp:term":[{"taxonomy":"category","embeddable":true,"href":"https:\/\/www.koncevisiontv.cl\/web\/wp-json\/wp\/v2\/categories?post=7183"},{"taxonomy":"post_tag","embeddable":true,"href":"https:\/\/www.koncevisiontv.cl\/web\/wp-json\/wp\/v2\/tags?post=7183"}],"curies":[{"name":"wp","href":"https:\/\/api.w.org\/{rel}","templated":true}]}}