{"id":7190,"date":"2025-04-09T15:12:41","date_gmt":"2025-04-09T19:12:41","guid":{"rendered":"https:\/\/www.koncevisiontv.cl\/web\/?p=7190"},"modified":"2025-04-09T15:30:58","modified_gmt":"2025-04-09T19:30:58","slug":"horroroso-asesinato-estacion-central","status":"publish","type":"post","link":"https:\/\/www.koncevisiontv.cl\/web\/horroroso-asesinato-estacion-central\/","title":{"rendered":"Video Muestra Horroroso Asesinato de Joven Chileno por Grupo de Venezolanos"},"content":{"rendered":"\n<h2 class=\"wp-block-heading\">Introducci\u00f3n<\/h2>\n\n\n\n<p class=\"wp-block-paragraph\">Un&nbsp;<strong>horroroso asesinato<\/strong>&nbsp;ha conmocionado a la comunidad tras la difusi\u00f3n de un video que muestra a un&nbsp;<strong>grupo de venezolanos asesinando a joven chileno en Estaci\u00f3n Central<\/strong>. El crimen ocurri\u00f3 en plena Alameda, frente a un caf\u00e9, y ha generado indignaci\u00f3n y repudio en todo el pa\u00eds.<\/p>\n\n\n\n<div class=\"wp-block-uagb-advanced-heading uagb-block-eca21a5c\"><h2 class=\"uagb-heading-text\">EL VIDEO <\/h2><\/div>\n\n\n\n<figure class=\"wp-block-video\"><video height=\"720\" style=\"aspect-ratio: 1238 \/ 720;\" width=\"1238\" controls src=\"https:\/\/www.koncevisiontv.cl\/web\/wp-content\/uploads\/2025\/04\/5ymAARV5aUOV4922.mp4\"><\/video><\/figure>\n\n\n\n<h2 class=\"wp-block-heading\">Detalles del Crimen<\/h2>\n\n\n\n<p class=\"wp-block-paragraph\">Seg\u00fan los primeros antecedentes, la v\u00edctima se encontraba con su pareja y otra pareja de amigos cuando se produjo una ri\u00f1a con un grupo de venezolanos. Tras salir del caf\u00e9, los agresores comenzaron a disparar, alcanzando al joven chileno, quien falleci\u00f3 en el lugar. El&nbsp;<strong>horroroso asesinato<\/strong>&nbsp;fue captado en un video que se ha viralizado en redes sociales.<\/p>\n\n\n\n<h2 class=\"wp-block-heading\">Testimonio de la Novia<\/h2>\n\n\n\n<p class=\"wp-block-paragraph\">La novia de la v\u00edctima relat\u00f3 en televisi\u00f3n que fueron atacados sin motivo aparente. &#8220;Nosotros ya hab\u00edamos salido del caf\u00e9, solo fuimos a tomarnos una cerveza&#8221;, explic\u00f3 entre l\u00e1grimas. Adem\u00e1s, revel\u00f3 que uno de los agresores le apunt\u00f3 con una pistola y le dijo: &#8220;Somos del Tren de Aragua, le tenemos mala a los chilenos cul&#8230;&#8221;. Este testimonio refuerza la hip\u00f3tesis de un crimen por&nbsp;<strong>odio<\/strong>.<\/p>\n\n\n\n<h2 class=\"wp-block-heading\">Reacciones<\/h2>\n\n\n\n<p class=\"wp-block-paragraph\">El&nbsp;<strong>horroroso asesinato<\/strong>&nbsp;ha generado una ola de reacciones en redes sociales y en la opini\u00f3n p\u00fablica. Muchos han expresado su indignaci\u00f3n y exigen justicia para la v\u00edctima. El crimen ha reabierto el debate sobre la seguridad en la comuna de Estaci\u00f3n Central y la presencia de bandas criminales en el pa\u00eds.<\/p>\n\n\n\n<h2 class=\"wp-block-heading\">Investigaci\u00f3n<\/h2>\n\n\n\n<p class=\"wp-block-paragraph\">Las autoridades est\u00e1n investigando el caso para identificar y detener a los responsables del&nbsp;<strong>horroroso asesinato<\/strong>. Se espera que las im\u00e1genes del video sean clave para esclarecer los hechos y llevar a los culpables ante la justicia.<\/p>\n\n\n\n<h2 class=\"wp-block-heading\">Conclusi\u00f3n<\/h2>\n\n\n\n<p class=\"wp-block-paragraph\">El&nbsp;<strong>horroroso asesinato<\/strong>&nbsp;de un joven chileno por un grupo de venezolanos en Estaci\u00f3n Central ha conmocionado al pa\u00eds. Este crimen pone de manifiesto la urgencia de reforzar la seguridad y combatir la delincuencia en Chile.<\/p>\n","protected":false},"excerpt":{"rendered":"<p>Introducci\u00f3n Un&nbsp;horroroso asesinato&nbsp;ha conmocionado a la comunidad tras la difusi\u00f3n de un video que muestra a un&nbsp;grupo de<\/p>\n","protected":false},"author":5,"featured_media":7191,"comment_status":"open","ping_status":"open","sticky":false,"template":"","format":"standard","meta":{"_crdt_document":"","_uag_custom_page_level_css":"","_sitemap_exclude":false,"_sitemap_priority":"","_sitemap_frequency":"","_joinchat":[],"footnotes":""},"categories":[14],"tags":[],"class_list":["post-7190","post","type-post","status-publish","format-standard","has-post-thumbnail","hentry","category-nacional"],"featured_image_urls":{"full":["https:\/\/www.koncevisiontv.cl\/web\/wp-content\/uploads\/2025\/04\/Screenshot_20250409_140304.webp",1920,1153,false],"thumbnail":["https:\/\/www.koncevisiontv.cl\/web\/wp-content\/uploads\/2025\/04\/Screenshot_20250409_140304-150x150.webp",150,150,true],"medium":["https:\/\/www.koncevisiontv.cl\/web\/wp-content\/uploads\/2025\/04\/Screenshot_20250409_140304-300x180.webp",300,180,true],"medium_large":["https:\/\/www.koncevisiontv.cl\/web\/wp-content\/uploads\/2025\/04\/Screenshot_20250409_140304-768x461.webp",640,384,true],"large":["https:\/\/www.koncevisiontv.cl\/web\/wp-content\/uploads\/2025\/04\/Screenshot_20250409_140304-1024x615.webp",640,384,true],"1536x1536":["https:\/\/www.koncevisiontv.cl\/web\/wp-content\/uploads\/2025\/04\/Screenshot_20250409_140304-1536x922.webp",1536,922,true],"2048x2048":["https:\/\/www.koncevisiontv.cl\/web\/wp-content\/uploads\/2025\/04\/Screenshot_20250409_140304.webp",1920,1153,false],"darknews-featured":["https:\/\/www.koncevisiontv.cl\/web\/wp-content\/uploads\/2025\/04\/Screenshot_20250409_140304-1024x615.webp",1024,615,true],"darknews-large":["https:\/\/www.koncevisiontv.cl\/web\/wp-content\/uploads\/2025\/04\/Screenshot_20250409_140304-825x575.webp",825,575,true],"darknews-medium":["https:\/\/www.koncevisiontv.cl\/web\/wp-content\/uploads\/2025\/04\/Screenshot_20250409_140304-590x410.webp",590,410,true]},"author_info":{"info":["Web-Master"]},"category_info":"<a href=\"https:\/\/www.koncevisiontv.cl\/web\/category\/nacional\/\" rel=\"category tag\">Nacional<\/a>","tag_info":"Nacional","comment_count":"0","uagb_featured_image_src":{"full":["https:\/\/www.koncevisiontv.cl\/web\/wp-content\/uploads\/2025\/04\/Screenshot_20250409_140304.webp",1920,1153,false],"thumbnail":["https:\/\/www.koncevisiontv.cl\/web\/wp-content\/uploads\/2025\/04\/Screenshot_20250409_140304-150x150.webp",150,150,true],"medium":["https:\/\/www.koncevisiontv.cl\/web\/wp-content\/uploads\/2025\/04\/Screenshot_20250409_140304-300x180.webp",300,180,true],"medium_large":["https:\/\/www.koncevisiontv.cl\/web\/wp-content\/uploads\/2025\/04\/Screenshot_20250409_140304-768x461.webp",640,384,true],"large":["https:\/\/www.koncevisiontv.cl\/web\/wp-content\/uploads\/2025\/04\/Screenshot_20250409_140304-1024x615.webp",640,384,true],"1536x1536":["https:\/\/www.koncevisiontv.cl\/web\/wp-content\/uploads\/2025\/04\/Screenshot_20250409_140304-1536x922.webp",1536,922,true],"2048x2048":["https:\/\/www.koncevisiontv.cl\/web\/wp-content\/uploads\/2025\/04\/Screenshot_20250409_140304.webp",1920,1153,false],"darknews-featured":["https:\/\/www.koncevisiontv.cl\/web\/wp-content\/uploads\/2025\/04\/Screenshot_20250409_140304-1024x615.webp",1024,615,true],"darknews-large":["https:\/\/www.koncevisiontv.cl\/web\/wp-content\/uploads\/2025\/04\/Screenshot_20250409_140304-825x575.webp",825,575,true],"darknews-medium":["https:\/\/www.koncevisiontv.cl\/web\/wp-content\/uploads\/2025\/04\/Screenshot_20250409_140304-590x410.webp",590,410,true]},"uagb_author_info":{"display_name":"Web-Master","author_link":"https:\/\/www.koncevisiontv.cl\/web\/author\/koncevision\/"},"uagb_comment_info":0,"uagb_excerpt":"Introducci\u00f3n Un&nbsp;horroroso asesinato&nbsp;ha conmocionado a la comunidad tras la difusi\u00f3n de un video que muestra a un&nbsp;grupo de","_links":{"self":[{"href":"https:\/\/www.koncevisiontv.cl\/web\/wp-json\/wp\/v2\/posts\/7190","targetHints":{"allow":["GET"]}}],"collection":[{"href":"https:\/\/www.koncevisiontv.cl\/web\/wp-json\/wp\/v2\/posts"}],"about":[{"href":"https:\/\/www.koncevisiontv.cl\/web\/wp-json\/wp\/v2\/types\/post"}],"author":[{"embeddable":true,"href":"https:\/\/www.koncevisiontv.cl\/web\/wp-json\/wp\/v2\/users\/5"}],"replies":[{"embeddable":true,"href":"https:\/\/www.koncevisiontv.cl\/web\/wp-json\/wp\/v2\/comments?post=7190"}],"version-history":[{"count":1,"href":"https:\/\/www.koncevisiontv.cl\/web\/wp-json\/wp\/v2\/posts\/7190\/revisions"}],"predecessor-version":[{"id":7193,"href":"https:\/\/www.koncevisiontv.cl\/web\/wp-json\/wp\/v2\/posts\/7190\/revisions\/7193"}],"wp:featuredmedia":[{"embeddable":true,"href":"https:\/\/www.koncevisiontv.cl\/web\/wp-json\/wp\/v2\/media\/7191"}],"wp:attachment":[{"href":"https:\/\/www.koncevisiontv.cl\/web\/wp-json\/wp\/v2\/media?parent=7190"}],"wp:term":[{"taxonomy":"category","embeddable":true,"href":"https:\/\/www.koncevisiontv.cl\/web\/wp-json\/wp\/v2\/categories?post=7190"},{"taxonomy":"post_tag","embeddable":true,"href":"https:\/\/www.koncevisiontv.cl\/web\/wp-json\/wp\/v2\/tags?post=7190"}],"curies":[{"name":"wp","href":"https:\/\/api.w.org\/{rel}","templated":true}]}}