{"id":7194,"date":"2025-04-09T15:40:09","date_gmt":"2025-04-09T19:40:09","guid":{"rendered":"https:\/\/www.koncevisiontv.cl\/web\/?p=7194"},"modified":"2025-04-09T15:40:12","modified_gmt":"2025-04-09T19:40:12","slug":"pdi-investiga-femicidio-frustrado-trabnajadora-sexual-iquiqu","status":"publish","type":"post","link":"https:\/\/www.koncevisiontv.cl\/web\/pdi-investiga-femicidio-frustrado-trabnajadora-sexual-iquiqu\/","title":{"rendered":"PDI Investiga Femicidio Frustrado en Iquique"},"content":{"rendered":"\n<h2 class=\"wp-block-heading\">Introducci\u00f3n<\/h2>\n\n\n\n<p class=\"wp-block-paragraph\"><strong>PDI investiga femicidio frustrado<\/strong>\u00a0en Iquique, donde un sujeto contact\u00f3 a una trabajadora sexual y termin\u00f3 golpe\u00e1ndola y lanz\u00e1ndola a roquer\u00edos. El agresor tendr\u00eda una alarmante fijaci\u00f3n hacia las trabajadoras sexuales. La\u00a0<strong>PDI investiga femicidio frustrado<\/strong>\u00a0debido a los rasgos psicop\u00e1ticos detectados en el imputado y la preocupante fijaci\u00f3n hacia las trabajadoras sexuales.<\/p>\n\n\n\n<h2 class=\"wp-block-heading\">Detalles del Caso<\/h2>\n\n\n\n<p class=\"wp-block-paragraph\">Seg\u00fan&nbsp;<a target=\"_blank\" rel=\"noreferrer noopener\" href=\"https:\/\/www.lacuarta.com\/chile\/noticia\/contacto-a-trabajadora-sexual-y-termino-golpeandola-y-lanzandola-a-roquerios-agresor-tendria-una-alarmante-fijacion\/\">La Cuarta<\/a>, el sujeto contact\u00f3 por internet a la mujer de nacionalidad extranjera. Pericias habr\u00edan detectado rasgos psicop\u00e1ticos y una preocupante \u201cfijaci\u00f3n\u201d. La&nbsp;<strong>PDI investiga femicidio frustrado<\/strong>&nbsp;tras la detenci\u00f3n de un sujeto de 32 a\u00f1os acusado de atacar brutalmente a una trabajadora sexual en la costanera de Iquique.<\/p>\n\n\n\n<h2 class=\"wp-block-heading\">Hechos<\/h2>\n\n\n\n<p class=\"wp-block-paragraph\">Los hechos se remontan a la noche del pasado mi\u00e9rcoles 2 de abril, cuando el hombre contact\u00f3, a trav\u00e9s de internet, a una trabajadora sexual de nacionalidad colombiana. Tras reunirse, la llev\u00f3 hasta el monumento \u201cEl Marinero Desconocido\u201d, un destino aislado, instalado frente al mar y sobre roquer\u00edos, a unos tres kil\u00f3metros al norte de la ciudad. Para conocer m\u00e1s detalles, puedes visitar&nbsp;<a target=\"_blank\" rel=\"noreferrer noopener\" href=\"https:\/\/www.soiquique.cl\/\">SoyIquique<\/a>.<\/p>\n\n\n\n<h2 class=\"wp-block-heading\">Ataque<\/h2>\n\n\n\n<p class=\"wp-block-paragraph\">En ese lugar la mujer se vio enfrentada a un inesperado y violento actuar del sujeto, en el mismo instante en que bajaron del auto que les llev\u00f3 y quedaron solos. El detenido intent\u00f3 tomar por el cuello a la v\u00edctima, pero ella logr\u00f3 evadirlo, aunque no pudo evitar ser golpeada y lanzada hacia los roquer\u00edos del lugar.<\/p>\n\n\n\n<h2 class=\"wp-block-heading\">Desenlace<\/h2>\n\n\n\n<p class=\"wp-block-paragraph\">La v\u00edctima termin\u00f3 cayendo al agua y, seg\u00fan la Fiscal\u00eda, fingi\u00f3 la muerte para persuadir al agresor. En ese momento, el sujeto huy\u00f3 en direcci\u00f3n desconocida. A pesar de la violencia de la ca\u00edda, la colombiana logr\u00f3 salvar su vida y lleg\u00f3 a pedir auxilio a una empresa cercana.<\/p>\n\n\n\n<h2 class=\"wp-block-heading\">Investigaci\u00f3n y Perfil del Agresor<\/h2>\n\n\n\n<p class=\"wp-block-paragraph\">La Fiscal\u00eda de G\u00e9nero de Tarapac\u00e1 logr\u00f3 interceptar el tel\u00e9fono del denunciado y as\u00ed detect\u00f3 que se hab\u00eda trasladado a la Regi\u00f3n del Maule, donde fue detenido en Talca. Sobre los motivos de la agresi\u00f3n, los peritajes preliminares realizados por los investigadores habr\u00edan detectado rasgos psicop\u00e1ticos en el imputado y una fijaci\u00f3n hacia las trabajadoras sexuales, con el fin de agredirlas.<\/p>\n\n\n\n<h2 class=\"wp-block-heading\">Formalizaci\u00f3n<\/h2>\n\n\n\n<p class=\"wp-block-paragraph\">El hombre fue formalizado por el delito de femicidio frustrado y qued\u00f3 con la medida cautelar de prisi\u00f3n preventiva. La&nbsp;<strong>PDI investiga femicidio frustrado<\/strong>&nbsp;y no descarta que esta mujer no sea la \u00fanica v\u00edctima del mismo sujeto.<\/p>\n\n\n\n<h2 class=\"wp-block-heading\">Conclusi\u00f3n<\/h2>\n\n\n\n<p class=\"wp-block-paragraph\">La&nbsp;<strong>PDI investiga femicidio frustrado<\/strong>&nbsp;en Iquique, un caso que ha generado gran preocupaci\u00f3n debido a la brutalidad del ataque y el perfil psicop\u00e1tico del agresor. Las autoridades contin\u00faan investigando para determinar si existen m\u00e1s v\u00edctimas y llevar al responsable ante la justicia.<\/p>\n","protected":false},"excerpt":{"rendered":"<p>Introducci\u00f3n PDI investiga femicidio frustrado\u00a0en Iquique, donde un sujeto contact\u00f3 a una trabajadora sexual y termin\u00f3 golpe\u00e1ndola y<\/p>\n","protected":false},"author":5,"featured_media":7195,"comment_status":"open","ping_status":"open","sticky":false,"template":"","format":"standard","meta":{"_crdt_document":"","_uag_custom_page_level_css":"","_sitemap_exclude":false,"_sitemap_priority":"","_sitemap_frequency":"","_joinchat":[],"footnotes":""},"categories":[14],"tags":[],"class_list":["post-7194","post","type-post","status-publish","format-standard","has-post-thumbnail","hentry","category-nacional"],"featured_image_urls":{"full":["https:\/\/www.koncevisiontv.cl\/web\/wp-content\/uploads\/2025\/04\/NICALVAWLJDV5PAB6FECTYVWRY.jpg",1023,682,false],"thumbnail":["https:\/\/www.koncevisiontv.cl\/web\/wp-content\/uploads\/2025\/04\/NICALVAWLJDV5PAB6FECTYVWRY-150x150.jpg",150,150,true],"medium":["https:\/\/www.koncevisiontv.cl\/web\/wp-content\/uploads\/2025\/04\/NICALVAWLJDV5PAB6FECTYVWRY-300x200.jpg",300,200,true],"medium_large":["https:\/\/www.koncevisiontv.cl\/web\/wp-content\/uploads\/2025\/04\/NICALVAWLJDV5PAB6FECTYVWRY-768x512.jpg",640,427,true],"large":["https:\/\/www.koncevisiontv.cl\/web\/wp-content\/uploads\/2025\/04\/NICALVAWLJDV5PAB6FECTYVWRY.jpg",640,427,false],"1536x1536":["https:\/\/www.koncevisiontv.cl\/web\/wp-content\/uploads\/2025\/04\/NICALVAWLJDV5PAB6FECTYVWRY.jpg",1023,682,false],"2048x2048":["https:\/\/www.koncevisiontv.cl\/web\/wp-content\/uploads\/2025\/04\/NICALVAWLJDV5PAB6FECTYVWRY.jpg",1023,682,false],"darknews-featured":["https:\/\/www.koncevisiontv.cl\/web\/wp-content\/uploads\/2025\/04\/NICALVAWLJDV5PAB6FECTYVWRY.jpg",1023,682,false],"darknews-large":["https:\/\/www.koncevisiontv.cl\/web\/wp-content\/uploads\/2025\/04\/NICALVAWLJDV5PAB6FECTYVWRY-825x575.jpg",825,575,true],"darknews-medium":["https:\/\/www.koncevisiontv.cl\/web\/wp-content\/uploads\/2025\/04\/NICALVAWLJDV5PAB6FECTYVWRY-590x410.jpg",590,410,true]},"author_info":{"info":["Web-Master"]},"category_info":"<a href=\"https:\/\/www.koncevisiontv.cl\/web\/category\/nacional\/\" rel=\"category tag\">Nacional<\/a>","tag_info":"Nacional","comment_count":"0","uagb_featured_image_src":{"full":["https:\/\/www.koncevisiontv.cl\/web\/wp-content\/uploads\/2025\/04\/NICALVAWLJDV5PAB6FECTYVWRY.jpg",1023,682,false],"thumbnail":["https:\/\/www.koncevisiontv.cl\/web\/wp-content\/uploads\/2025\/04\/NICALVAWLJDV5PAB6FECTYVWRY-150x150.jpg",150,150,true],"medium":["https:\/\/www.koncevisiontv.cl\/web\/wp-content\/uploads\/2025\/04\/NICALVAWLJDV5PAB6FECTYVWRY-300x200.jpg",300,200,true],"medium_large":["https:\/\/www.koncevisiontv.cl\/web\/wp-content\/uploads\/2025\/04\/NICALVAWLJDV5PAB6FECTYVWRY-768x512.jpg",640,427,true],"large":["https:\/\/www.koncevisiontv.cl\/web\/wp-content\/uploads\/2025\/04\/NICALVAWLJDV5PAB6FECTYVWRY.jpg",640,427,false],"1536x1536":["https:\/\/www.koncevisiontv.cl\/web\/wp-content\/uploads\/2025\/04\/NICALVAWLJDV5PAB6FECTYVWRY.jpg",1023,682,false],"2048x2048":["https:\/\/www.koncevisiontv.cl\/web\/wp-content\/uploads\/2025\/04\/NICALVAWLJDV5PAB6FECTYVWRY.jpg",1023,682,false],"darknews-featured":["https:\/\/www.koncevisiontv.cl\/web\/wp-content\/uploads\/2025\/04\/NICALVAWLJDV5PAB6FECTYVWRY.jpg",1023,682,false],"darknews-large":["https:\/\/www.koncevisiontv.cl\/web\/wp-content\/uploads\/2025\/04\/NICALVAWLJDV5PAB6FECTYVWRY-825x575.jpg",825,575,true],"darknews-medium":["https:\/\/www.koncevisiontv.cl\/web\/wp-content\/uploads\/2025\/04\/NICALVAWLJDV5PAB6FECTYVWRY-590x410.jpg",590,410,true]},"uagb_author_info":{"display_name":"Web-Master","author_link":"https:\/\/www.koncevisiontv.cl\/web\/author\/koncevision\/"},"uagb_comment_info":0,"uagb_excerpt":"Introducci\u00f3n PDI investiga femicidio frustrado\u00a0en Iquique, donde un sujeto contact\u00f3 a una trabajadora sexual y termin\u00f3 golpe\u00e1ndola y","_links":{"self":[{"href":"https:\/\/www.koncevisiontv.cl\/web\/wp-json\/wp\/v2\/posts\/7194","targetHints":{"allow":["GET"]}}],"collection":[{"href":"https:\/\/www.koncevisiontv.cl\/web\/wp-json\/wp\/v2\/posts"}],"about":[{"href":"https:\/\/www.koncevisiontv.cl\/web\/wp-json\/wp\/v2\/types\/post"}],"author":[{"embeddable":true,"href":"https:\/\/www.koncevisiontv.cl\/web\/wp-json\/wp\/v2\/users\/5"}],"replies":[{"embeddable":true,"href":"https:\/\/www.koncevisiontv.cl\/web\/wp-json\/wp\/v2\/comments?post=7194"}],"version-history":[{"count":1,"href":"https:\/\/www.koncevisiontv.cl\/web\/wp-json\/wp\/v2\/posts\/7194\/revisions"}],"predecessor-version":[{"id":7196,"href":"https:\/\/www.koncevisiontv.cl\/web\/wp-json\/wp\/v2\/posts\/7194\/revisions\/7196"}],"wp:featuredmedia":[{"embeddable":true,"href":"https:\/\/www.koncevisiontv.cl\/web\/wp-json\/wp\/v2\/media\/7195"}],"wp:attachment":[{"href":"https:\/\/www.koncevisiontv.cl\/web\/wp-json\/wp\/v2\/media?parent=7194"}],"wp:term":[{"taxonomy":"category","embeddable":true,"href":"https:\/\/www.koncevisiontv.cl\/web\/wp-json\/wp\/v2\/categories?post=7194"},{"taxonomy":"post_tag","embeddable":true,"href":"https:\/\/www.koncevisiontv.cl\/web\/wp-json\/wp\/v2\/tags?post=7194"}],"curies":[{"name":"wp","href":"https:\/\/api.w.org\/{rel}","templated":true}]}}