{"id":7197,"date":"2025-04-09T16:00:16","date_gmt":"2025-04-09T20:00:16","guid":{"rendered":"https:\/\/www.koncevisiontv.cl\/web\/?p=7197"},"modified":"2025-04-09T16:00:19","modified_gmt":"2025-04-09T20:00:19","slug":"homicidio-en-estacion-central-victima-no-era-el-blanco","status":"publish","type":"post","link":"https:\/\/www.koncevisiontv.cl\/web\/homicidio-en-estacion-central-victima-no-era-el-blanco\/","title":{"rendered":"Homicidio en Estaci\u00f3n Central: V\u00edctima No Era el Blanco del Ataque"},"content":{"rendered":"\n<h2 class=\"wp-block-heading\">Introducci\u00f3n<\/h2>\n\n\n\n<p class=\"wp-block-paragraph\">Un&nbsp;<strong>homicidio en Estaci\u00f3n Central<\/strong>&nbsp;ha conmocionado a la comunidad tras el asesinato de un joven chileno de 21 a\u00f1os, quien recibi\u00f3 un disparo en la cabeza en plena Alameda. El crimen ocurri\u00f3 tras una pelea fuera de un caf\u00e9 con piernas, donde la v\u00edctima estaba con su pareja y otra pareja de amigos<a target=\"_blank\" rel=\"noreferrer noopener\" href=\"https:\/\/www.emol.com\/noticias\/Nacional\/2025\/04\/09\/1163052\/detalles-homicidio-estacion-central-cabeza.html\">8<\/a><a target=\"_blank\" rel=\"noreferrer noopener\" href=\"https:\/\/www.24horas.cl\/actualidad\/nacional\/el-video-clave-del-asesinato-de-un-joven-en-plena-alameda\">10<\/a>.<\/p>\n\n\n\n<h2 class=\"wp-block-heading\">Detalles del Incidente<\/h2>\n\n\n\n<p class=\"wp-block-paragraph\">La v\u00edctima no era el objetivo principal del ataque. Seg\u00fan el fiscal Felipe Olivari, todo comenz\u00f3 con una pelea al exterior del local nocturno, donde un grupo de personas realiz\u00f3 varios disparos, y una de las balas impact\u00f3 en la cabeza del joven<a target=\"_blank\" rel=\"noreferrer noopener\" href=\"https:\/\/www.emol.com\/noticias\/Nacional\/2025\/04\/09\/1163052\/detalles-homicidio-estacion-central-cabeza.html\">8<\/a>.&nbsp;La pelea se origin\u00f3 debido a rencillas entre el administrador del caf\u00e9 y un colombiano que estaba en el lugar<a target=\"_blank\" rel=\"noreferrer noopener\" href=\"https:\/\/www.emol.com\/noticias\/Nacional\/2025\/04\/09\/1163052\/detalles-homicidio-estacion-central-cabeza.html\">8<\/a>.<\/p>\n\n\n\n<h2 class=\"wp-block-heading\">Hechos Precedentes<\/h2>\n\n\n\n<p class=\"wp-block-paragraph\">El colombiano hab\u00eda tenido problemas con el administrador del local, quien llam\u00f3 a tres venezolanos para que los sacaran. Estos venezolanos se enfrentaron al colombiano y su pareja, lo que desencaden\u00f3 la trifulca<a target=\"_blank\" rel=\"noreferrer noopener\" href=\"https:\/\/www.emol.com\/noticias\/Nacional\/2025\/04\/09\/1163052\/detalles-homicidio-estacion-central-cabeza.html\">8<\/a>.&nbsp;La pareja de la v\u00edctima relat\u00f3 que los agresores les apuntaron con una pistola y les dijeron que eran del &#8220;Tren de Aragua&#8221; y que les ten\u00edan mala a los chilenos<a target=\"_blank\" rel=\"noreferrer noopener\" href=\"https:\/\/www.emol.com\/noticias\/Nacional\/2025\/04\/09\/1163052\/detalles-homicidio-estacion-central-cabeza.html\">8<\/a>.<\/p>\n\n\n\n<h2 class=\"wp-block-heading\">Investigaci\u00f3n en Curso<\/h2>\n\n\n\n<p class=\"wp-block-paragraph\">La Fiscal\u00eda Metropolitana Centro Norte est\u00e1 investigando el caso y busca identificar a los responsables de los disparos. Los autores est\u00e1n siendo buscados por Carabineros<a target=\"_blank\" rel=\"noreferrer noopener\" href=\"https:\/\/www.emol.com\/noticias\/Nacional\/2025\/04\/09\/1163052\/detalles-homicidio-estacion-central-cabeza.html\">8<\/a>.&nbsp;Para m\u00e1s detalles sobre la investigaci\u00f3n, puedes visitar&nbsp;<a target=\"_blank\" rel=\"noreferrer noopener\" href=\"https:\/\/cooperativa.cl\/\">Cooperativa<\/a>.<\/p>\n\n\n\n<h2 class=\"wp-block-heading\">Reacciones<\/h2>\n\n\n\n<p class=\"wp-block-paragraph\">El&nbsp;<strong>homicidio en Estaci\u00f3n Central<\/strong>&nbsp;ha generado conmoci\u00f3n y preocupaci\u00f3n en la comunidad. Las autoridades han llamado a la calma y aseguran que se est\u00e1n tomando todas las medidas necesarias para garantizar la seguridad en la comuna.<\/p>\n\n\n\n<h2 class=\"wp-block-heading\">Conclusi\u00f3n<\/h2>\n\n\n\n<p class=\"wp-block-paragraph\">El&nbsp;<strong>homicidio en Estaci\u00f3n Central<\/strong>&nbsp;es un caso grave que ha conmocionado a la comunidad. La investigaci\u00f3n contin\u00faa para esclarecer los hechos y dar con los responsables. La v\u00edctima no era el objetivo principal del ataque, lo que ha generado m\u00e1s interrogantes sobre los motivos detr\u00e1s del crimen.<\/p>\n","protected":false},"excerpt":{"rendered":"<p>Introducci\u00f3n Un&nbsp;homicidio en Estaci\u00f3n Central&nbsp;ha conmocionado a la comunidad tras el asesinato de un joven chileno de 21<\/p>\n","protected":false},"author":5,"featured_media":7198,"comment_status":"open","ping_status":"open","sticky":false,"template":"","format":"standard","meta":{"_crdt_document":"","_uag_custom_page_level_css":"","_sitemap_exclude":false,"_sitemap_priority":"","_sitemap_frequency":"","_joinchat":[],"footnotes":""},"categories":[14],"tags":[],"class_list":["post-7197","post","type-post","status-publish","format-standard","has-post-thumbnail","hentry","category-nacional"],"featured_image_urls":{"full":["https:\/\/www.koncevisiontv.cl\/web\/wp-content\/uploads\/2025\/04\/file_20250409150900.jpg",710,399,false],"thumbnail":["https:\/\/www.koncevisiontv.cl\/web\/wp-content\/uploads\/2025\/04\/file_20250409150900-150x150.jpg",150,150,true],"medium":["https:\/\/www.koncevisiontv.cl\/web\/wp-content\/uploads\/2025\/04\/file_20250409150900-300x169.jpg",300,169,true],"medium_large":["https:\/\/www.koncevisiontv.cl\/web\/wp-content\/uploads\/2025\/04\/file_20250409150900.jpg",640,360,false],"large":["https:\/\/www.koncevisiontv.cl\/web\/wp-content\/uploads\/2025\/04\/file_20250409150900.jpg",640,360,false],"1536x1536":["https:\/\/www.koncevisiontv.cl\/web\/wp-content\/uploads\/2025\/04\/file_20250409150900.jpg",710,399,false],"2048x2048":["https:\/\/www.koncevisiontv.cl\/web\/wp-content\/uploads\/2025\/04\/file_20250409150900.jpg",710,399,false],"darknews-featured":["https:\/\/www.koncevisiontv.cl\/web\/wp-content\/uploads\/2025\/04\/file_20250409150900.jpg",710,399,false],"darknews-large":["https:\/\/www.koncevisiontv.cl\/web\/wp-content\/uploads\/2025\/04\/file_20250409150900.jpg",710,399,false],"darknews-medium":["https:\/\/www.koncevisiontv.cl\/web\/wp-content\/uploads\/2025\/04\/file_20250409150900-590x399.jpg",590,399,true]},"author_info":{"info":["Web-Master"]},"category_info":"<a href=\"https:\/\/www.koncevisiontv.cl\/web\/category\/nacional\/\" rel=\"category tag\">Nacional<\/a>","tag_info":"Nacional","comment_count":"0","uagb_featured_image_src":{"full":["https:\/\/www.koncevisiontv.cl\/web\/wp-content\/uploads\/2025\/04\/file_20250409150900.jpg",710,399,false],"thumbnail":["https:\/\/www.koncevisiontv.cl\/web\/wp-content\/uploads\/2025\/04\/file_20250409150900-150x150.jpg",150,150,true],"medium":["https:\/\/www.koncevisiontv.cl\/web\/wp-content\/uploads\/2025\/04\/file_20250409150900-300x169.jpg",300,169,true],"medium_large":["https:\/\/www.koncevisiontv.cl\/web\/wp-content\/uploads\/2025\/04\/file_20250409150900.jpg",640,360,false],"large":["https:\/\/www.koncevisiontv.cl\/web\/wp-content\/uploads\/2025\/04\/file_20250409150900.jpg",640,360,false],"1536x1536":["https:\/\/www.koncevisiontv.cl\/web\/wp-content\/uploads\/2025\/04\/file_20250409150900.jpg",710,399,false],"2048x2048":["https:\/\/www.koncevisiontv.cl\/web\/wp-content\/uploads\/2025\/04\/file_20250409150900.jpg",710,399,false],"darknews-featured":["https:\/\/www.koncevisiontv.cl\/web\/wp-content\/uploads\/2025\/04\/file_20250409150900.jpg",710,399,false],"darknews-large":["https:\/\/www.koncevisiontv.cl\/web\/wp-content\/uploads\/2025\/04\/file_20250409150900.jpg",710,399,false],"darknews-medium":["https:\/\/www.koncevisiontv.cl\/web\/wp-content\/uploads\/2025\/04\/file_20250409150900-590x399.jpg",590,399,true]},"uagb_author_info":{"display_name":"Web-Master","author_link":"https:\/\/www.koncevisiontv.cl\/web\/author\/koncevision\/"},"uagb_comment_info":0,"uagb_excerpt":"Introducci\u00f3n Un&nbsp;homicidio en Estaci\u00f3n Central&nbsp;ha conmocionado a la comunidad tras el asesinato de un joven chileno de 21","_links":{"self":[{"href":"https:\/\/www.koncevisiontv.cl\/web\/wp-json\/wp\/v2\/posts\/7197","targetHints":{"allow":["GET"]}}],"collection":[{"href":"https:\/\/www.koncevisiontv.cl\/web\/wp-json\/wp\/v2\/posts"}],"about":[{"href":"https:\/\/www.koncevisiontv.cl\/web\/wp-json\/wp\/v2\/types\/post"}],"author":[{"embeddable":true,"href":"https:\/\/www.koncevisiontv.cl\/web\/wp-json\/wp\/v2\/users\/5"}],"replies":[{"embeddable":true,"href":"https:\/\/www.koncevisiontv.cl\/web\/wp-json\/wp\/v2\/comments?post=7197"}],"version-history":[{"count":1,"href":"https:\/\/www.koncevisiontv.cl\/web\/wp-json\/wp\/v2\/posts\/7197\/revisions"}],"predecessor-version":[{"id":7199,"href":"https:\/\/www.koncevisiontv.cl\/web\/wp-json\/wp\/v2\/posts\/7197\/revisions\/7199"}],"wp:featuredmedia":[{"embeddable":true,"href":"https:\/\/www.koncevisiontv.cl\/web\/wp-json\/wp\/v2\/media\/7198"}],"wp:attachment":[{"href":"https:\/\/www.koncevisiontv.cl\/web\/wp-json\/wp\/v2\/media?parent=7197"}],"wp:term":[{"taxonomy":"category","embeddable":true,"href":"https:\/\/www.koncevisiontv.cl\/web\/wp-json\/wp\/v2\/categories?post=7197"},{"taxonomy":"post_tag","embeddable":true,"href":"https:\/\/www.koncevisiontv.cl\/web\/wp-json\/wp\/v2\/tags?post=7197"}],"curies":[{"name":"wp","href":"https:\/\/api.w.org\/{rel}","templated":true}]}}